{"id":40233,"date":"2021-09-23T14:19:41","date_gmt":"2021-09-23T20:19:41","guid":{"rendered":"https:\/\/redsemlac.com\/semmexico\/?p=40233"},"modified":"2023-07-21T17:06:52","modified_gmt":"2023-07-21T22:06:52","slug":"gire-se-suma-a-la-scjn-para-que-el-congreso-regule-nuevamente-sobre-la-objecion-de-conciencia-que-asegure-los-derechos-de-todas-las-personas","status":"publish","type":"post","link":"https:\/\/redsemlac.com\/semmexico\/gire-se-suma-a-la-scjn-para-que-el-congreso-regule-nuevamente-sobre-la-objecion-de-conciencia-que-asegure-los-derechos-de-todas-las-personas\/","title":{"rendered":"GIRE se suma a la SCJN para que el Congreso regule nuevamente sobre la objeci\u00f3n de conciencia que asegure los derechos de todas las personas"},"content":{"rendered":"\n<p class=\"wp-block-paragraph\"><strong>Elda Montiel<\/strong><\/p>\n\n\n\n<p class=\"wp-block-paragraph\">SemM\u00e9xico, Cd. de M\u00e9xico, 23 de septiembre 2021.- La Corte reconoci\u00f3 la objeci\u00f3n de conciencia como un derecho del personal m\u00e9dico y de enfermer\u00eda que no podr\u00e1 invocarse cuando ponga en riesgo la vida de las personas o cuando se trate de una urgencia m\u00e9dica, pero debido a su deficiente regulaci\u00f3n provoca que se vulneren derechos como la certeza jur\u00eddica y el derecho a la salud, por lo que declar\u00f3 la invalidez del art\u00edculo 10 Bis de la Ley General de Salud.<\/p>\n\n\n\n<p class=\"wp-block-paragraph\">En un comunicado GIRE se suma y enfatizo que la objeci\u00f3n de conciencia no debe impedir a las mujeres y personas con capacidad de gestar el ejercicio de sus derechos reproductivos, por lo que las y los ministros exhortaron al Congreso a legislar conforme a los lineamientos indicados en la sentencia y orden\u00f3 notificar al Congreso y al Ejecutivo a trav\u00e9s de la Secretar\u00eda de Salud y las legislaturas locales.<\/p>\n\n\n\n<p class=\"wp-block-paragraph\">GIRE reconoce la profunda reflexi\u00f3n de la Corte y exhorta a al poder legislativo para que, en un marco de derechos humanos y perspectiva de g\u00e9nero e interseccionalidad regule nuevamente la objeci\u00f3n de conciencia, asegurando los derechos de todas las personas.<\/p>\n\n\n\n<p class=\"wp-block-paragraph\">El proyecto discutido por las y los ministros los d\u00edas 13, 20 y 21 de septiembre se\u00f1ala que los derechos de las mujeres y otras personas con capacidad de gestar, reconocidos en la Constituci\u00f3n y en las leyes sanitarias del pa\u00eds, se encuentran protegidos, de manera que el Estado tiene la obligaci\u00f3n de garantizarlos en tiempo, calidad y sin discriminaci\u00f3n.<\/p>\n\n\n\n<p class=\"wp-block-paragraph\">Esta obligaci\u00f3n tiene un alcance tan amplio que, en caso de no contar con los recursos materiales para realizar un procedimiento sanitario, obliga al Estado a trasladar a las personas a un hospital en el que s\u00ed se realice, quedando bajo su responsabilidad garantizar que se protejan los derechos de las personas hasta que concluya dicho procedimiento.<\/p>\n\n\n\n<p class=\"wp-block-paragraph\">Cabe recordar que la Objeci\u00f3n de Conciencia es una excepci\u00f3n para el personal de salud de su obligaci\u00f3n de prestar servicios de salud espec\u00edficos o abstenerse de participar en procedimiento m\u00e9dicos por considerarlos contrarios a sus creencias personales, ya sea por valores \u00e9ticos, morales o religiosos.<\/p>\n\n\n\n<p class=\"wp-block-paragraph\">El 11 de mayo del 2018 se public\u00f3 una reforma al art\u00edculo 10 Bis de la Ley General de Salud y sus transitorios para que el personal m\u00e9dico y de salud pueda ejercer la objetico<\/p>\n\n\n\n<p class=\"wp-block-paragraph\">de conciencia, salvo cuando se ponga en riesgo la vida del paciente o se trate de una urgencia m\u00e9dica.<\/p>\n","protected":false},"excerpt":{"rendered":"<p> La Corte reconoci\u00f3 la objeci\u00f3n de conciencia como un derecho del personal m\u00e9dico y de enfermer\u00eda que no podr\u00e1 invocarse cuando ponga en riesgo la vida de las personas<\/p>\n","protected":false},"author":3,"featured_media":40230,"comment_status":"open","ping_status":"open","sticky":false,"template":"","format":"standard","meta":{"_monsterinsights_skip_tracking":false,"footnotes":""},"categories":[692,54],"tags":[149],"class_list":["post-40233","post","type-post","status-publish","format-standard","has-post-thumbnail","category-692","category-mujeres","tag-mujeres"],"_links":{"self":[{"href":"https:\/\/redsemlac.com\/semmexico\/wp-json\/wp\/v2\/posts\/40233","targetHints":{"allow":["GET"]}}],"collection":[{"href":"https:\/\/redsemlac.com\/semmexico\/wp-json\/wp\/v2\/posts"}],"about":[{"href":"https:\/\/redsemlac.com\/semmexico\/wp-json\/wp\/v2\/types\/post"}],"author":[{"embeddable":true,"href":"https:\/\/redsemlac.com\/semmexico\/wp-json\/wp\/v2\/users\/3"}],"replies":[{"embeddable":true,"href":"https:\/\/redsemlac.com\/semmexico\/wp-json\/wp\/v2\/comments?post=40233"}],"version-history":[{"count":0,"href":"https:\/\/redsemlac.com\/semmexico\/wp-json\/wp\/v2\/posts\/40233\/revisions"}],"wp:featuredmedia":[{"embeddable":true,"href":"https:\/\/redsemlac.com\/semmexico\/wp-json\/wp\/v2\/media\/40230"}],"wp:attachment":[{"href":"https:\/\/redsemlac.com\/semmexico\/wp-json\/wp\/v2\/media?parent=40233"}],"wp:term":[{"taxonomy":"category","embeddable":true,"href":"https:\/\/redsemlac.com\/semmexico\/wp-json\/wp\/v2\/categories?post=40233"},{"taxonomy":"post_tag","embeddable":true,"href":"https:\/\/redsemlac.com\/semmexico\/wp-json\/wp\/v2\/tags?post=40233"}],"curies":[{"name":"wp","href":"https:\/\/api.w.org\/{rel}","templated":true}]}}