{"id":40229,"date":"2021-09-23T14:18:11","date_gmt":"2021-09-23T20:18:11","guid":{"rendered":"https:\/\/redsemlac.com\/semmexico\/?p=40229"},"modified":"2023-07-21T17:06:52","modified_gmt":"2023-07-21T22:06:52","slug":"la-maternidad-subrogada-es-un-negocio-que-cosifica-a-mujeres-ninas-y-ninos","status":"publish","type":"post","link":"https:\/\/redsemlac.com\/semmexico\/la-maternidad-subrogada-es-un-negocio-que-cosifica-a-mujeres-ninas-y-ninos\/","title":{"rendered":"La maternidad subrogada es un negocio que cosifica a mujeres, ni\u00f1as y ni\u00f1os"},"content":{"rendered":"\n<ul class=\"wp-block-list\"><li><strong>Los vientres de alquiler son trata de seres humanos, afirma Tita Barahona<\/strong><\/li><li><strong>Presencia de empresa ukraniana en M\u00e9xico, Teresa Ulloa<\/strong><\/li><\/ul>\n\n\n\n<p class=\"wp-block-paragraph\"><strong>Elda Montiel<\/strong><\/p>\n\n\n\n<p class=\"wp-block-paragraph\">SemM\u00e9xico, Cd de M\u00e9xico, 23 de septiembre 2021.- La maternidad subrogada o alquiler de vientres que en algunos pa\u00edses como Ucrania se han convertido en una transacci\u00f3n comercial que no reconoce el gobierno como legal pero se pr\u00e1ctica con empresas de subrogaci\u00f3n ampliamente conocidas, fue totalmente rechazada por la feminista y docente Berta O. Garc\u00eda que sostiene que se vulneran los derechos humanos de las mujeres al reducirlas como un contenedor como madres al llamarlas gestantes y de los hijos que no son hijos porque pierden su identidad.<\/p>\n\n\n\n<p class=\"wp-block-paragraph\">Durante la transmisi\u00f3n por youtube la Maestra Teresa C. Ulloa Zi\u00e1urriz Directora de la Coalici\u00f3n Regional contra el Tr\u00e1fico de Mujeres y Ni\u00f1as en Am\u00e9rica Latina y el Caribe (CATWLAC) se\u00f1alo que en la explotaci\u00f3n sexual y reproductiva se hacen presentes los m\u00e1s evidentes intereses clasistas, racistas, entre quienes tienen recursos y las mujeres en mayor grado de exclusi\u00f3n social, sin importar cu\u00e1l es la suerte que corren las y los bebes nacidos en esta pr\u00e1ctica.<\/p>\n\n\n\n<p class=\"wp-block-paragraph\">Abundo que nadie puede garantizar si fueron llevados a hogares amorosos o se encuentran e prostituci\u00f3n o pornograf\u00eda infantil, o incluso en tr\u00e1fico de \u00f3rganos.<\/p>\n\n\n\n<p class=\"wp-block-paragraph\">\u200bDijo que lo mismo sucede con la mal llamada donaci\u00f3n comercial de \u00f3vulos. Es un fen\u00f3meno tremendo que avanza aceleradamente en Am\u00e9rica Latina, Brasil, Uruguay, Argentina, Ecuador, Colombia, M\u00e9xico, etc.<\/p>\n\n\n\n<p class=\"wp-block-paragraph\">\u200bEn el caso de M\u00e9xico se est\u00e1 ofreciendo por una agencia ukraniana Subrrogaci\u00f3n Transfronteriza, para los que no puede pagar los costos de California que es la m\u00e1s permisible del mundo y la m\u00e1s cara.<\/p>\n\n\n\n<p class=\"wp-block-paragraph\">\u200bLo que reduce a las mujeres mexicanas al premio de consolaci\u00f3n para quienes no tienen los recursos econ\u00f3micos para contratar en California. Lo que ofrecen es darle visa a la madre despu\u00e9s del sexto mes<\/p>\n\n\n\n<p class=\"wp-block-paragraph\">\u200bPara que el beb\u00e9 nazca con la nacionalidad norteamericana, y adem\u00e1s con una Corte liberal que se siente progre, y que ha resuelto que los Estados deben legislar los vientres de alquiler.<\/p>\n\n\n\n<p class=\"wp-block-paragraph\">Mientras que Berta Garcia, integrante de la <strong>Coalici\u00f3n Internacional de organizaciones feministas (Ciams)<\/strong>en la sesi\u00f3n de \u201cTEcs Tertulias en Cuarentena\u201d de la Red de Intelectuales y Artistas en Defensa de la Humanidad que se realiza virtualmente se pronunci\u00f3 por la abolici\u00f3n global de esta pr\u00e1ctica contraria a los m\u00e1s elementales derechos humanos. &nbsp;<\/p>\n\n\n\n<p class=\"wp-block-paragraph\">Con el tema \u201cMaternidad subrogada. La nueva industria de explotaci\u00f3n reproductiva\u201d que se transmiti\u00f3 por youtube el 19 de septiembre, &nbsp;Berta O. Garc\u00eda preciso que se vulnera el derecho a la reagrupaci\u00f3n familiar ya que esas madres y bebes que nacen de esta pr\u00e1ctica no podr\u00e1n reunirse y espera que cuando esos bebes crezcan van a hacer m\u00e1s conscientes de la usurpaci\u00f3n de sus derechos y terminar\u00e1 finalmente con la abolici\u00f3n de esta pr\u00e1ctica.<\/p>\n\n\n\n<p class=\"wp-block-paragraph\">Tambi\u00e9n dijo que ya existen agrupaciones de personas nacidas de esta donaci\u00f3n de gametos y subrogaci\u00f3n de vientre por lo que promueve el proyecto de la \u201cConvenci\u00f3n Internacional Abolicionista\u201d para que esta pr\u00e1ctica inhumana y cruel quede ahogada en la historia como un mal recuerdo del pasado, como ocurri\u00f3 en su d\u00eda con la esclavitud.<\/p>\n\n\n\n<p class=\"wp-block-paragraph\">Se\u00f1ala que se cosifica a la madre y al hijo, se mercantiliza al bebe ya que lo quieren bueno, bonito y barato, es decir se le estereotipa, y se le despoja de sus derechos humanos al nacer por contrato, lo que en algunos pa\u00edses llaman compensaci\u00f3n.<\/p>\n\n\n\n<p class=\"wp-block-paragraph\">La activista feminista Berta Garc\u00eda, copresidenta de la Coalici\u00f3n Internacional para la Abolici\u00f3n de la Gestaci\u00f3n por Sustituci\u00f3n, se refiri\u00f3 al \u201cPrimer Manifiesto Latinoamericano\u201d publicado en el 2020 en el que se insiste en los derechos de las personas nacidas en esta pr\u00e1ctica que son objeto de un cumulo de violaciones y usurpaciones de derechos, ya que nacen sin ellos y por lo tanto es dif\u00edcil que los recuperen.<\/p>\n\n\n\n<p class=\"wp-block-paragraph\">Entre los derechos de los que se priva al bebe es el de filiaci\u00f3n no podr\u00e1n reunirse con su madre y hermanas o hermanos; la lactancia materna que incluso los animales tienen, el derecho a su identidad y a conocer sus or\u00edgenes.<\/p>\n\n\n\n<p class=\"wp-block-paragraph\">Tambi\u00e9n dijo que en estos casos prevalece el concepto de padre biol\u00f3gico y a la mujer se le sustituye como individuo por una funci\u00f3n biol\u00f3gica que convierte un cigoto en un bebe.<\/p>\n\n\n\n<p class=\"wp-block-paragraph\">Abundo que el alquiler de vientre es paranormal ya que no est\u00e1 comprobado que sea una t\u00e9cnica que revierta la infertilidad. &nbsp;<\/p>\n\n\n\n<h2 class=\"wp-block-heading\"><strong>6 mil millones de d\u00f3lares deja el vientre de alquiler a las empresas no a las gestantes<\/strong><\/h2>\n\n\n\n<p class=\"wp-block-paragraph\">Por su parte, Tita Barahona historiadora espa\u00f1ola y marxista se refiri\u00f3 a la maternidad subrogada como un concepto de propiedad privada y que cuando estos ni\u00f1os nacen con alguna discapacidad o por cualquier otra situaci\u00f3n como la separaci\u00f3n de las parejas estos ni\u00f1os son desechados, renuncian a recoger a las criaturas, y pueden ser objeto de m\u00faltiples abusos.<\/p>\n\n\n\n<p class=\"wp-block-paragraph\">Cuestiono que este es un tema de propiedad individualista de personas con alto valor adquisitivo como las \u201ccelebritis\u201d que no quieren pasar por el proceso de gestaci\u00f3n y refuerzan la idea mis\u00f3gina y reaccionaria de las madres gestantes como un contenedor.<\/p>\n\n\n\n<p class=\"wp-block-paragraph\">Dijo que esta pr\u00e1ctica deja a nivel mundial 6 mil millones de d\u00f3lares de los cuales a las gestantes les toca una m\u00ednima parte que les manejan como \u201ccompensaci\u00f3n\u201d.<\/p>\n\n\n\n<p class=\"wp-block-paragraph\">Comparo esta pr\u00e1ctica surgida en la d\u00e9cada de los 70s y 80s como las t\u00e9cnicas de \u00f3vulos in vitro con el comercio de \u00f3rganos y que actualmente se realizan en unos 20 pa\u00edses como en Grecia donde se incentiv\u00f3 el turismo reproductivo, y en el Reino Unido se le dio un sentido altruista.<\/p>\n\n\n\n<p class=\"wp-block-paragraph\">Critico que en Espa\u00f1a se maneje como un tema para mujeres inf\u00e9rtiles y el argumento recurrente de la consabida elecci\u00f3n de que \u201cla mujer es libre de hacer con su cuerpo lo que quiera\u201d.<\/p>\n\n\n\n<p class=\"wp-block-paragraph\">Tambi\u00e9n refiri\u00f3 que se ejerce violencia obst\u00e9trica si el feto presenta anomal\u00edas o en caso de empresas en quiebra o porque las contratantes abandonan a la madre a su suerte en soledad, ya que son el \u00faltimo eslab\u00f3n en esta l\u00ednea fina de la trata de seres humanos. En Ucrania dijo existe una subrogaci\u00f3n muy laxa y en pa\u00edses como Malasia existe mercado de bebes.<\/p>\n\n\n\n<p class=\"wp-block-paragraph\">En los grupos de Facebook ponen cat\u00e1logos de mujeres embarazadas gracias a la red de agentes, funcionarios corruptos, y los compradores no son sometidos a supervisi\u00f3n no son sometidos a estrictos requisitos como se hace en la adopci\u00f3n legal. Aqu\u00ed el \u00fanico requisito es tener dinero, abre la puerta a la eugenesia.<\/p>\n\n\n\n<p class=\"wp-block-paragraph\">En el aspecto ideol\u00f3gico el negocio de la subrogaci\u00f3n reproduce las mujeres son solo un contenedor, una vasija, las portadoras de la gestaci\u00f3n. La gestante aporta material gen\u00e9tico.&nbsp;<\/p>\n\n\n\n<p class=\"wp-block-paragraph\">Laura Taffetani la abogada argentina defensora de los derechos de las ni\u00f1as y ni\u00f1os se refiri\u00f3 al impacto tremendo de esta pr\u00e1ctica de vientre de alquiler muy cruel para la madre y para la ni\u00f1a o el ni\u00f1o que viene. Lamento como la sociedad puede ir hacia la crueldad y descarto que esta sea una t\u00e9cnica para la infertilidad.&nbsp;<\/p>\n\n\n\n<p class=\"wp-block-paragraph\">Mientras que el moderador, el activista espa\u00f1ol TXema Sanchez ley\u00f3 <strong>\u201cLas 25 razones&nbsp;que ponen en evidencia como esa pr\u00e1ctica&nbsp;contradice los principios m\u00e1s fundamentales del feminismo\u201d&nbsp;<\/strong>y de la \u00e9tica feminista, y no toma en cuenta la salud y el bienestar de las mujeres, que las<strong> \u201cFeministas Mexicanas contra Vientres de Alquiler\u201d urgieron al Congreso y al Senado de la Rep\u00fablica a prohibir la llamada \u201cmaternidad subrogada\u201d&nbsp;<\/strong>en diciembre del 2018.<\/p>\n\n\n\n<p class=\"wp-block-paragraph\">En el que se se\u00f1alaba que esta pr\u00e1ctica \u201cse permite en los estados de Tabasco y Sinaloa\u201d y que hab\u00eda varias iniciativas que pretend\u00edan regularla, por lo que se opon\u00edan a una pr\u00e1ctica que atenta contra la dignidad humana de las mujeres.<\/p>\n\n\n\n<p class=\"wp-block-paragraph\">Entre las 25 razones destacan que: 1.- Es una clara manifestaci\u00f3n de control sexual de las mujeres. 2.- Mercantilizar el cuerpo de las mujeres es una forma m\u00e1s de violencia contra ellas. 3.- Usarlo \u00fateros como objeto de comercio refuerza el estereotipo de las mujeres como f\u00e1bricas de ni\u00f1os.&nbsp;<\/p>\n\n\n\n<p class=\"wp-block-paragraph\">5.- Gestar y parir no es un derecho ni ejercicio de elecci\u00f3n de las mujeres. 6.- El mercado de vientres de alquiler solo es posible en un contexto de feminizaci\u00f3n de la pobreza. 7.- A las mujeres contratadas como gestantes se les explota. 13.- Seg\u00fan los art\u00edculos 7 y 8 de la Convenci\u00f3n de los Derechos del Ni\u00f1o, las y los menores tienen derecho a conocer su origen e identidad.<\/p>\n\n\n\n<p class=\"wp-block-paragraph\">Por otra parte, el \u201cManifiesto para la abolici\u00f3n universal de la gestaci\u00f3n por sustituci\u00f3n\u201d rechaza la mercantilizaci\u00f3n del cuerpo de las mujeres y de los ni\u00f1os y las ni\u00f1as y hace un llamado a nivel internacional para abolir esta pr\u00e1ctica, y en particular a Espa\u00f1a y los pa\u00edses europeos les piden respeten las convenciones internacionales de protecci\u00f3n de los derechos humanos y de los ni\u00f1os y las ni\u00f1as, de los cuales son firmantes.<\/p>\n","protected":false},"excerpt":{"rendered":"<p>Los vientres de alquiler son trata de seres humanos, afirma Tita Barahona<\/p>\n","protected":false},"author":3,"featured_media":40231,"comment_status":"open","ping_status":"open","sticky":false,"template":"","format":"standard","meta":{"_monsterinsights_skip_tracking":false,"footnotes":""},"categories":[692,54],"tags":[149],"class_list":["post-40229","post","type-post","status-publish","format-standard","has-post-thumbnail","category-692","category-mujeres","tag-mujeres"],"_links":{"self":[{"href":"https:\/\/redsemlac.com\/semmexico\/wp-json\/wp\/v2\/posts\/40229","targetHints":{"allow":["GET"]}}],"collection":[{"href":"https:\/\/redsemlac.com\/semmexico\/wp-json\/wp\/v2\/posts"}],"about":[{"href":"https:\/\/redsemlac.com\/semmexico\/wp-json\/wp\/v2\/types\/post"}],"author":[{"embeddable":true,"href":"https:\/\/redsemlac.com\/semmexico\/wp-json\/wp\/v2\/users\/3"}],"replies":[{"embeddable":true,"href":"https:\/\/redsemlac.com\/semmexico\/wp-json\/wp\/v2\/comments?post=40229"}],"version-history":[{"count":0,"href":"https:\/\/redsemlac.com\/semmexico\/wp-json\/wp\/v2\/posts\/40229\/revisions"}],"wp:featuredmedia":[{"embeddable":true,"href":"https:\/\/redsemlac.com\/semmexico\/wp-json\/wp\/v2\/media\/40231"}],"wp:attachment":[{"href":"https:\/\/redsemlac.com\/semmexico\/wp-json\/wp\/v2\/media?parent=40229"}],"wp:term":[{"taxonomy":"category","embeddable":true,"href":"https:\/\/redsemlac.com\/semmexico\/wp-json\/wp\/v2\/categories?post=40229"},{"taxonomy":"post_tag","embeddable":true,"href":"https:\/\/redsemlac.com\/semmexico\/wp-json\/wp\/v2\/tags?post=40229"}],"curies":[{"name":"wp","href":"https:\/\/api.w.org\/{rel}","templated":true}]}}