{"id":40223,"date":"2021-09-23T14:11:17","date_gmt":"2021-09-23T20:11:17","guid":{"rendered":"https:\/\/redsemlac.com\/semmexico\/?p=40223"},"modified":"2023-07-21T17:06:53","modified_gmt":"2023-07-21T22:06:53","slug":"entresemana-andres-manuel-y-la-prensa-mentirosa","status":"publish","type":"post","link":"https:\/\/redsemlac.com\/semmexico\/entresemana-andres-manuel-y-la-prensa-mentirosa\/","title":{"rendered":"Entresemana| Andr\u00e9s Manuel y la prensa mentirosa"},"content":{"rendered":"\n<p class=\"has-text-align-right wp-block-paragraph\"><strong><em>A mis gemelos astrales Yaz y Moy en su cumplea\u00f1os<\/em><\/strong><\/p>\n\n\n\n<p class=\"wp-block-paragraph\"><strong>Mois\u00e9s S\u00e1nchez Lim\u00f3n<\/strong><\/p>\n\n\n\n<p class=\"wp-block-paragraph\">SemM\u00e9xico. Cd. de M\u00e9xico. 23 de septiembre 2021.- Un sue\u00f1o de los hombres y las mujeres del poder, sin duda alguna, es controlar a la prensa. Con los medios de comunicaci\u00f3n en un pu\u00f1o, los gobiernos que se asumen democr\u00e1ticos transitan hacia estancos de dictadura. He ah\u00ed a Venezuela, Cuba y Nicaragua.<\/p>\n\n\n\n<p class=\"wp-block-paragraph\">La f\u00f3rmula b\u00e1sica: informaci\u00f3n es poder. Y si un individuo se erige centro de todos los poderes, con el control de los medios no hay qui\u00e9n le ponga freno porque el contrapeso que implica la prensa estar\u00e1 bajo control.<\/p>\n\n\n\n<p class=\"wp-block-paragraph\">Su Alteza Seren\u00edsima estar\u00eda de pl\u00e1cemes en el momento en que todos los medios de comunicaci\u00f3n de la rep\u00fablica se ci\u00f1an a las pautas que hoy vemos en medios p\u00fablicos, espec\u00edficamente en las televisoras porque la Agencia de Noticias del Estado Mexicano, Notimex, est\u00e1 anulada, aunque cuenta con un diario que atiende l\u00ednea presidencial.<\/p>\n\n\n\n<p class=\"wp-block-paragraph\">Lo que ordenes, Andr\u00e9s Manuel, dir\u00eda la directora de La Jornada, seg\u00fan cuentan quienes saben de estos menesteres y que se lee en la primera plana que alg\u00fan d\u00eda fue ejemplo de oficio period\u00edstico.<\/p>\n\n\n\n<p class=\"wp-block-paragraph\">\u00bfSe miente en la prensa? \u00bfMiente la prensa?<\/p>\n\n\n\n<p class=\"wp-block-paragraph\">A la informaci\u00f3n con contenido falso, en la jerga de los periodistas le llamamos \u201cvolada\u201d y al autor, elemental, \u201cvolador\u201d.<\/p>\n\n\n\n<p class=\"wp-block-paragraph\">Pero, el Duce se ha encargado de estigmatizar a periodistas y medios de comunicaci\u00f3n y en el efecto bumerang los califica de mentirosos pero desde su ronco pecho que no es bodega, todos los d\u00edas despacha mentiras e inexactitudes, niega lo evidente y responde con sus datos, de los cuales nadie sabe nadie supo.<\/p>\n\n\n\n<p class=\"wp-block-paragraph\">Es un juego perverso en el que pone sobre la mesa la palabra del presidente, es decir, la de \u00e9l y la del periodista o el declarante, como ocurri\u00f3 con el senador Julen Rementer\u00eda que le document\u00f3 la transa con los \u201cm\u00e9dicos\u201d cubanos, pero \u00e9l, Su Alteza Seren\u00edsima, sostuvo que es una mentira, aunque no ofreci\u00f3 documentos probatorios como lo hizo el legislador veracruzano, coordinador de los senadores del Partido Acci\u00f3n Nacional.<\/p>\n\n\n\n<p class=\"wp-block-paragraph\">As\u00ed, a la estigmatizaci\u00f3n de periodistas y medios de comunicaci\u00f3n, el licenciado presidente ide\u00f3 ese singular pat\u00edbulo al que todos los mi\u00e9rcoles lleva, ante una se\u00f1orita dizque periodista con nivel de bachillerato, en calidad de verdugo, a periodistas y medios de comunicaci\u00f3n, seg\u00fan sea el caso, para ofrecerlos p\u00fablicamente como unos mentirosos conservadores y neoliberales que atentan contra la 4T, golpistas que dicen mentiras en torno al Duce y su gobierno que presume honestidad y pr\u00edstina conducci\u00f3n de los destinos de la patria.<\/p>\n\n\n\n<p class=\"wp-block-paragraph\">\u00bfY qu\u00e9 cree usted? Resulta que Su Alteza Seren\u00edsima est\u00e1 complacido porque ha dado resultado ese pat\u00edbulo del qui\u00e9n es qui\u00e9n en las mentiras. Y hasta refiri\u00f3 c\u00f3mo han descendido estas vulgares y neoliberales y conservadoras diatribas contra su persona y su modo de agarrar los tacos de canasta, que as\u00ed semeja su forma de gobernar-<\/p>\n\n\n\n<p class=\"wp-block-paragraph\">Pero bueno, en \u00e9se \u00e1nimo consider\u00f3 que \u201cVamos a llegar a un d\u00eda y lo deseo, y no lo descarto, a que ya no va a haber la secci\u00f3n (del qui\u00e9n es qui\u00e9n en las mentiras), porque ya no van a haber mentiras. \u00bfNo te parece, Elizabeth?\u201d, comparti\u00f3 con la bachiller Garc\u00eda Vilchis que asume el papel de Cat\u00f3n de Palacio.<\/p>\n\n\n\n<p class=\"wp-block-paragraph\">Por cierto, entrados en gastos, la bachiller Ana Elizabeth Garc\u00eda Vilchis, dio c\u00e1tedra del status de las redes sociales y concluy\u00f3, no se r\u00eda, por favor, que \u201cson en este momento el principal instrumento de comunicaci\u00f3n p\u00fablica en la mayor parte de las sociedades del mundo\u201d.<\/p>\n\n\n\n<p class=\"wp-block-paragraph\">Y concluy\u00f3 que \u201clas redes sociales rompieron el esquema vertical de los medios tradicionales en los que la minor\u00eda, ligada a grupos o personas de poder pol\u00edtico, econ\u00f3mico o religioso, pod\u00edan construir una visi\u00f3n unilateral de la realidad, conveniencia de sus propios intereses, y no hab\u00eda manera de interpelarlos\u201d. \u00a1Sopas!<\/p>\n\n\n\n<p class=\"wp-block-paragraph\">Solo le refiero que Garc\u00eda Vilchis, seguramente se pas\u00f3 una semana quem\u00e1ndose las pesta\u00f1as para ilustrarnos y que sepamos, a chaleco, que \u201cel surgimiento de internet y de las redes sociales gener\u00f3 un modelo de comunicaci\u00f3n horizontal que permiti\u00f3 que cualquier ciudadano pudiera convertirse en un comunicador y en un medio de comunicaci\u00f3n (\u2026)\u201d. \u00bfQu\u00e9 le parece?<\/p>\n\n\n\n<p class=\"wp-block-paragraph\">\u00a1Ah!, s\u00f3lo un dato m\u00e1s para que no lo sorprendan. Dice la bachiller que \u201choy la opini\u00f3n p\u00fablica es un sujeto activo que nutre e interpela portales, peri\u00f3dicos y noticiarios de radio. Las benditas redes sociales han provocado importantes cambios pol\u00edticos, sociales, econ\u00f3micos y culturales en el mundo; sin embargo, no se puede pasar por alto que en ellas tambi\u00e9n circulan profusamente mentiras, desinformaciones y difamaciones\u201d. O sea.<\/p>\n\n\n\n<p class=\"wp-block-paragraph\">Despu\u00e9s de la magistral disertaci\u00f3n de la bachiller, en la ma\u00f1anera de media semana, en calidad de reportero y editor con vasta experiencia intervino el Duce Andr\u00e9s Manuel para reiterar por cent\u00e9sima vez que \u201cno se puede gobernar sin autoridad moral, no se puede gobernar con un doble discurso, mintiendo, y esa es la caracter\u00edstica dominante en el comportamiento de los conservadores, son muy hip\u00f3critas, tienen un doble discurso, una doble moral, esa es su doctrina, la hipocres\u00eda, por eso no les va bien, es una oposici\u00f3n conservadora moralmente derrotada, lo dije desde hace alg\u00fan tiempo\u201d.<\/p>\n\n\n\n<p class=\"wp-block-paragraph\">Pinchis conservadores hip\u00f3critas que, adem\u00e1s, han contaminado e incluso tienen a su servicio a los canijos reporteros y columnistas e intelectuales que a\u00f1oran los jugosos embutes, pero que deben saber, de acuerdo con Su Alteza Seren\u00edsima que \u201cantes, mucho antes, lo hab\u00eda dicho el mejor presidente de M\u00e9xico, Benito Ju\u00e1rez, una ocasi\u00f3n dijo: \u2018El triunfo de la reacci\u00f3n es moralmente imposible\u2019\u201d.<\/p>\n\n\n\n<p class=\"wp-block-paragraph\">En este tenor, Andr\u00e9s Manuel trajo a colaci\u00f3n la denuncia, que no desminti\u00f3 con pruebas, del senador Rementer\u00eda y una foto de la torre del s\u00faper freg\u00f3n aeropuerto Felipe \u00c1ngeles, que dizque semeja a la Torres de Pisa, porque est\u00e1 ladeada.<\/p>\n\n\n\n<p class=\"wp-block-paragraph\">Bueno, bueno, tom\u00f3 como pretexto esas informaciones para recomendar que, due\u00f1os de medios y editores, \u201cdeber\u00edan de tener una gente que les ayudara\u201d. Y como no queriendo record\u00f3 que \u201chab\u00eda antes la intenci\u00f3n que en los medios se constituyera de manera independiente, incluso con participaci\u00f3n externa, ciudadana, un comit\u00e9 \u00e9tico, que ayuda mucho porque \u00bfc\u00f3mo se adquiere credibilidad en un mundo tan competido en todo lo relacionado con la informaci\u00f3n, cuando las redes sociales predominan? Y no avanzan m\u00e1s porque no hay se\u00f1al en todo el territorio, pero nosotros estamos procurando ahora que haya internet en todo el territorio\u201d.<\/p>\n\n\n\n<p class=\"wp-block-paragraph\">Juarista que es, antes de continuar con la idea de controlar a la prensa, Andr\u00e9s Manuel debe recordar una frase de Benito Ju\u00e1rez: \u201cLa emisi\u00f3n de las ideas por la prensa debe ser tan libre como es libre en el hombre la facultad de pensar\u201d. \u00bfEstamos?<\/p>\n\n\n\n<p class=\"wp-block-paragraph\">Y es que, en la ma\u00f1anera, al margen de asegurar que la prensa escrita est\u00e1 perdiendo lectores consider\u00f3 que una alternativa para no perder audiencia, \u201ces fortalecer la credibilidad, ser m\u00e1s objetivos, m\u00e1s profesionales, apego a la verdad, y as\u00ed se mantiene, como han resistido los grandes peri\u00f3dicos, el New York Times y otros, que tambi\u00e9n muchas veces mienten y no se apegan a principios \u00e9ticos, pero han resistido. Entonces, s\u00ed es importante\u201d.<\/p>\n\n\n\n<p class=\"wp-block-paragraph\">Y sostiene que \u201cse han reducido las noticias falsas de un tiempo para ac\u00e1 (\u2026) porque hay que reconocer eso, hay mucha m\u00e1s objetividad ahora que hace tres meses\u201d. Entonces, por qu\u00e9 \u00e9l y su barra mercenaria insiste en estigmatizar e insultar a periodistas y medios de comunicaci\u00f3n que no le son afines.<\/p>\n\n\n\n<p class=\"wp-block-paragraph\">\u00bfSer\u00e1 que ha domesticado a algunos medios o cree que en las ma\u00f1aneras hay menos periodistas inc\u00f3modos porque los confunde con los mercenarios? No lo enga\u00f1es, Chucho, porque entonces la bachiller se quedar\u00e1 sin chamba. Digo.<\/p>\n\n\n\n<p class=\"wp-block-paragraph\">sanchezlimon@gmail.com<\/p>\n\n\n\n<p class=\"wp-block-paragraph\">www.entresemana.mx<\/p>\n\n\n\n<p class=\"wp-block-paragraph\">@msanchezlimon @msanchezlimon1<\/p>\n","protected":false},"excerpt":{"rendered":"<p>Un sue\u00f1o de los hombres y las mujeres del poder, sin duda alguna, es controlar a la prensa. <\/p>\n","protected":false},"author":3,"featured_media":15805,"comment_status":"open","ping_status":"open","sticky":false,"template":"","format":"standard","meta":{"_monsterinsights_skip_tracking":false,"footnotes":""},"categories":[692,105,83,35],"tags":[459],"class_list":["post-40223","post","type-post","status-publish","format-standard","has-post-thumbnail","category-692","category-entresemana","category-moises-sanchez-limon","category-opinion","tag-opinion"],"_links":{"self":[{"href":"https:\/\/redsemlac.com\/semmexico\/wp-json\/wp\/v2\/posts\/40223","targetHints":{"allow":["GET"]}}],"collection":[{"href":"https:\/\/redsemlac.com\/semmexico\/wp-json\/wp\/v2\/posts"}],"about":[{"href":"https:\/\/redsemlac.com\/semmexico\/wp-json\/wp\/v2\/types\/post"}],"author":[{"embeddable":true,"href":"https:\/\/redsemlac.com\/semmexico\/wp-json\/wp\/v2\/users\/3"}],"replies":[{"embeddable":true,"href":"https:\/\/redsemlac.com\/semmexico\/wp-json\/wp\/v2\/comments?post=40223"}],"version-history":[{"count":0,"href":"https:\/\/redsemlac.com\/semmexico\/wp-json\/wp\/v2\/posts\/40223\/revisions"}],"wp:featuredmedia":[{"embeddable":true,"href":"https:\/\/redsemlac.com\/semmexico\/wp-json\/wp\/v2\/media\/15805"}],"wp:attachment":[{"href":"https:\/\/redsemlac.com\/semmexico\/wp-json\/wp\/v2\/media?parent=40223"}],"wp:term":[{"taxonomy":"category","embeddable":true,"href":"https:\/\/redsemlac.com\/semmexico\/wp-json\/wp\/v2\/categories?post=40223"},{"taxonomy":"post_tag","embeddable":true,"href":"https:\/\/redsemlac.com\/semmexico\/wp-json\/wp\/v2\/tags?post=40223"}],"curies":[{"name":"wp","href":"https:\/\/api.w.org\/{rel}","templated":true}]}}