{"id":40194,"date":"2021-09-22T09:15:15","date_gmt":"2021-09-22T15:15:15","guid":{"rendered":"https:\/\/redsemlac.com\/semmexico\/?p=40194"},"modified":"2023-07-21T17:06:54","modified_gmt":"2023-07-21T22:06:54","slug":"olimpia-coral-melo-senala-facebook-es-complice-de-la-violencia-digital","status":"publish","type":"post","link":"https:\/\/redsemlac.com\/semmexico\/olimpia-coral-melo-senala-facebook-es-complice-de-la-violencia-digital\/","title":{"rendered":"Olimpia Coral Melo se\u00f1ala, Facebook es c\u00f3mplice de la violencia digital"},"content":{"rendered":"\n<ul class=\"wp-block-list\"><li><strong>La activista feminista e impulsora de la ley que lleva su nombre, est\u00e1 en la lista de las 100 personas m\u00e1s influyentes de la revista TIME<\/strong><\/li><\/ul>\n\n\n\n<p class=\"wp-block-paragraph\"><strong>Nurit Mart\u00ednez\/ Fotos: Roberto Hern\u00e1ndez<\/strong><\/p>\n\n\n\n<p class=\"wp-block-paragraph\">SemM\u00e9xico\/El Sol de M\u00e9xico. Cd. de M\u00e9xico. 22 de septiembre 2021.- Despu\u00e9s de haber sido reconocida e ingresar a la lista de la revista TIME como la \u00fanica mexicana que alcanza la designaci\u00f3n de l\u00edder mundial en 2021 Olimpia sue\u00f1a estar un d\u00eda frente a Mark Zuckerberg y decirle: \u201cMark querido y de mi alma si t\u00fa no permitieras que tu algoritmo en Facebook subiera im\u00e1genes de nuestros cuerpos desnudos sin consentimiento salvar\u00edas muchas vidas y yo te puedo ayudar\u201d.<\/p>\n\n\n\n<p class=\"wp-block-paragraph\">La joven que ha encabezado manifestaciones y movilizaciones en M\u00e9xico para impulsar reformas legales para hacer visible la violencia digital asegura que la ley Olimpia es m\u00e1s all\u00e1 de un conjunto de reformas, un cambio legislativo, es una causa que ayuda a cambiar el lenguaje, no hablar m\u00e1s de porno venganza y empezar a hablar de violencia digital como primera justicia y no que las v\u00edctimas son provocadoras de la violencia.<\/p>\n\n\n\n<p class=\"wp-block-paragraph\">Duda que un d\u00eda lo pueda lograr, pero es un sue\u00f1o para iniciar un cambio radical. \u201cOjal\u00e1 las empresas mundiales, las empresas sociodigitales, los due\u00f1os como Mark permitan que eso que no est\u00e1 regulado podamos regularlo, yo les ayudo\u201d.<\/p>\n\n\n\n<p class=\"wp-block-paragraph\">As\u00ed se iniciar\u00eda un cambio radical y \u201cver a internet m\u00e1s igualitaria y justa, donde podamos habitar las mujeres sin tener miedo, a que sus algoritmos jueguen con nuestras dignidades y a que sus algoritmos secuestren nuestra sexualidad\u201d.<\/p>\n\n\n\n<div class=\"wp-block-image\"><figure class=\"alignright size-large is-resized\"><a href=\"https:\/\/redsemlac.com\/semmexico\/wp-content\/uploads\/2021\/09\/Olimpia-Coral-Melo-Ley-Olimpia-Feminista-10-scaled.jpg\"><img loading=\"lazy\" decoding=\"async\" src=\"https:\/\/redsemlac.com\/semmexico\/wp-content\/uploads\/2021\/09\/Olimpia-Coral-Melo-Ley-Olimpia-Feminista-10-683x1024.jpg\" alt=\"\" class=\"wp-image-40196\" width=\"356\" height=\"534\"\/><\/a><\/figure><\/div>\n\n\n\n<p class=\"wp-block-paragraph\">Lo que se observa es la \u201ccoparticipaci\u00f3n y a veces la complicidad que tienen las empresas sociodigitales, no dan informaci\u00f3n, se tardan mucho tiempo en darla. No s\u00e9 si sea por omisi\u00f3n, acci\u00f3n, dolo o por culpa, pero en muchos casos donde no est\u00e1n identificados plenamente los agresores para las v\u00edctimas y es un perfil an\u00f3nimo en Facebook e Instagram han tardado hasta seis o nueve meses en brindar informaci\u00f3n a las instituciones. No es solo un trabajo del ministerio p\u00fablico, de las fiscal\u00edas, de la administraci\u00f3n p\u00fablica\u201d.<\/p>\n\n\n\n<p class=\"wp-block-paragraph\">En entrevista con El Sol de M\u00e9xico Olimpia Coral Melo Cruz (1995) asegura que ahora la lucha feminista sigue en Am\u00e9rica Latina, en Argentina y Ecuador.<\/p>\n\n\n\n<p class=\"wp-block-paragraph\">\u201cSi mi nombre y cara en la revista TIME, si la visibilidad mundial sirve a otras mujeres qu\u00e9 bueno, ser\u00e1 importante porque s\u00e9 qu\u00e9 se siente que no te nombren, que te minimicen, desprestigien y s\u00e9 qu\u00e9 se siente que en t\u00fa peque\u00f1o mundo, como Huachinango, Puebla, hablen de ti, te traten como si fueras una basura, una criminal injustamente\u201d.<\/p>\n\n\n\n<p class=\"wp-block-paragraph\">Hoy despu\u00e9s de tres meses de aprobada en el Congreso la Ley Olimpia voltea a aquel mundo que ultraj\u00f3 su intimidad al difundir un video que grab\u00f3 junto a su pareja de forma consensuada y se difundi\u00f3 en redes sociales en 2008, se\u00f1ala: \u201cles dije que no ten\u00edamos la culpa, que nuestras vaginas no eran un fin, que nuestros cuerpos no eran para su placer sexual, que ten\u00edamos derecho a la intimidad y ten\u00edamos raz\u00f3n\u201d.<\/p>\n\n\n\n<p class=\"wp-block-paragraph\">A pesar de lo que ha logrado la joven dice que en su caso quisiera la pena m\u00e1xima para su agresor, \u201cpor m\u00e1s que me pagaran para reparar el da\u00f1o y meter a mi agresor a la c\u00e1rcel yo sigo sintiendo miedo\u201d, es al final un punto de partida para cambiar lo que haya que cambiar.<\/p>\n\n\n\n<p class=\"wp-block-paragraph\">\u201cEse video es como un tatuaje que en la piel. Es algo que nunca te puedes quitar. No puedes aplicar la Lupillo Rivera (borrarlo), es algo con lo que te presentas, asumes y se vuelve parte de ti. Cuando le quitas ese estigma no soy solo mi vagina, mis bubis, mis lonjas, sino en lo que significo realmente. No significo un video sexual, yo no soy una gordibuena, eso que dijeron\u201d.<\/p>\n\n\n\n<p class=\"wp-block-paragraph\">Olimpia asegura que lo ocurrido en aquel a\u00f1o \u201ces como un tipo de c\u00e1ncer: vas a terapias, a lugares de contenci\u00f3n, estoy con mis compa\u00f1eras y me hacen sentir que no estoy sola. A lo mejor vas al doctor extirpan el tumor cancer\u00edgeno, pero siempre tienen miedo a que regrese la c\u00e9lula, a joder tu vida, pero a diferencia de esa Olimpia de ayer en la de hoy puedo defenderme\u201d.<\/p>\n\n\n\n<p class=\"wp-block-paragraph\">Ella misma se define como mexicana, huauchinanguense, poblana, serrana, hija de Josefina, nieta de Teresa, bisnieta de Olimpia y tataranieta de Hermila, hermana de Abigail y hermana de muchas m\u00e1s en el movimiento.<\/p>\n\n\n\n<p class=\"wp-block-paragraph\">\u201cSoy feminista, defensora de espacios libres de violencia, soy una mujer humana que siente, que llora, que ve al mundo con una mayor esperanza que la mujer que hab\u00eda hace algunos a\u00f1os y est\u00e1 entendiendo que la salud mental, la vida, la paz y la felicidad son cosas que hay luchar que alcanzar, aspiro a que podamos lograrlo\u201d.<\/p>\n\n\n\n<div class=\"wp-block-image\"><figure class=\"aligncenter size-large\"><a href=\"https:\/\/redsemlac.com\/semmexico\/wp-content\/uploads\/2021\/09\/Olimpia-Coral-Melo-Ley-Olimpia-Feminista-18-scaled.jpg\"><img decoding=\"async\" src=\"https:\/\/redsemlac.com\/semmexico\/wp-content\/uploads\/2021\/09\/Olimpia-Coral-Melo-Ley-Olimpia-Feminista-18-1024x760.jpg\" alt=\"\" class=\"wp-image-40197\"\/><\/a><\/figure><\/div>\n\n\n\n<p class=\"wp-block-paragraph\">El mi\u00e9rcoles 15 de septiembre, justo en el D\u00eda de la conmemoraci\u00f3n de la Independencia de M\u00e9xico Olimpia Coral Melo camina por Tlatelolco, en la Ciudad de M\u00e9xico, al lado de su perro, suena el tel\u00e9fono y escucha a su mam\u00e1 decirle que la revista TIME la ha colocado al lado de cien figuras mundiales. En un principio ella cree que es solo en M\u00e9xico, le explica y est\u00e1 sorprendida.<\/p>\n\n\n\n<p class=\"wp-block-paragraph\">Cuelga, se emociona y a su mente llega la imagen de un meme argentino y retumba la frase en su cerebro: \u201cMir\u00e1, mir\u00e1\u2026 \u00a1Te la volaste!\u201d.<\/p>\n\n\n\n<p class=\"wp-block-paragraph\">Se ve levantar el pu\u00f1o izquierdo envuelto en pa\u00f1uelo morado, al igual que lo hizo en Puebla, en la Ciudad de M\u00e9xico y en el Congreso de la Uni\u00f3n para impulsar una reforma que defiende el derecho de las mujeres a su intimidad.<\/p>\n\n\n\n<p class=\"wp-block-paragraph\">\u201cFue incre\u00edble porque al principio no lo alcanc\u00e9 a dimensionar la magnitud del impacto y m\u00e1s all\u00e1 del reconocimiento y la vanagloria me siento honrada y contenta\u201d, la causa de estos a\u00f1os se escucha en diversos idiomas, en diferentes pa\u00edses, a fin de que nuestros cuerpos no son objetos sexuales, sino que somos sujetas de derechos en los espacios digitales.<\/p>\n\n\n\n<p class=\"wp-block-paragraph\">Desde esa posici\u00f3n, Olimpia Coral Melo lo ve como otra oportunidad para elevar la lucha colectiva, \u201cdecirle al mundo que cuando las mujeres nos organizamos desde el territorio logramos cambiar las cosas y de hacer pol\u00edtica\u201d.<\/p>\n\n\n\n<p class=\"wp-block-paragraph\">Se trata de \u201cempoderar la lucha colectiva y que es m\u00e1s all\u00e1 de la ley, de mi cara y de mi nombre, reivindica el an\u00f3nimo de las historias de las mujeres\u201d.<\/p>\n\n\n\n<p class=\"wp-block-paragraph\">Afirma que un d\u00eda tuvo miedo de llamarse Olimpia, que la vieran p\u00fablica, la se\u00f1alaran y fuera blanco del escrutinio p\u00fablico para mal, blanco de misoginia y cr\u00edticas a su cuerpo desnudo. \u201cOjal\u00e1 sea el momento para generar conciencia porque no somos cuerpos, no somos hoyos, no solo gestantes, no objetos, somos sujetas de derechos, merecemos una vida digna off line y on line. No somos para su diversi\u00f3n\u201d.<\/p>\n\n\n\n<p class=\"wp-block-paragraph\">Hasta antes de la Ley Olimpia las violencias digitales estaban relacionadas con lo econ\u00f3mico y financiero: robo de tarjetahabientes, fraude interbancario y robo de identidad, la dignidad de las personas y de las mujeres no estaba prevista en las leyes. \u201cYo espero que las medidas de protecci\u00f3n, de privacidad, de seguridad, incluso los cambios que se hacen para salvaguardar a los usuarios y usuarias de las redes sociodigitales no vayan solo enfocadas en lo financiero sino en lo humano y feminista\u201d.<\/p>\n\n\n\n<p class=\"wp-block-paragraph\">Los retos de la Ley Olimpia siguen siendo que exista una discusi\u00f3n avanzada y un dise\u00f1o de capacitaciones para procuradores y administradores de justicia. \u201cA\u00fan siguen pensando que nosotros tuvimos la culpa por dejarnos grabar\u201d.<\/p>\n\n\n\n<p class=\"wp-block-paragraph\">La ley lleva dos meses en M\u00e9xico, la han ratificado 29 estados pero \u201cqueremos ampliar la gama y especificar los verbos producci\u00f3n y difusi\u00f3n no consentida\u201d.<\/p>\n\n\n\n<p class=\"wp-block-paragraph\">Insistiremos como lo reconoci\u00f3 la ONU como un hito para Am\u00e9rica Latina que \u201cla violencia digital se define como los actos agravados y perpetuados a trav\u00e9s de las nuevas tecnolog\u00edas de la informaci\u00f3n, la comunicaci\u00f3n, redes sociales o cualquier otro espacio digital conocido o por conocer que da\u00f1e al menos cuatro cosas: la seguridad, la intimidad, la privacidad y la vida digna de las mujeres y de las ni\u00f1as\u201d.<\/p>\n\n\n\n<p class=\"wp-block-paragraph\">Como sobreviviente de la violencia asegura \u201cresurgir de las cenizas, pero no lo hacemos solas, a todas las mujeres a las que nos han llamado estoicamente locas cuando nos juntamos, cuando nos menospreciaron y cuestionaron que qu\u00e9 ganamos, pues vean, ganamos esto: alzar la voz para que el mundo cambie\u201d.<\/p>\n\n\n\n<figure class=\"wp-block-image size-large\"><a href=\"https:\/\/redsemlac.com\/semmexico\/wp-content\/uploads\/2021\/09\/Olimpia-Coral-Melo-Ley-Olimpia-Feminista-73-scaled.jpg\"><img decoding=\"async\" src=\"https:\/\/redsemlac.com\/semmexico\/wp-content\/uploads\/2021\/09\/Olimpia-Coral-Melo-Ley-Olimpia-Feminista-73-1024x683.jpg\" alt=\"\" class=\"wp-image-40198\"\/><\/a><\/figure>\n\n\n\n<p class=\"wp-block-paragraph\">Afirma que las feministas-activistas \u201cno luchamos contra una persona sino contra un sistema\u201d, agrega, al se\u00f1alar que su movimiento no est\u00e1 en contra del presidente Andr\u00e9s Manuel L\u00f3pez Obrador.<\/p>\n\n\n\n<p class=\"wp-block-paragraph\">A \u00e9l \u201cle dir\u00eda que lo perdono, porque \u00e9l vivi\u00f3 en otros tiempos, tal vez no se da cuenta de que es machista y que a veces hace comentarios sumamente mis\u00f3ginos. Tal vez a \u00e9l le pase lo que a mi abuelito y mi abuelita que vivieron en otros tiempos\u201d.<\/p>\n\n\n\n<p class=\"wp-block-paragraph\">Para Olimpia la postura del presidente quiz\u00e1 \u201cno es con la intenci\u00f3n directa de jodernos, tal vez no se da cuenta y por eso el perd\u00f3n porque tiene la oportunidad de cambiar\u201d.<\/p>\n\n\n\n<p class=\"wp-block-paragraph\">Puntualiza que no tiene nada en contra del presidente ni en contra de ning\u00fan funcionario p\u00fablico, \u201cni un senador que nos llama feminazis, ni de un gobernador que nos reprime, ellos traen algo en contra del machismo y de la misoginia. No es personal, no importo yo, importan las otras que no tienen la c\u00e1mara, las que lucharon, marcharon nuestras ancestras y las que vienen\u201d.<\/p>\n\n\n\n<p class=\"wp-block-paragraph\">Dice que contradictorio es que en el pa\u00eds se haya avanzado en reconocer a Beatriz Guti\u00e9rrez M\u00fcller no como la esposa del presidente L\u00f3pez Obrador sino como la investigadora y la historiadora. \u201cAunque no se den cuenta es un gran impacto a las mujeres, podemos dar like o un dislike a la gesti\u00f3n del presidente, pero ese gesto de visibilizarnos, \u00a1uuuff, eso est\u00e1 bien! Est\u00e1 chido, es por lo que estamos luchando y nos vamos construyendo en una nueva realidad\u201d.<\/p>\n\n\n\n<p class=\"wp-block-paragraph\">Uno de los pendientes que advierte es que M\u00e9xico a\u00fan no ha firmado el Tratado de Budapest y cuando el agresor est\u00e1 en otros pa\u00edses no hay un instrumento jur\u00eddico para hacer exigible el acceso a la justicia de las mujeres. Durante la conversaci\u00f3n con la OEM Olimpia pide al canciller Marcelo Ebrard firmar ese tratado o aprovechar \u201cque eres amigo de los presidentes y hacemos un tratado internacional, que se firme en M\u00e9xico, y se impulse la colaboraci\u00f3n institucional para la investigaci\u00f3n de violencia digital\u201d.<\/p>\n","protected":false},"excerpt":{"rendered":"<p>La activista feminista e impulsora de la ley que lleva su nombre, est\u00e1 en la lista de las 100 personas m\u00e1s influyentes de la revista TIME<\/p>\n","protected":false},"author":3,"featured_media":40195,"comment_status":"open","ping_status":"open","sticky":false,"template":"","format":"standard","meta":{"_monsterinsights_skip_tracking":false,"footnotes":""},"categories":[692,54],"tags":[149],"class_list":["post-40194","post","type-post","status-publish","format-standard","has-post-thumbnail","category-692","category-mujeres","tag-mujeres"],"_links":{"self":[{"href":"https:\/\/redsemlac.com\/semmexico\/wp-json\/wp\/v2\/posts\/40194","targetHints":{"allow":["GET"]}}],"collection":[{"href":"https:\/\/redsemlac.com\/semmexico\/wp-json\/wp\/v2\/posts"}],"about":[{"href":"https:\/\/redsemlac.com\/semmexico\/wp-json\/wp\/v2\/types\/post"}],"author":[{"embeddable":true,"href":"https:\/\/redsemlac.com\/semmexico\/wp-json\/wp\/v2\/users\/3"}],"replies":[{"embeddable":true,"href":"https:\/\/redsemlac.com\/semmexico\/wp-json\/wp\/v2\/comments?post=40194"}],"version-history":[{"count":0,"href":"https:\/\/redsemlac.com\/semmexico\/wp-json\/wp\/v2\/posts\/40194\/revisions"}],"wp:featuredmedia":[{"embeddable":true,"href":"https:\/\/redsemlac.com\/semmexico\/wp-json\/wp\/v2\/media\/40195"}],"wp:attachment":[{"href":"https:\/\/redsemlac.com\/semmexico\/wp-json\/wp\/v2\/media?parent=40194"}],"wp:term":[{"taxonomy":"category","embeddable":true,"href":"https:\/\/redsemlac.com\/semmexico\/wp-json\/wp\/v2\/categories?post=40194"},{"taxonomy":"post_tag","embeddable":true,"href":"https:\/\/redsemlac.com\/semmexico\/wp-json\/wp\/v2\/tags?post=40194"}],"curies":[{"name":"wp","href":"https:\/\/api.w.org\/{rel}","templated":true}]}}