{"id":40190,"date":"2021-09-21T16:21:29","date_gmt":"2021-09-21T22:21:29","guid":{"rendered":"https:\/\/redsemlac.com\/semmexico\/?p=40190"},"modified":"2023-07-21T17:06:54","modified_gmt":"2023-07-21T22:06:54","slug":"entresemana-andres-el-sonador","status":"publish","type":"post","link":"https:\/\/redsemlac.com\/semmexico\/entresemana-andres-el-sonador\/","title":{"rendered":"Entresemana| Andr\u00e9s el so\u00f1ador"},"content":{"rendered":"\n<p class=\"wp-block-paragraph\"><strong>Mois\u00e9s S\u00e1nchez Lim\u00f3n<\/strong><\/p>\n\n\n\n<p class=\"wp-block-paragraph\">SemM\u00e9xico, 21 de septiembre, 2021.- \u00c9rase que se es\u2026<\/p>\n\n\n\n<p class=\"wp-block-paragraph\">En aquellos d\u00edas cuando el hombre conquist\u00f3 a la Luna y Estados Unidos fracas\u00f3 en Vietnam y Av\u00e1ndaro se convirti\u00f3 en el fantasma que aterr\u00f3 al gobierno mexicano, el so\u00f1ador Luis Echeverr\u00eda \u00c1lvarez fue abandonado a su suerte por los pa\u00edses del llamado Tercer Mundo y se qued\u00f3 con las ganas de ser l\u00edder mundial, o por lo menos de Latinoam\u00e9rica, ya no se diga secretario general de la ONU.<\/p>\n\n\n\n<p class=\"wp-block-paragraph\">Mire usted, en esa cruzada mundial por ser reconocido como estadista con nivel de liderazgo internacional, el licenciado Echeverr\u00eda \u00c1lvarez present\u00f3 en el tercer periodo de sesiones de la Conferencia de las Naciones Unidas sobre Comercio y Desarrollo la Carta de Derechos y Deberes Econ\u00f3micos de los Estados.<\/p>\n\n\n\n<p class=\"wp-block-paragraph\">Pero, la reuni\u00f3n fue a extramuros de la sede de la ONU, en Nueva York; se realiz\u00f3 del 13 de abril al 21 de mayo de 1972 en Santiago de Chile. Y fue Etiop\u00eda la que, a nombre de llamado Grupo de los 77 tom\u00f3 nota de la propuesta mexicana.<\/p>\n\n\n\n<p class=\"wp-block-paragraph\">Y, bueno, solo para que est\u00e9 usted enterado, la idea del entonces l\u00edder del populismo encabezado por el Partido Revolucionario Institucional, instituto pol\u00edtico en el que hac\u00eda sus pinitos el entonces mozalbete Andr\u00e9s Manuel L\u00f3pez Obrador, fue sometida a un proceso burocr\u00e1tico para determinar su valor.<\/p>\n\n\n\n<p class=\"wp-block-paragraph\">As\u00ed, hasta el 12 de diciembre de 1974, la Asamblea General de la ONU aprob\u00f3 la resoluci\u00f3n de una comisi\u00f3n de comercio, por 115 votos contra seis y 10 abstenciones, seg\u00fan documenta la United Nations Audiovisual Library of International Law.<\/p>\n\n\n\n<p class=\"wp-block-paragraph\">\u00bfQui\u00e9n recuerda a esa Carta de Derechos y Deberes Econ\u00f3micos de los Estados y cu\u00e1l fue su influencia en el concierto de las naciones?<\/p>\n\n\n\n<p class=\"wp-block-paragraph\">\u00bfAlguien de las nuevas generaciones pol\u00edticas, incluso del PRI, recordar\u00e1 aquella cruzada de LEA por ser secretario general de la ONU?<\/p>\n\n\n\n<p class=\"wp-block-paragraph\">Don Luis cumplir\u00e1 100 a\u00f1os de edad el pr\u00f3ximo 17 de enero de 2022 y mantiene la presidencia del Consejo Directivo del Centro de Estudios Econ\u00f3micos y Sociales del Tercer Mundo, creado a partir de la Carta referida, cuya sede est\u00e1 desde esa d\u00e9cada de los 70 del siglo pasado en San Jer\u00f3nimo L\u00eddice, al poniente de la Ciudad de M\u00e9xico.<\/p>\n\n\n\n<p class=\"wp-block-paragraph\">Bueno, el casi centenario don Luis y sus colaboradores cercan\u00edsimo sostienen que la Carta de Derechos y Deberes Econ\u00f3micos de los Estados, est\u00e1 vigente y es factor para la cooperaci\u00f3n entre las naciones porque se funda en la justicia y la equidad y establece que no habr\u00e1 paz si no hay desarrollo. Sue\u00f1os de grandeza, el gran so\u00f1ador que se asumi\u00f3 defensor de los pobres pero en su administraci\u00f3n creci\u00f3 esta franja social.<\/p>\n\n\n\n<p class=\"wp-block-paragraph\">Y su sucesor, Jos\u00e9 L\u00f3pez Portillo debi\u00f3 pedirles perd\u00f3n por no haberlos sacado de la pobreza. Pero, en su \u00faltimo informe de gobierno el 1 de septiembre de 1982 admiti\u00f3 haber fracasado en la cruzada contra la pobreza.<\/p>\n\n\n\n<p class=\"wp-block-paragraph\">De los polvos de aquellos lodos del populismo echeverrista y los sue\u00f1os de liderazgo internacional, incluso como potencia petrolera con don Pepe L\u00f3pez Portillo, casi medio siglo despu\u00e9s el licenciado presidente Andr\u00e9s Manuel L\u00f3pez Obrador imagina que Morena puede extenderse hacia Latinoam\u00e9rica e incluso convencer al presidente de Estados Unidos, Joe Biden, de que \u00e9l, Andr\u00e9s Manuel, es el m\u00e1s ching\u00f3n de la pradera, capaz de encabezar, primero, a Latinoam\u00e9rica y el Caribe y despu\u00e9s, despu\u00e9s\u2026<\/p>\n\n\n\n<p class=\"wp-block-paragraph\">Y es que, el alumno Andr\u00e9s Manuel hoy sigue los pasos de su maestro Luis Echeverr\u00eda y sue\u00f1a con el liderazgo regional y luego mundial. Pero, en este intento a la mitad de su gesti\u00f3n, cuando el poder que detenta le permite hacer y proponer todo lo que le venga en gana, fracas\u00f3.<\/p>\n\n\n\n<p class=\"wp-block-paragraph\">Lo ocurrido el pasado fin de semana en ese encuentro de presidentes y jefes Estado que integran a la Comunidad de Estados Latinoamericanos y Caribe\u00f1os (CELAC), es el ejercicio emprendido por el Duce para trascender, as\u00ed sea con sustento en sus programas oficiales que han dejado mucho qu\u00e9 desear.<\/p>\n\n\n\n<p class=\"wp-block-paragraph\">\u00bfSu Alteza Seren\u00edsima, \u00e9mulo de Echeverr\u00eda? Lea usted los siguientes p\u00e1rrafos de su mensaje ante el pleno de la CELAC celebrado en el Sal\u00f3n de la Tesorer\u00eda de Palacio Nacional.<\/p>\n\n\n\n<p class=\"wp-block-paragraph\">\u201cLa CELAC, en estos tiempos, puede convertirse en el principal instrumento para consolidar las relaciones entre nuestros pa\u00edses de Am\u00e9rica Latina y el Caribe, y alcanzar el ideal de una integraci\u00f3n econ\u00f3mica con Estados Unidos y Canad\u00e1 en un marco de respeto a nuestras soberan\u00edas; es decir, construir en el continente americano algo parecido a lo que fue la Comunidad Econ\u00f3mica que dio origen a la actual Uni\u00f3n Europea.<\/p>\n\n\n\n<p class=\"wp-block-paragraph\">\u201cEs nuestro sentir que este ideal puede convertirse en realidad si pensamos y acordamos sobre tres cuestiones b\u00e1sicas: la no intervenci\u00f3n y la autodeterminaci\u00f3n de los pueblos; la cooperaci\u00f3n para el desarrollo y la ayuda mutua para combatir la desigualdad y la discriminaci\u00f3n.<\/p>\n\n\n\n<p class=\"wp-block-paragraph\">\u201cEn el terreno pol\u00edtico podemos comprometernos a respetar las decisiones internas de los pueblos y que ning\u00fan gobierno se arrogue la facultad de someter a otro pa\u00eds bajo ning\u00fan motivo, causa o pretexto, o mediante la utilizaci\u00f3n del dinero, la propaganda, las sanciones econ\u00f3micas y diplom\u00e1ticas o el uso de la fuerza\u201d.<\/p>\n\n\n\n<p class=\"wp-block-paragraph\">\u201c(\u2026) La propuesta es sencilla: se trata de reactivar pronto la econom\u00eda en nuestro continente para producir en Am\u00e9rica lo que consumimos\u201d.<\/p>\n\n\n\n<p class=\"wp-block-paragraph\">\u00bfQu\u00e9 le parece? \u00bfAlguna similitud con el sue\u00f1o de don Luis Echeverr\u00eda?<\/p>\n\n\n\n<p class=\"wp-block-paragraph\">\u00a1Ah!, el licenciado L\u00f3pez Obrador ocupa la presidencia Pro T\u00e9mpore de esta Comunidad de Estados Latinoamericanos y Caribe\u00f1os, desde el 7 de enero de 2020 y, de acuerdo con el reglamento del organismo, debi\u00f3 haber dejado el cargo en enero de este 2021, porque su duraci\u00f3n es de un a\u00f1o. \u00bfAlguien propuso a un nuevo presidente de la CELAC? Bueno, por de pronto es evidente que a Su Alteza Seren\u00edsima ya le gust\u00f3 esa encomienda.<\/p>\n\n\n\n<p class=\"wp-block-paragraph\">Por supuesto, aunque el meollo de la reuni\u00f3n del bloque, es decir, los lineamientos y propuesta para un plan de autosuficiencia sanitaria para Am\u00e9rica Latina y el Caribe los plante\u00f3 Alicia B\u00e1rcena, secretaria ejecutiva de la CEPAL, Andr\u00e9s Manuel lo asume personal y, en la ma\u00f1anera de inicio de semana sostuvo que \u201cel balance sobre la Celac es muy positivo, participaron muchos presidentes, ministros, diplom\u00e1ticos, de Am\u00e9rica Latina, del Caribe. Hubo un buen encuentro a pesar de las diferencias\u201d.<\/p>\n\n\n\n<p class=\"wp-block-paragraph\">Pero el tema de la OEA qued\u00f3 fuera y el asunto del dizque bloqueo a Cuba fue criticado. \u00bfSe alz\u00f3 como el l\u00edder latinoamericano? Sin duda, por cortes\u00eda con el anfitri\u00f3n, los presidentes de Uruguay y Paraguay no criticaron al poder centralizado y el populismo mexicano, como lo hicieron con las dictaduras de Nicaragua, Cuba y Venezuela.<\/p>\n\n\n\n<p class=\"wp-block-paragraph\">Lo dicho: Andr\u00e9s Manuel no pierde, m\u00ednimo empata.<\/p>\n\n\n\n<p class=\"wp-block-paragraph\">As\u00ed, presumi\u00f3 \u201cun gran acuerdo por consenso es el de crear un fondo para apoyar a pa\u00edses en situaci\u00f3n de desastre cuando son afectados por inundaciones, por sismos, por cualquier otro motivo, que haya solidaridad, que haya fraternidad entre todos los pueblos (\u00bfpor eso desapareci\u00f3 al FONDEN?)\u201d.<\/p>\n\n\n\n<p class=\"wp-block-paragraph\">Y luego, candil de la calle y oscuridad de la casa presumi\u00f3:<\/p>\n\n\n\n<p class=\"wp-block-paragraph\">\u201cM\u00e9xico siempre lo ha hecho, lo estamos haciendo ahora entregando vacunas, donando vacunas a muchos pa\u00edses de Am\u00e9rica Latina y del Caribe, y tambi\u00e9n apoyando a pa\u00edses como Hait\u00ed por el terremoto y por inundaciones, y la pobreza, porque les ha pegado muy fuerte todo en Hait\u00ed (\u2026). De modo que fue bueno el resultado de la CELAC\u201d.<\/p>\n\n\n\n<p class=\"wp-block-paragraph\">Y como cerrojazo del mensaje de inicio de semana, desde Oaxaca, luciendo una guayabera color para cruzar ejes viales, presumi\u00f3 la carta que envi\u00f3 al presidente Joe Biden. Y como su pecho no es bodega, revel\u00f3 que, para enfrentar a la recurrente migraci\u00f3n de indocumentados centroamericanos, le pidi\u00f3 aportar el dinero, los d\u00f3lares, en tanto \u00e9l pondr\u00e1 los programas que se aplican en el sureste del pa\u00eds en Chiapas, en especial el Sembrando Vida y el de J\u00f3venes Construyendo el Futuro, aplic\u00e1ndolos \u201cde inmediato en Guatemala, en Honduras y en El Salvador para crear expectativas, esperanzas y que la gente no se vea obligada a emigrar, eso es lo que les estamos planteando en la carta al presidente Biden\u201d.<\/p>\n\n\n\n<p class=\"wp-block-paragraph\">No se r\u00eda, pero imagine la carcajada en la oficina oval de la Casa Blanca. Bueno, bueno, es el sue\u00f1o de poder y alta influencia en las ligas mayores internacionales que cree poseer Su Alteza Seren\u00edsima. \u00c9rase que se es el cuento del so\u00f1ador. \u00a1Ah!, por favor, no proponga cambiar de nombre al Paseo de la Reforma por Paseo Andr\u00e9s Manuel, por favor. Digo.<\/p>\n\n\n\n<p class=\"wp-block-paragraph\">sanchezlimon@gmail.como www.entresemana.mx @msanchezlimon @msanchezlimon1<\/p>\n","protected":false},"excerpt":{"rendered":"<p>En aquellos d\u00edas cuando el hombre conquist\u00f3 a la Luna y Estados Unidos fracas\u00f3 en Vietnam y Av\u00e1ndaro se convirti\u00f3 en el fantasma que aterr\u00f3 al gobierno mexicano<\/p>\n","protected":false},"author":3,"featured_media":15805,"comment_status":"open","ping_status":"open","sticky":false,"template":"","format":"standard","meta":{"_monsterinsights_skip_tracking":false,"footnotes":""},"categories":[692,105,83,35],"tags":[459],"class_list":["post-40190","post","type-post","status-publish","format-standard","has-post-thumbnail","category-692","category-entresemana","category-moises-sanchez-limon","category-opinion","tag-opinion"],"_links":{"self":[{"href":"https:\/\/redsemlac.com\/semmexico\/wp-json\/wp\/v2\/posts\/40190","targetHints":{"allow":["GET"]}}],"collection":[{"href":"https:\/\/redsemlac.com\/semmexico\/wp-json\/wp\/v2\/posts"}],"about":[{"href":"https:\/\/redsemlac.com\/semmexico\/wp-json\/wp\/v2\/types\/post"}],"author":[{"embeddable":true,"href":"https:\/\/redsemlac.com\/semmexico\/wp-json\/wp\/v2\/users\/3"}],"replies":[{"embeddable":true,"href":"https:\/\/redsemlac.com\/semmexico\/wp-json\/wp\/v2\/comments?post=40190"}],"version-history":[{"count":0,"href":"https:\/\/redsemlac.com\/semmexico\/wp-json\/wp\/v2\/posts\/40190\/revisions"}],"wp:featuredmedia":[{"embeddable":true,"href":"https:\/\/redsemlac.com\/semmexico\/wp-json\/wp\/v2\/media\/15805"}],"wp:attachment":[{"href":"https:\/\/redsemlac.com\/semmexico\/wp-json\/wp\/v2\/media?parent=40190"}],"wp:term":[{"taxonomy":"category","embeddable":true,"href":"https:\/\/redsemlac.com\/semmexico\/wp-json\/wp\/v2\/categories?post=40190"},{"taxonomy":"post_tag","embeddable":true,"href":"https:\/\/redsemlac.com\/semmexico\/wp-json\/wp\/v2\/tags?post=40190"}],"curies":[{"name":"wp","href":"https:\/\/api.w.org\/{rel}","templated":true}]}}