{"id":40182,"date":"2021-09-21T16:20:00","date_gmt":"2021-09-21T22:20:00","guid":{"rendered":"https:\/\/redsemlac.com\/semmexico\/?p=40182"},"modified":"2023-07-21T17:06:54","modified_gmt":"2023-07-21T22:06:54","slug":"proponen-a-senadora-ifigenia-martinez-para-recibir-medalla-belisario-dominguez","status":"publish","type":"post","link":"https:\/\/redsemlac.com\/semmexico\/proponen-a-senadora-ifigenia-martinez-para-recibir-medalla-belisario-dominguez\/","title":{"rendered":"Proponen a senadora Ifigenia Mart\u00ednez, para recibir Medalla Belisario Dom\u00ednguez"},"content":{"rendered":"\n<ul class=\"wp-block-list\"><li><strong> Ser\u00eda en reconocimiento por sus aportaciones a la vida diplom\u00e1tica, pol\u00edtica y social de M\u00e9xico\u00a0<\/strong><\/li><li><strong>Mart\u00ednez Hern\u00e1ndez fue la primera mexicana que obtuvo un posgrado en Econom\u00eda en la Universidad de Harvard<\/strong><\/li><\/ul>\n\n\n\n<p class=\"wp-block-paragraph\"><strong>Redacci\u00f3n<br><\/strong>SemM\u00e9xico, Cd. de M\u00e9xico, 21 de septiembre, 2021.- La Junta de Coordinaci\u00f3n Pol\u00edtica, que preside el senador Ricardo Monreal \u00c1vila, present\u00f3 formalmente al Senado la candidatura de Ifigenia Mart\u00ednez Hern\u00e1ndez, para que reciba la Medalla de Honor Belisario Dom\u00ednguez, correspondiente a 2021.&nbsp;<\/p>\n\n\n\n<p class=\"wp-block-paragraph\">En el acuerdo, los coordinadores parlamentarios de Morena, PAN, PRI, Movimiento Ciudadano, PVEM, PT, Encuentro Social y PRD, destacaron que este ser\u00eda un reconocimiento a la senadora por sus aportaciones a la vida diplom\u00e1tica, pol\u00edtica y social de M\u00e9xico. &nbsp;<\/p>\n\n\n\n<p class=\"wp-block-paragraph\">As\u00ed como por su firme convicci\u00f3n sobre la democratizaci\u00f3n del pa\u00eds y su lucha incansable por la justicia, los derechos humanos, la equidad y la igualdad de g\u00e9nero. &nbsp;<\/p>\n\n\n\n<p class=\"wp-block-paragraph\">Para este \u00f3rgano de gobierno, se menciona en el documento, Ifigenia Mart\u00ednez Hern\u00e1ndez ha realizado una labor destacable y ha dedicado su vida al servicio de M\u00e9xico. &nbsp;<\/p>\n\n\n\n<p class=\"wp-block-paragraph\">A lo largo de los a\u00f1os, asentaron las y los integrantes de la Junta de Coordinaci\u00f3n Pol\u00edtica, ella ha luchado por la democracia de nuestra naci\u00f3n y ha abierto la puerta a las mujeres, en \u00e1mbitos que hasta hace algunos a\u00f1os se consideraban s\u00f3lo para el ejercicio de los hombres. &nbsp;<\/p>\n\n\n\n<p class=\"wp-block-paragraph\">Mart\u00ednez Hern\u00e1ndez fue la primera mexicana que obtuvo un posgrado en Econom\u00eda en la Universidad de Harvard; cofundadora de la Comisi\u00f3n Econ\u00f3mica para Am\u00e9rica Latina y el Caribe en 1950; Premio Nacional de Econom\u00eda 1960; en 1966 encabez\u00f3 la Oficina de la Presidencia de la Rep\u00fablica como Jefa del \u00e1rea Econ\u00f3mica; adem\u00e1s se desempe\u00f1\u00f3 como Subsecretaria de Descentralizaci\u00f3n Administrativa de la Secretar\u00eda de Hacienda y Cr\u00e9dito P\u00fablico. &nbsp;<\/p>\n\n\n\n<p class=\"wp-block-paragraph\">Tambi\u00e9n fue catedr\u00e1tica del Centro de Estudios Monetarios Latinoamericanos; condecorada como \u201cMujer del A\u00f1o\u201d en 1966; primera mujer en dirigir la Facultad de Econom\u00eda de la UNAM y una de las principales defensoras de la Universidad, tras la entrada del Ej\u00e9rcito en Ciudad Universitaria, en 1968.&nbsp;<\/p>\n\n\n\n<p class=\"wp-block-paragraph\">Adem\u00e1s, se desempe\u00f1\u00f3 como embajadora de M\u00e9xico en Nueva York ante la Organizaci\u00f3n de las Naciones Unidas; integrante del Consejo Consultivo inicial de UNICEF, M\u00e9xico; Premio Nacional de la Mujer en 2011; diputada federal, senadora de la Rep\u00fablica; y considerada dentro de las 10 intelectuales m\u00e1s importantes de Am\u00e9rica Latina. &nbsp;<\/p>\n\n\n\n<p class=\"wp-block-paragraph\">El acuerdo fue turnado a la Comisi\u00f3n de la Medalla Belisario Dom\u00ednguez y suscrito por los coordinadores parlamentarios de Morena, Ricardo Monreal \u00c1vila; del PAN, Julen Rementer\u00eda del Puerto; del PRI, Miguel \u00c1ngel Osorio Chong; y de Movimiento Ciudadano, Dante Delgado. &nbsp;<\/p>\n\n\n\n<p class=\"wp-block-paragraph\">As\u00ed como del PVEM, Manuel Velasco Coello; del PT, Geovanna Ba\u00f1uelos de la Torre; de Encuentro Social, Sasil de Le\u00f3n Villard; del PRD, Miguel \u00c1ngel Mancera Espinosa; y por la senadora Marybel Villegas Canch\u00e9 y el senador Higinio Mart\u00ednez Miranda, de Morena. &nbsp;<\/p>\n\n\n\n<p class=\"wp-block-paragraph\">SEM\/sj<\/p>\n","protected":false},"excerpt":{"rendered":"<p>Mart\u00ednez Hern\u00e1ndez fue la primera mexicana que obtuvo un posgrado en Econom\u00eda en la Universidad de Harvard<\/p>\n","protected":false},"author":3,"featured_media":40183,"comment_status":"open","ping_status":"open","sticky":false,"template":"","format":"standard","meta":{"_monsterinsights_skip_tracking":false,"footnotes":""},"categories":[692,50],"tags":[149],"class_list":["post-40182","post","type-post","status-publish","format-standard","has-post-thumbnail","category-692","category-congreso","tag-mujeres"],"_links":{"self":[{"href":"https:\/\/redsemlac.com\/semmexico\/wp-json\/wp\/v2\/posts\/40182","targetHints":{"allow":["GET"]}}],"collection":[{"href":"https:\/\/redsemlac.com\/semmexico\/wp-json\/wp\/v2\/posts"}],"about":[{"href":"https:\/\/redsemlac.com\/semmexico\/wp-json\/wp\/v2\/types\/post"}],"author":[{"embeddable":true,"href":"https:\/\/redsemlac.com\/semmexico\/wp-json\/wp\/v2\/users\/3"}],"replies":[{"embeddable":true,"href":"https:\/\/redsemlac.com\/semmexico\/wp-json\/wp\/v2\/comments?post=40182"}],"version-history":[{"count":0,"href":"https:\/\/redsemlac.com\/semmexico\/wp-json\/wp\/v2\/posts\/40182\/revisions"}],"wp:featuredmedia":[{"embeddable":true,"href":"https:\/\/redsemlac.com\/semmexico\/wp-json\/wp\/v2\/media\/40183"}],"wp:attachment":[{"href":"https:\/\/redsemlac.com\/semmexico\/wp-json\/wp\/v2\/media?parent=40182"}],"wp:term":[{"taxonomy":"category","embeddable":true,"href":"https:\/\/redsemlac.com\/semmexico\/wp-json\/wp\/v2\/categories?post=40182"},{"taxonomy":"post_tag","embeddable":true,"href":"https:\/\/redsemlac.com\/semmexico\/wp-json\/wp\/v2\/tags?post=40182"}],"curies":[{"name":"wp","href":"https:\/\/api.w.org\/{rel}","templated":true}]}}