{"id":40177,"date":"2021-09-21T15:36:00","date_gmt":"2021-09-21T21:36:00","guid":{"rendered":"https:\/\/redsemlac.com\/semmexico\/?p=40177"},"modified":"2023-07-21T17:06:55","modified_gmt":"2023-07-21T22:06:55","slug":"humanidad-vive-una-cascada-de-crisis-onu","status":"publish","type":"post","link":"https:\/\/redsemlac.com\/semmexico\/humanidad-vive-una-cascada-de-crisis-onu\/","title":{"rendered":"Humanidad vive una cascada de crisis: ONU"},"content":{"rendered":"\n<ul class=\"wp-block-list\"><li><strong> Antonio Guterres: la pandemia y el cambio clim\u00e1tico revelan la fragilidad humana y del planeta<\/strong><\/li><\/ul>\n\n\n\n<ul class=\"wp-block-list\"><li><strong>Llama a atender Nuestra Agenda Com\u00fan, que establece cerrar la brecha de g\u00e9nero<\/strong><\/li><\/ul>\n\n\n\n<p class=\"wp-block-paragraph\"><strong>Lorena Vaniezcot<\/strong><\/p>\n\n\n\n<p class=\"wp-block-paragraph\">SemM\u00e9xico, Ciudad de M\u00e9xico, 21 de septiembre 2021.- Antonio Guterres, secretario general de la ONU, dijo que hoy es el momento de la verdad, de cumplir, de restaurar la confianza e inspirar esperanza, ante la cascada de crisis que enfrentamos como humanidad, donde la pandemia y el cambio clim\u00e1tico revelan nuestras fragilidades como sociedad y como planeta.<\/p>\n\n\n\n<p class=\"wp-block-paragraph\">Al inaugurar el 76 periodo de Sesiones de la Asamblea General en la sede de la Organizaci\u00f3n de las Naciones Unidas en Nueva York, lo primero que dijo fue: \u201cEstoy aqu\u00ed para dar una se\u00f1al de alarma: el mundo debe despertar. Estamos al borde de un abismo y avanzamos en la direcci\u00f3n equivocada. Nuestro mundo nunca ha estado m\u00e1s amenazado. O m\u00e1s dividido\u201d.<\/p>\n\n\n\n<p class=\"wp-block-paragraph\">Tras un breve recuento en el que destacaron tres aspectos fundamentales: la pandemia de Covid 19 que ha sobredimensionado desigualdades flagrantes. La crisis clim\u00e1tica que golpea al planeta, y la agitaci\u00f3n de Afganist\u00e1n a Etiop\u00eda a Yemen y m\u00e1s all\u00e1 ha frustrado la paz, adem\u00e1s de una oleada de desconfianza y desinformaci\u00f3n polariza a las personas y paraliza a las sociedades.<\/p>\n\n\n\n<p class=\"wp-block-paragraph\">\u201cLos derechos humanos est\u00e1n bajo fuego. La ciencia est\u00e1 bajo ataque\u201d, sentenci\u00f3 Guterres quien lament\u00f3 la desigualdad en el acceso a las vacunas. En tanto una fotograf\u00eda muestra las vacunas en la basura, caducadas y sin usar: \u201cQuiz\u00e1s una imagen cuenta la historia de nuestro tiempo\u201d y eso sucede en tanto m\u00e1s del 90 por ciento de la poblaci\u00f3n africana sigue esperando su primera dosis. \u201cEsta es una acusaci\u00f3n moral del estado de nuestro mundo\u201d.<\/p>\n\n\n\n<p class=\"wp-block-paragraph\"><strong>Alarmas clim\u00e1ticas<\/strong><\/p>\n\n\n\n<p class=\"wp-block-paragraph\">Con la expresi\u00f3n \u201cdebemos ponernos serios y actuar r\u00e1pido\u201d el secretario general de la ONU dijo que el informe del Panel Intergubernamental sobre Cambio Clim\u00e1tico fue un c\u00f3digo rojo para la humanidad y record\u00f3 algunas se\u00f1ales de advertencia en todos los continentes y regiones. \u201cNi siquiera esta ciudad, la capital financiera del mundo, es inmune\u201d.<\/p>\n\n\n\n<p class=\"wp-block-paragraph\">Afirm\u00f3 que de acuerdo con la ciencia a\u00fan no es demasiado tarde. Pero se necesita reducir en 45 por ciento las emisiones para 2030. Sin embargo, un informe reciente de la ONU dej\u00f3 en claro que, con los compromisos clim\u00e1ticos nacionales actuales, las emisiones aumentar\u00e1n en un 16 por ciento para 2030.<\/p>\n\n\n\n<p class=\"wp-block-paragraph\">\u201cEso nos condenar\u00eda a un infierno de aumentos de temperatura de al menos 2,7 grados por encima de los niveles preindustriales\u201d.<\/p>\n\n\n\n<p class=\"wp-block-paragraph\">Advirti\u00f3 que, pese a las enormes fragilidades, en lugar de humildad frente a estos desaf\u00edos \u00e9picos, vemos arrogancia, destrucci\u00f3n y crece la enfermedad de la desconfianza y como nunca, los valores fundamentales est\u00e1n en la mira.<\/p>\n\n\n\n<p class=\"wp-block-paragraph\">Nos enfrentamos a un momento de la verdad. Necesitamos fortalecer la gobernanza global. Necesitamos enfocarnos en el futuro. Necesitamos renovar el contrato social. Necesitamos asegurarnos de que las Naciones Unidas se adapten a una nueva era, dijo.<\/p>\n\n\n\n<p class=\"wp-block-paragraph\">Nuestra Agenda Com\u00fan, dijo, se basa en la Carta de las Naciones Unidas, la Declaraci\u00f3n Universal de Derechos Humanos, la Agenda 2030 para el Desarrollo Sostenible y el Acuerdo Clim\u00e1tico de Par\u00eds. Y tiene seis grandes divisiones, seis grandes ca\u00f1ones, que debemos salvar ahora.<\/p>\n\n\n\n<p class=\"wp-block-paragraph\"><strong>Primero, debemos salvar la brecha de la paz<\/strong>. En este apartado se refiri\u00f3 lo que se tiene que hacer en los pa\u00edses en conflictos como Afganist\u00e1n, Etiop\u00eda, Myanmar, Sahel, Yemen, Libia y Siria, as\u00ed como Israel y Palestina, as\u00ed como Hait\u00ed y en muchos otros lugares que quedaron atr\u00e1s, donde nos solidarizamos en cada paso para salir de la crisis.<\/p>\n\n\n\n<p class=\"wp-block-paragraph\">Por lo que llam\u00f3 ainvertir en prevenci\u00f3n, mantenimiento y consolidaci\u00f3n de la paz. Necesitamos avances en el desarme nuclear y en nuestros esfuerzos compartidos para combatir el terrorismo.<\/p>\n\n\n\n<p class=\"wp-block-paragraph\"><strong>En segundo lugar, debemos salvar la brecha clim\u00e1tica.<\/strong> Esto requiere tender un puente de confianza entre el Norte y el Sur. Pidi\u00f3 hacer posible crear las condiciones para el \u00e9xito el Glasgow y m\u00e1s ambici\u00f3n de todos los pa\u00edses en tres \u00e1reas clave: mitigaci\u00f3n, financiaci\u00f3n y adaptaci\u00f3n frente a la emergencia planetaria.<\/p>\n\n\n\n<p class=\"wp-block-paragraph\"><strong>En tercer lugar, debemos cerrar la brecha entre ricos y pobres, dentro de los pa\u00edses y entre ellos.<\/strong>&nbsp; Eso comienza por poner fin a la pandemia para todos, en todas partes para reducir las desigualdades. Dijo que para lograrlo se hace necesario la inversi\u00f3n urgente de liquidez en muchos pa\u00edses, por lo que dio la bienvenida a la emisi\u00f3n de 650 mil millones de d\u00f3lares en Derechos Especiales de Giro por parte del Fondo Monetario Internacional. Sin embargo, advirti\u00f3 que los DEG no son una soluci\u00f3n milagrosa, pero brindan espacio para la recuperaci\u00f3n y el crecimiento sostenibles.<\/p>\n\n\n\n<p class=\"wp-block-paragraph\">En ese sentido, el secretario general de la ONU renov\u00f3 su llamado a una arquitectura de deuda internacional reformada y m\u00e1s equitativa.<\/p>\n\n\n\n<p class=\"wp-block-paragraph\"><strong>Cuarto, debemos cerrar la brecha de g\u00e9nero.<\/strong> Cerrar la brecha entre mujeres y hombres no se trata solo de justicia para mujeres y ni\u00f1as. Este es un cambio de juego para toda la humanidad. Las sociedades m\u00e1s igualitarias tambi\u00e9n son m\u00e1s estables y pac\u00edficas. Tienen mejores sistemas de salud y econom\u00edas m\u00e1s din\u00e1micas, dijo tras hacer un balance de lo ocurrido con el confinamiento por la pandemia a las mujeres y las ni\u00f1as.<\/p>\n\n\n\n<p class=\"wp-block-paragraph\">La igualdad de las mujeres es esencialmente una cuesti\u00f3n de poder. Si queremos resolver los problemas m\u00e1s dif\u00edciles de nuestro tiempo, necesitamos con urgencia transformar nuestro mundo dominado por los hombres y cambiar el equilibrio de poder se requiere de m\u00e1s mujeres en los liderazgos parlamentarios, gabinetes ministeriales y juntas<\/p>\n\n\n\n<p class=\"wp-block-paragraph\">Dijo tambi\u00e9n que los paquetes de est\u00edmulos econ\u00f3micos deben poder a las mujeres en el centro y pidi\u00f3 que se adopte un plan de emergencia para combatir la violencia de g\u00e9nero en cada pa\u00eds.<\/p>\n\n\n\n<p class=\"wp-block-paragraph\"><strong>En quinto lugar, para restaurar la confianza y reavivar la esperanza, <\/strong>debemos cerrar la brecha digital. En sentido afirm\u00f3 que la mitad de la humanidad no tiene acceso a Internet. Necesitamos que todos est\u00e9n conectados para 2030.<\/p>\n\n\n\n<p class=\"wp-block-paragraph\">Esta es la visi\u00f3n de mi Plan de Acci\u00f3n de Cooperaci\u00f3n Digital: aprovechar las promesas de la tecnolog\u00eda digital mientras me protege contra sus peligros. Guterres denunci\u00f3 que se est\u00e1 construyendo una vasta biblioteca de informaci\u00f3n sobre cada uno de nosotros. Y ni siquiera tenemos acceso a \u00e9l, como tampoco sabemos c\u00f3mo se recopil\u00f3 la informaci\u00f3n ni con qu\u00e9 fines.<\/p>\n\n\n\n<p class=\"wp-block-paragraph\">Los gobiernos &#8211; y otras entidades &#8211; pueden explotarlos para controlar o manipular el comportamiento de los ciudadanos, violando as\u00ed los derechos humanos de individuos o grupos y socavando la democracia. Esto no es ciencia ficci\u00f3n. \u00c9sta es nuestra realidad.<\/p>\n\n\n\n<p class=\"wp-block-paragraph\"><strong>En sexto lugar, y por \u00faltimo, tenemos que salvar la brecha entre generaciones. <\/strong>Nuestra Agenda Com\u00fan propone la celebraci\u00f3n, el a\u00f1o que viene, de una Cumbre para la Transformaci\u00f3n de la Educaci\u00f3n con el fin de abordar la crisis del aprendizaje y ampliar las oportunidades al alcance de las y los mil 800 millones de j\u00f3venes de hoy.<\/p>\n\n\n\n<p class=\"wp-block-paragraph\">Anunci\u00f3 tambi\u00e9n la creaci\u00f3n de una Oficina de la Juventud de las Naciones Unidas y el nombramiento de un Enviado Especial para las Generaciones Futuras.<\/p>\n\n\n\n<p class=\"wp-block-paragraph\">Entre los datos que ofreci\u00f3 destacan que una investigaci\u00f3n reciente realizada en 10 pa\u00edses demostr\u00f3 que la mayor\u00eda de los j\u00f3venes sufre altos niveles de ansiedad y angustia por el estado de nuestro planeta. Un 60% de sus futuros votantes se sienten traicionados por sus gobiernos.<\/p>\n\n\n\n<p class=\"wp-block-paragraph\">Por \u00faltimo, sostuvo que con un compromiso real se puede cumplir la promesa de un mundo mejor y m\u00e1s pac\u00edfico.<\/p>\n\n\n\n<p class=\"wp-block-paragraph\">SEM\/sj<\/p>\n","protected":false},"excerpt":{"rendered":"<p> Antonio Guterres: la pandemia y el cambio clim\u00e1tico revelan la fragilidad humana y del planeta<\/p>\n","protected":false},"author":3,"featured_media":40178,"comment_status":"open","ping_status":"open","sticky":false,"template":"","format":"standard","meta":{"_monsterinsights_skip_tracking":false,"footnotes":""},"categories":[692,51],"tags":[],"class_list":["post-40177","post","type-post","status-publish","format-standard","has-post-thumbnail","category-692","category-ejecutivo"],"_links":{"self":[{"href":"https:\/\/redsemlac.com\/semmexico\/wp-json\/wp\/v2\/posts\/40177","targetHints":{"allow":["GET"]}}],"collection":[{"href":"https:\/\/redsemlac.com\/semmexico\/wp-json\/wp\/v2\/posts"}],"about":[{"href":"https:\/\/redsemlac.com\/semmexico\/wp-json\/wp\/v2\/types\/post"}],"author":[{"embeddable":true,"href":"https:\/\/redsemlac.com\/semmexico\/wp-json\/wp\/v2\/users\/3"}],"replies":[{"embeddable":true,"href":"https:\/\/redsemlac.com\/semmexico\/wp-json\/wp\/v2\/comments?post=40177"}],"version-history":[{"count":0,"href":"https:\/\/redsemlac.com\/semmexico\/wp-json\/wp\/v2\/posts\/40177\/revisions"}],"wp:featuredmedia":[{"embeddable":true,"href":"https:\/\/redsemlac.com\/semmexico\/wp-json\/wp\/v2\/media\/40178"}],"wp:attachment":[{"href":"https:\/\/redsemlac.com\/semmexico\/wp-json\/wp\/v2\/media?parent=40177"}],"wp:term":[{"taxonomy":"category","embeddable":true,"href":"https:\/\/redsemlac.com\/semmexico\/wp-json\/wp\/v2\/categories?post=40177"},{"taxonomy":"post_tag","embeddable":true,"href":"https:\/\/redsemlac.com\/semmexico\/wp-json\/wp\/v2\/tags?post=40177"}],"curies":[{"name":"wp","href":"https:\/\/api.w.org\/{rel}","templated":true}]}}