{"id":40174,"date":"2021-09-21T15:32:31","date_gmt":"2021-09-21T21:32:31","guid":{"rendered":"https:\/\/redsemlac.com\/semmexico\/?p=40174"},"modified":"2023-07-21T17:06:55","modified_gmt":"2023-07-21T22:06:55","slug":"aborto-y-matrimonio-igualitario-prioridad-en-la-agenda-legislativa-de-guerrero","status":"publish","type":"post","link":"https:\/\/redsemlac.com\/semmexico\/aborto-y-matrimonio-igualitario-prioridad-en-la-agenda-legislativa-de-guerrero\/","title":{"rendered":"Aborto y matrimonio igualitario prioridad en la agenda legislativa de Guerrero"},"content":{"rendered":"\n<ul class=\"wp-block-list\"><li><strong> Seguimiento a las resoluciones de la Corte, dice la bancada de Morena<\/strong><\/li><\/ul>\n\n\n\n<ul class=\"wp-block-list\"><li><strong>No es un traje a la medida de la gobernadora electa, Evelyn Salgado<\/strong><\/li><\/ul>\n\n\n\n<p class=\"wp-block-paragraph\">SemM\u00e9xico\/Ceprovysa, Chilpancingo, Gro., 21 de septiembre 2021.- La diputaci\u00f3n de MORENA inform\u00f3 que son 16 temas centrales que contempla la Agenda Legislativa que guiar\u00e1 su trabajo en el Congreso Local, entre los que destacan la despenalizaci\u00f3n del aborto y los matrimonios igualitarios, en los cuales la Corte ya emiti\u00f3 resoluciones, por lo que ser\u00e1n prioritarios.<\/p>\n\n\n\n<p class=\"wp-block-paragraph\">Durante una conferencia de prensa, las y los 22 legisladores que componen la bancada de MORENA en la Sexag\u00e9sima Tercera Legislatura Local se\u00f1alaron que la agenda no es un traje a la medida de la gobernadora electa, Evelyn Salgado, aunque reconocieron que las coincidencias que tienen con ella al ser emanada de su mismo partido, les hace tener coincidencias y, adem\u00e1s, contemplan atender los compromisos de la 4T y del Presidente de M\u00e9xico.<\/p>\n\n\n\n<p class=\"wp-block-paragraph\">Al presentar su propuesta de trabajo, la calificaron como una \u201cagenda din\u00e1mica\u201d, donde se incluir\u00e1n otros que sean reclamos sociales, turismo, transparencia, educaci\u00f3n, adem\u00e1s de los derechos humanos y de g\u00e9nero, el combate a la pobreza, seguridad y estado de derecho, adem\u00e1s de justicia. Am\u00e9n de Pol\u00edtica y Gobierno; Presupuesto, austeridad y modernizaci\u00f3n administrativa, Econom\u00eda y sistema financiero.<\/p>\n\n\n\n<p class=\"wp-block-paragraph\">SEM\/Ceprovysa<\/p>\n","protected":false},"excerpt":{"rendered":"<p>No es un traje a la medida de la gobernadora electa, Evelyn Salgado<\/p>\n","protected":false},"author":3,"featured_media":40176,"comment_status":"open","ping_status":"open","sticky":false,"template":"","format":"standard","meta":{"_monsterinsights_skip_tracking":false,"footnotes":""},"categories":[692,50],"tags":[144],"class_list":["post-40174","post","type-post","status-publish","format-standard","has-post-thumbnail","category-692","category-congreso","tag-guerrero"],"_links":{"self":[{"href":"https:\/\/redsemlac.com\/semmexico\/wp-json\/wp\/v2\/posts\/40174","targetHints":{"allow":["GET"]}}],"collection":[{"href":"https:\/\/redsemlac.com\/semmexico\/wp-json\/wp\/v2\/posts"}],"about":[{"href":"https:\/\/redsemlac.com\/semmexico\/wp-json\/wp\/v2\/types\/post"}],"author":[{"embeddable":true,"href":"https:\/\/redsemlac.com\/semmexico\/wp-json\/wp\/v2\/users\/3"}],"replies":[{"embeddable":true,"href":"https:\/\/redsemlac.com\/semmexico\/wp-json\/wp\/v2\/comments?post=40174"}],"version-history":[{"count":0,"href":"https:\/\/redsemlac.com\/semmexico\/wp-json\/wp\/v2\/posts\/40174\/revisions"}],"wp:featuredmedia":[{"embeddable":true,"href":"https:\/\/redsemlac.com\/semmexico\/wp-json\/wp\/v2\/media\/40176"}],"wp:attachment":[{"href":"https:\/\/redsemlac.com\/semmexico\/wp-json\/wp\/v2\/media?parent=40174"}],"wp:term":[{"taxonomy":"category","embeddable":true,"href":"https:\/\/redsemlac.com\/semmexico\/wp-json\/wp\/v2\/categories?post=40174"},{"taxonomy":"post_tag","embeddable":true,"href":"https:\/\/redsemlac.com\/semmexico\/wp-json\/wp\/v2\/tags?post=40174"}],"curies":[{"name":"wp","href":"https:\/\/api.w.org\/{rel}","templated":true}]}}