{"id":40169,"date":"2021-09-21T13:26:00","date_gmt":"2021-09-21T19:26:00","guid":{"rendered":"https:\/\/redsemlac.com\/semmexico\/?p=40169"},"modified":"2023-07-21T17:06:55","modified_gmt":"2023-07-21T22:06:55","slug":"proyecto-de-presupuesto-de-egresos-2022-desconectado-de-la-realidad","status":"publish","type":"post","link":"https:\/\/redsemlac.com\/semmexico\/proyecto-de-presupuesto-de-egresos-2022-desconectado-de-la-realidad\/","title":{"rendered":"Proyecto de Presupuesto de Egresos 2022 desconectado de la realidad"},"content":{"rendered":"\n<ul class=\"wp-block-list\"><li><strong>Realiza organizaci\u00f3n \u201cM\u00e9xico \u00bfC\u00f3mo vamos?\u201d un an\u00e1lisis del proyecto del PEF 2022<\/strong><\/li><\/ul>\n\n\n\n<ul class=\"wp-block-list\"><li><strong>Sin presupuesto para el Sistema Nacional de Cuidados<\/strong><\/li><\/ul>\n\n\n\n<p class=\"wp-block-paragraph\"><strong>Micaela M\u00e1rquez<\/strong><\/p>\n\n\n\n<p class=\"wp-block-paragraph\">SemM\u00e9xico, Cd. de M\u00e9xico, 21 de septiembre 2021.- El proyecto del Presupuesto de Egresos de la Federaci\u00f3n 2022 no contempla apoyos para la poblaci\u00f3n vulnerable, microempresas y la rehabilitaci\u00f3n de escuelas despu\u00e9s de la pandemia, se\u00f1ala un an\u00e1lisis de la organizaci\u00f3n M\u00e9xico \u00bfC\u00f3mo vamos?<\/p>\n\n\n\n<p class=\"wp-block-paragraph\">En cambio, se incrementaron hasta en m\u00e1s de un 60 por ciento, en relaci\u00f3n al 2021, los recursos para los proyectos del Tren Maya y la Guardia Nacional, se\u00f1ala el estudio.<\/p>\n\n\n\n<p class=\"wp-block-paragraph\">Si bien destina un incremento del 11.4 por ciento del presupuesto en la funci\u00f3n Desarrollo Econ\u00f3mico frente a lo destinado en el 2021, destaca que se destine m\u00e1s recursos al Tren Maya con 63,231 millones de pesos, 68 por ciento m\u00e1s, y a la Guardia Nacional 29,803 millones de pesos, 70 por ciento m\u00e1s.<\/p>\n\n\n\n<p class=\"wp-block-paragraph\">Lo que considera que se desconecta de la realidad despu\u00e9s de la pandemia con cierre de empresas y el duro golpe al sector servicios que representa m\u00e1s del 60 por ciento de la econom\u00eda mexicana.<\/p>\n\n\n\n<p class=\"wp-block-paragraph\">Tampoco contempla ning\u00fan apoyo sectorial para la recuperaci\u00f3n del sector servicios ante los riesgos de las nuevas variantes del coronavirus, al contrario, desapareci\u00f3 el programa de Microcr\u00e9ditos para el bienestar, el \u00fanico programa que ten\u00edan las empresas para acceder a financiamiento.<\/p>\n\n\n\n<p class=\"wp-block-paragraph\">Sin presupuesto para el Sistema Nacional de Cuidados, que permitir\u00eda a m\u00e1s mujeres incorporarse a la fuerza laboral y contribuir\u00eda a reducir la brecha en la participaci\u00f3n en trabajos de mercado.<\/p>\n\n\n\n<ul class=\"wp-block-list\"><li>&nbsp;<\/li><\/ul>\n\n\n\n<p class=\"wp-block-paragraph\">Respecto a los programas sociales beneficiados con los mayores recursos considera que no est\u00e1n focalizados a las poblaciones m\u00e1s vulnerables, ya que destina m\u00e1s de 97 millones a la pensi\u00f3n para adultos mayores lo que es una negaci\u00f3n impl\u00edcita a la existencia de 10.8 millones de personas en pobreza extrema.<\/p>\n\n\n\n<p class=\"wp-block-paragraph\">Sin embargo, celebra como una gran noticia el incremento presupuestal en 26 mil millones de pesos a la campa\u00f1a de vacunaci\u00f3n contra el COVID-19, al considerar que la inmunizaci\u00f3n contra el SARS-CoV-2 es indispensable para superar la pandemia y poder retomar actividades sociales como la educaci\u00f3n y el comercio.<\/p>\n\n\n\n<p class=\"wp-block-paragraph\">M\u00e9xico \u00bfC\u00f3mo vamos? hace la recomendaci\u00f3n de fortalecer la transparencia presupuestal, en especial con relaci\u00f3n a los recursos destinados a la Refiner\u00eda de Dos Bocas, Tabasco, tanto por su importancia en el plan de desarrollo nacional como en los recursos financieros destinados a esta, por lo que deber\u00eda aparecer como Proyecto Prioritario en los Criterios Generales de Pol\u00edtica Econ\u00f3mica.<\/p>\n\n\n\n<p class=\"wp-block-paragraph\">SEM\/mm\/sj<\/p>\n","protected":false},"excerpt":{"rendered":"<p>Sin presupuesto para el Sistema Nacional de Cuidados<\/p>\n","protected":false},"author":3,"featured_media":40170,"comment_status":"open","ping_status":"open","sticky":false,"template":"","format":"standard","meta":{"_monsterinsights_skip_tracking":false,"footnotes":""},"categories":[692,52],"tags":[],"class_list":["post-40169","post","type-post","status-publish","format-standard","has-post-thumbnail","category-692","category-hombres"],"_links":{"self":[{"href":"https:\/\/redsemlac.com\/semmexico\/wp-json\/wp\/v2\/posts\/40169","targetHints":{"allow":["GET"]}}],"collection":[{"href":"https:\/\/redsemlac.com\/semmexico\/wp-json\/wp\/v2\/posts"}],"about":[{"href":"https:\/\/redsemlac.com\/semmexico\/wp-json\/wp\/v2\/types\/post"}],"author":[{"embeddable":true,"href":"https:\/\/redsemlac.com\/semmexico\/wp-json\/wp\/v2\/users\/3"}],"replies":[{"embeddable":true,"href":"https:\/\/redsemlac.com\/semmexico\/wp-json\/wp\/v2\/comments?post=40169"}],"version-history":[{"count":0,"href":"https:\/\/redsemlac.com\/semmexico\/wp-json\/wp\/v2\/posts\/40169\/revisions"}],"wp:featuredmedia":[{"embeddable":true,"href":"https:\/\/redsemlac.com\/semmexico\/wp-json\/wp\/v2\/media\/40170"}],"wp:attachment":[{"href":"https:\/\/redsemlac.com\/semmexico\/wp-json\/wp\/v2\/media?parent=40169"}],"wp:term":[{"taxonomy":"category","embeddable":true,"href":"https:\/\/redsemlac.com\/semmexico\/wp-json\/wp\/v2\/categories?post=40169"},{"taxonomy":"post_tag","embeddable":true,"href":"https:\/\/redsemlac.com\/semmexico\/wp-json\/wp\/v2\/tags?post=40169"}],"curies":[{"name":"wp","href":"https:\/\/api.w.org\/{rel}","templated":true}]}}