{"id":40165,"date":"2021-09-21T12:30:00","date_gmt":"2021-09-21T18:30:00","guid":{"rendered":"https:\/\/redsemlac.com\/semmexico\/?p=40165"},"modified":"2023-07-21T17:06:55","modified_gmt":"2023-07-21T22:06:55","slug":"migrantes-haitianos-huyen-de-la-falta-de-oportunidades","status":"publish","type":"post","link":"https:\/\/redsemlac.com\/semmexico\/migrantes-haitianos-huyen-de-la-falta-de-oportunidades\/","title":{"rendered":"Migrantes haitianos huyen de la falta de oportunidades"},"content":{"rendered":"\n<ul class=\"wp-block-list\"><li><strong>En el COMI al menos medio centenar de ellos buscan refugio y curan sus heridas<\/strong><\/li><\/ul>\n\n\n\n<ul class=\"wp-block-list\"><li><strong>El terremoto del pasado 14 de agosto fue su \u00faltima llamada para salir de Hait\u00ed<\/strong><\/li><\/ul>\n\n\n\n<p class=\"wp-block-paragraph\"><strong>Patricia Brise\u00f1o<\/strong><\/p>\n\n\n\n<p class=\"wp-block-paragraph\">SemM\u00e9xico, Oaxaca, 21 de septiembre 2021.- Al menos medio centenar de migrantes procedentes de Hait\u00ed han pernoctado en el albergue del Centro de Orientaci\u00f3n al Migrante de Oaxaca (COMI), ubicado en la Ciudad de Oaxaca, entre los meses de agosto y septiembre.<\/p>\n\n\n\n<p class=\"wp-block-paragraph\">Fernando Cruz Montes, sacerdote y director del albergue, inform\u00f3 que los migrantes permanecen un par de d\u00edas en el refugio, donde descansan, comen y asean para despu\u00e9s seguir su traves\u00eda, a la frontera de M\u00e9xico con Estados Unidos.<\/p>\n\n\n\n<p class=\"wp-block-paragraph\">Precis\u00f3 que el refugio recibe en su mayor\u00eda migrantes de El Salvador, Honduras y Guatemala, pero del mes pasado a la fecha tambi\u00e9n llegan de Hait\u00ed, quienes lograron evadir los retenes del Instituto Nacional de Migraci\u00f3n y de la Guardia Nacional cuando ingresaron por la frontera sur, por Tapachula, Chiapas.<\/p>\n\n\n\n<p class=\"wp-block-paragraph\">\u201cLa poblaci\u00f3n migrante de Hait\u00ed llega con heridas expuestas, severamente lastimados. Incluso, la vez pasada, lleg\u00f3 una embarazada tambi\u00e9n con heridas\u201d, mencion\u00f3.<\/p>\n\n\n\n<p class=\"wp-block-paragraph\">Agreg\u00f3 que estas personas recibieron atenci\u00f3n cl\u00ednica, as\u00ed como la curaci\u00f3n de heridas y suministro de medicamentos para evitar infecciones.<\/p>\n\n\n\n<p class=\"wp-block-paragraph\">Seg\u00fan los testimonios de ese grupo de migrantes una de las razones por las cuales dejaron su pa\u00eds fueron las p\u00e9rdidas de su patrimonio y la falta de oportunidades luego del terremoto del 14 de agosto pasado.<\/p>\n\n\n\n<p class=\"wp-block-paragraph\">Asegur\u00f3 que el equipo de colaboradores del COMI se ofreci\u00f3 a realizarles los tr\u00e1mites migratorios para poder trasladarse legalmente en M\u00e9xico, pero lo rechazaron debido a la tardanza, pueden tardar desde algunos d\u00edas hasta meses.<\/p>\n\n\n\n<p class=\"wp-block-paragraph\">El cl\u00e9rigo inform\u00f3 que el albergue migrante no registra casos activos por coronavirus, esto porque se mantiene un estricto control sanitario, conforme al protocolo de los Servicios de Salud; \u201cla gran mayor\u00eda se ajusta a las recomendaciones para poder ingresar a las instalaciones\u201d, asegur\u00f3.<\/p>\n\n\n\n<p class=\"wp-block-paragraph\">SEM\/pb\/sj<\/p>\n","protected":false},"excerpt":{"rendered":"<p>El terremoto del pasado 14 de agosto fue su \u00faltima llamada para salir de Hait\u00ed<\/p>\n","protected":false},"author":3,"featured_media":40166,"comment_status":"open","ping_status":"open","sticky":false,"template":"","format":"standard","meta":{"_monsterinsights_skip_tracking":false,"footnotes":""},"categories":[692,54],"tags":[149],"class_list":["post-40165","post","type-post","status-publish","format-standard","has-post-thumbnail","category-692","category-mujeres","tag-mujeres"],"_links":{"self":[{"href":"https:\/\/redsemlac.com\/semmexico\/wp-json\/wp\/v2\/posts\/40165","targetHints":{"allow":["GET"]}}],"collection":[{"href":"https:\/\/redsemlac.com\/semmexico\/wp-json\/wp\/v2\/posts"}],"about":[{"href":"https:\/\/redsemlac.com\/semmexico\/wp-json\/wp\/v2\/types\/post"}],"author":[{"embeddable":true,"href":"https:\/\/redsemlac.com\/semmexico\/wp-json\/wp\/v2\/users\/3"}],"replies":[{"embeddable":true,"href":"https:\/\/redsemlac.com\/semmexico\/wp-json\/wp\/v2\/comments?post=40165"}],"version-history":[{"count":0,"href":"https:\/\/redsemlac.com\/semmexico\/wp-json\/wp\/v2\/posts\/40165\/revisions"}],"wp:featuredmedia":[{"embeddable":true,"href":"https:\/\/redsemlac.com\/semmexico\/wp-json\/wp\/v2\/media\/40166"}],"wp:attachment":[{"href":"https:\/\/redsemlac.com\/semmexico\/wp-json\/wp\/v2\/media?parent=40165"}],"wp:term":[{"taxonomy":"category","embeddable":true,"href":"https:\/\/redsemlac.com\/semmexico\/wp-json\/wp\/v2\/categories?post=40165"},{"taxonomy":"post_tag","embeddable":true,"href":"https:\/\/redsemlac.com\/semmexico\/wp-json\/wp\/v2\/tags?post=40165"}],"curies":[{"name":"wp","href":"https:\/\/api.w.org\/{rel}","templated":true}]}}