{"id":40162,"date":"2021-09-21T11:50:00","date_gmt":"2021-09-21T17:50:00","guid":{"rendered":"https:\/\/redsemlac.com\/semmexico\/?p=40162"},"modified":"2023-07-21T17:06:55","modified_gmt":"2023-07-21T22:06:55","slug":"la-violencia-politica-en-las-elecciones-2021-dana-seriamente-la-democracia","status":"publish","type":"post","link":"https:\/\/redsemlac.com\/semmexico\/la-violencia-politica-en-las-elecciones-2021-dana-seriamente-la-democracia\/","title":{"rendered":"La violencia pol\u00edtica en las elecciones 2021 da\u00f1a seriamente la democracia"},"content":{"rendered":"\n<ul class=\"wp-block-list\"><li><strong>De 36 asesinatos 5 fueron de candidatas a presidencias municipales y una suplente de alcalde<\/strong><\/li><\/ul>\n\n\n\n<p class=\"wp-block-paragraph\"><strong>Elda Montiel<\/strong><\/p>\n\n\n\n<p class=\"wp-block-paragraph\">SemM\u00e9xico, Cd. de M\u00e9xico, 21 de septiembre 2021.- Las elecciones del a\u00f1o 2021 en los \u00e1mbitos local, estatal y federal tuvieron diferentes casos de violencia en contra de personas que participaban en alguna fuerza pol\u00edtica, impulsaban una candidatura, eran servidores p\u00fablicos o bien laboraban para alg\u00fan instituto cultural.<\/p>\n\n\n\n<p class=\"wp-block-paragraph\">Hechos que da\u00f1an seriamente a la democracia y al tejido social, as\u00ed como los derechos humanos y pol\u00edticos, se\u00f1ala la investigaci\u00f3n elaborada por la Direcci\u00f3n General de An\u00e1lisis Legislativo del Instituto Belisario Dom\u00ednguez (IBD) del Senado.<\/p>\n\n\n\n<p class=\"wp-block-paragraph\">El estudio \u201cAsesinatos pol\u00edticos en el proceso electoral 2021\u201d, elaborado por Juan Pablo Aguirre Quezada destaca que diferentes an\u00e1lisis como el de la asesor\u00eda Integralia dan cuenta de 36 personas asesinadas cuando comenzaba la campa\u00f1a, de los cuales 29 eran hombres y seis mujeres, estas \u00faltimas 5 eran candidatas a presidencias municipales y una suplente de alcalde.&nbsp;<\/p>\n\n\n\n<p class=\"wp-block-paragraph\">De los 29 casos de los hombres, excepto dos que eran candidatos a diputados federales, el resto aspiraban a cargos de elecci\u00f3n local como diputados, presidencias municipales, y regidores.<\/p>\n\n\n\n<p class=\"wp-block-paragraph\">Veracruz, Jalisco, Oaxaca, Guerrero y Guanajuato, fueron los estados con la mayor cantidad de asesinatos pol\u00edticos.&nbsp;<\/p>\n\n\n\n<p class=\"wp-block-paragraph\">En cuanto a partidos pol\u00edticos que representaban 10 representaban a Morena; 5 del PRI; 5 del PAN; 5 de Movimiento Ciudadano; 3 del PRD; 2 del Partido Verde Ecologista; 2 independientes; 1 de Redes Sociales Progresistas (RSP); 1 de Fuerza x M\u00e9xico; 1 sin informaci\u00f3n, y 1 del Partido local Chiapas Unido.<\/p>\n\n\n\n<p class=\"wp-block-paragraph\">Por temporalidad, se puede apreciar que los meses previos a la&nbsp; cita con las urnas que mas asesinatos de candidatos se registraron fueron marzo del 2021 con 10 casos; febrero 5, mayo 5, abril 3; noviembre de 2020 con 3 casos, y diciembre con 3 casos.<\/p>\n\n\n\n<p class=\"wp-block-paragraph\">Es decir, si dividimos el periodo electoral por bimestres de septiembre de 2020 a junio de 2021, se detecta que el n\u00famero de asesinatos se increment\u00f3 de forma considerable en marzo y abril del 2021.<\/p>\n\n\n\n<p class=\"wp-block-paragraph\">Las candidatas mujeres asesinadas fueron: Florisel R\u00edos, candidata a presidenta municipal por Jamapa, Veracruz el 11 de noviembre del 2020 por el PRD.<\/p>\n\n\n\n<p class=\"wp-block-paragraph\">Carla Enr\u00edquez Merl\u00edn, candidata a presidenta municipal de Cosoleacaque, Veracruz de Morena el 12 de febrero de 2021.<\/p>\n\n\n\n<p class=\"wp-block-paragraph\">Analuci Mart\u00ednez candidata a presidenta municipal a Zapopan, Jalisco el 1 de marzo de 2021 del PAN.<\/p>\n\n\n\n<p class=\"wp-block-paragraph\">Flor de Mar\u00eda Ballina, candidata a suplente de alcalde de Isla Mujeres, Quintana Roo el 12 de marzo 2021, de RSP.<\/p>\n\n\n\n<p class=\"wp-block-paragraph\">Ivonne Gallegos candidata a presidenta municipal de Ocotl\u00e1n de Morelos, Oaxaca el 20 de marzo de 2021 por el PAN<\/p>\n\n\n\n<p class=\"wp-block-paragraph\">Alma Barrag\u00e1n candidata a presidenta municipal por Moro le\u00f3n, Guanajuato el 25 de mayo de 2021 MC.<\/p>\n\n\n\n<p class=\"wp-block-paragraph\">Seg\u00fan el documento del Instituto, estos indicadores muestran un grave problema tanto para las dependencias encargadas de brindar seguridad p\u00fablica como para las instituciones de impartici\u00f3n de justicia locales, ya que evidencio su vulnerabilidad.<\/p>\n\n\n\n<p class=\"wp-block-paragraph\">El proceso electoral del 2021 fue el que m\u00e1s agresiones registr\u00f3, de acuerdo a Etellekt un total de 1,066 delitos globales, por lo cual organismos internacionales como la ONU y la OEA, manifestaron su preocupaci\u00f3n y llamaron a las autoridades mexicanas a garantizar el ejercicio de los derechos pol\u00edticos y a investigar los cr\u00edmenes cometidos antes y durante los comicios. &nbsp;<\/p>\n\n\n\n<p class=\"wp-block-paragraph\">Como un ejemplo del inter\u00e9s legislativo creciente ante esta problem\u00e1tica entre 2018 y 2021 se presentaron en las C\u00e1maras del Congreso de la Uni\u00f3n 49 iniciativas relacionadas con la violencia pol\u00edtica.<\/p>\n\n\n\n<p class=\"wp-block-paragraph\">De este total, 31 est\u00e1n pendientes de dictaminar en las comisiones de sus c\u00e1maras de origen; siete fueron aprobadas y publicadas en el diario Oficial de la Federaci\u00f3n; siete fueron retiradas; tres est\u00e1n pendientes en la C\u00e1mara revisora y una fue desechada.<\/p>\n\n\n\n<p class=\"wp-block-paragraph\">De estas iniciativas destacan las que dieron origen a la Ley de Violencia Pol\u00edtica de Genero que se public\u00f3 el 13 de abril en el Diario Oficial de la Federaci\u00f3n por el cual se reforman y adicionan diversas disposiciones reguladas en el art\u00edculo 20 Ter de la Ley General de Acceso a las Mujeres a una Vida Libre de Violencia y refieren a conductas que lesionan o sean susceptibles de da\u00f1ar la dignidad, integridad o libertad de las mujeres.<\/p>\n\n\n\n<p class=\"wp-block-paragraph\">Las leyes adicionadas fueron: 1. Ley General de Acceso de las Mujeres a una Vida Libre de Violencia; 2. Ley General de Instituciones y Procedimientos Electorales; 3. Ley General del Sistema de Medios de Impugnaci\u00f3n en Materia Electoral; 4. Ley General de Partidos Pol\u00edticos; 5. Ley General en Materia de Delitos Electorales, 6. Ley Org\u00e1nica de la Fiscal\u00eda General de la Rep\u00fablica; 7. Ley Org\u00e1nica del Poder Judicial de la Federaci\u00f3n, y 8. Ley General de Responsabilidades Administrativas.<\/p>\n","protected":false},"excerpt":{"rendered":"<p>De 36 asesinatos 5 fueron de candidatas a presidencias municipales y una suplente de alcalde<\/p>\n","protected":false},"author":3,"featured_media":0,"comment_status":"open","ping_status":"open","sticky":false,"template":"","format":"standard","meta":{"_monsterinsights_skip_tracking":false,"footnotes":""},"categories":[692,141],"tags":[228,142],"class_list":["post-40162","post","type-post","status-publish","format-standard","category-692","category-elecciones-2020-2021","tag-elecciones","tag-violencia"],"_links":{"self":[{"href":"https:\/\/redsemlac.com\/semmexico\/wp-json\/wp\/v2\/posts\/40162","targetHints":{"allow":["GET"]}}],"collection":[{"href":"https:\/\/redsemlac.com\/semmexico\/wp-json\/wp\/v2\/posts"}],"about":[{"href":"https:\/\/redsemlac.com\/semmexico\/wp-json\/wp\/v2\/types\/post"}],"author":[{"embeddable":true,"href":"https:\/\/redsemlac.com\/semmexico\/wp-json\/wp\/v2\/users\/3"}],"replies":[{"embeddable":true,"href":"https:\/\/redsemlac.com\/semmexico\/wp-json\/wp\/v2\/comments?post=40162"}],"version-history":[{"count":0,"href":"https:\/\/redsemlac.com\/semmexico\/wp-json\/wp\/v2\/posts\/40162\/revisions"}],"wp:attachment":[{"href":"https:\/\/redsemlac.com\/semmexico\/wp-json\/wp\/v2\/media?parent=40162"}],"wp:term":[{"taxonomy":"category","embeddable":true,"href":"https:\/\/redsemlac.com\/semmexico\/wp-json\/wp\/v2\/categories?post=40162"},{"taxonomy":"post_tag","embeddable":true,"href":"https:\/\/redsemlac.com\/semmexico\/wp-json\/wp\/v2\/tags?post=40162"}],"curies":[{"name":"wp","href":"https:\/\/api.w.org\/{rel}","templated":true}]}}