{"id":40159,"date":"2021-09-21T10:50:00","date_gmt":"2021-09-21T16:50:00","guid":{"rendered":"https:\/\/redsemlac.com\/semmexico\/?p=40159"},"modified":"2023-07-21T17:06:55","modified_gmt":"2023-07-21T22:06:55","slug":"no-mas-legislaciones-locales-que-protegen-la-vida-desde-la-fecundacion-malu-micher","status":"publish","type":"post","link":"https:\/\/redsemlac.com\/semmexico\/no-mas-legislaciones-locales-que-protegen-la-vida-desde-la-fecundacion-malu-micher\/","title":{"rendered":"No m\u00e1s legislaciones locales que protegen la vida desde la fecundaci\u00f3n: Mal\u00fa Micher"},"content":{"rendered":"\n<ul class=\"wp-block-list\"><li><strong>Rinde su tercer informe de actividades legislativas<\/strong><\/li><\/ul>\n\n\n\n<ul class=\"wp-block-list\"><li><strong>Reconoce la labor de la SCJN y al movimiento feminista<\/strong><\/li><\/ul>\n\n\n\n<p class=\"wp-block-paragraph\"><strong>Elda Montiel<\/strong><\/p>\n\n\n\n<p class=\"wp-block-paragraph\">SemM\u00e9xico, Cd. de M\u00e9xico, 21 de septiembre 2021.- La senadora por Guanajuato, presidenta de la Comisi\u00f3n para la Igualdad de G\u00e9nero,&nbsp;Martha Luc\u00eda Micher Camarena,&nbsp;hizo un reconocimiento a la Suprema Corte de Justicia por aprobar la despenalizaci\u00f3n del aborto y al movimiento feminista por este triunfo.<\/p>\n\n\n\n<p class=\"wp-block-paragraph\">En su tercer Informe de actividades legislativas expres\u00f3 que muy pronto \u201cdeben acabarse las legislaciones locales que protegen la vida desde la fecundaci\u00f3n, porque algo les debe de quedar claro: ni presas por abortar ni muertas por intentar\u201d.<\/p>\n\n\n\n<p class=\"wp-block-paragraph\">Mientras la presidenta de la&nbsp;Mesa Directiva, Olga S\u00e1nchez Cordero, anunci\u00f3 que impulsar\u00e1 una serie de reformas de la agenda feminista, a fin de garantizar la igualdad de derechos y la protecci\u00f3n de los derechos humanos de mujeres, ni\u00f1as y adolescentes.&nbsp;<\/p>\n\n\n\n<p class=\"wp-block-paragraph\"><br>Se refiri\u00f3 espec\u00edficamente a reformas a la Ley General de Salud para que las mujeres tengan acceso a los servicios de salud, a una educaci\u00f3n sexual integral y acceso a los m\u00e9todos anticonceptivos.&nbsp;<\/p>\n\n\n\n<p class=\"wp-block-paragraph\">La senadora Micher Camarena&nbsp;asever\u00f3&nbsp;que&nbsp;\u201cla resoluci\u00f3n de la Suprema Corte abre una enorme ventana para que avancemos, sin trabas y con absoluta decisi\u00f3n, hacia la aprobaci\u00f3n de reformas que protegen el acceso a servicios gratuitos y seguros de aborto, a la educaci\u00f3n sexual integral, as\u00ed como el acceso a m\u00e9todos anticonceptivos y planificaci\u00f3n familiar para las j\u00f3venes mexicanas, incluso menores de 18 a\u00f1os, entre otros avances\u201d.&nbsp;<\/p>\n\n\n\n<p class=\"wp-block-paragraph\">La legisladora se refiri\u00f3 al activismo del movimiento feminista que ha salido a las calles y tom\u00f3 los espacios p\u00fablicos a favor de la interrupci\u00f3n legal del embarazo.<\/p>\n\n\n\n<p class=\"wp-block-paragraph\">Abund\u00f3 que las mujeres mueren en abortos clandestinos por no contar con recursos suficientes para acceder a servicios m\u00e9dicos seguros o bien para trasladarse a la Ciudad de M\u00e9xico para ejercer su derecho.&nbsp;<\/p>\n\n\n\n<p class=\"wp-block-paragraph\">\u201cSoy defensora de la vida de mujeres y la jurisprudencia de la Suprema Corte es mi soporte\u201d, expres\u00f3.<\/p>\n\n\n\n<p class=\"wp-block-paragraph\">La legisladora Micher Camarena afirm\u00f3 que a&nbsp;tres a\u00f1os del inicio del proceso de transformaci\u00f3n m\u00e1s importante que ha vivido el M\u00e9xico contempor\u00e1neo, le enorgullece ser parte de un proyecto pol\u00edtico que ha protagonizado una ruptura severa de las a\u00f1ejas estructuras y tradiciones pol\u00edticas mexicanas.&nbsp;<\/p>\n\n\n\n<p class=\"wp-block-paragraph\">Consider\u00f3 que hoy existe un vasto marco jur\u00eddico, que representa un nuevo paradigma legal, social y pol\u00edtico con visi\u00f3n de justicia social, derechos y prosperidad para el pa\u00eds.<\/p>\n\n\n\n<p class=\"wp-block-paragraph\"><br>Se refleja a trav\u00e9s de las reformas al sistema de salud, la consolidaci\u00f3n constitucional de programas sociales, la reversi\u00f3n de la reforma educativa, el fin al outsourcing y a las factureras, as\u00ed como la reforma al Poder Judicial de la Federaci\u00f3n.&nbsp;<\/p>\n\n\n\n<p class=\"wp-block-paragraph\">Subray\u00f3, que la pandemia trastoc\u00f3 la actividad legislativa, pero en el Senado no nos detuvimos y luego de m\u00faltiples encuentros, an\u00e1lisis y di\u00e1logos abiertos, logramos reformar la Ley General de Acceso de las Mujeres a una Vida Libre de Violencia y el C\u00f3digo Penal Federal para tipificar la violencia que viven mujeres, ni\u00f1as y j\u00f3venes en el espacio digital\u201d.&nbsp;<\/p>\n\n\n\n<p class=\"wp-block-paragraph\">Micher Camarena reiter\u00f3 que con estas reformas se da un paso muy esperado y urgente hacia la erradicaci\u00f3n de una de las formas de violencia que m\u00e1s atenta contra la integridad, la vida de ni\u00f1as y adolescentes en la era moderna, que se expresa en actos de acoso, hostigamiento y difusi\u00f3n de contenido \u00edntimo sexual de una persona, sin su consentimiento y a trav\u00e9s de medios digitales. &nbsp;<\/p>\n\n\n\n<p class=\"wp-block-paragraph\">El senador Ricardo Monreal \u00c1vila felicit\u00f3 a Mal\u00fa Micher por los resultados de su informe y asever\u00f3 que \u201ces una mujer de la que nos sentimos muy orgullosos y orgullosas, quienes integramos del Grupo Parlamentario de Morena, por ser una luchadora incansable por los derechos de mujeres y ni\u00f1as, con una congruencia inobjetable.&nbsp;<\/p>\n\n\n\n<p class=\"wp-block-paragraph\">Durante su Tercer&nbsp;Informe de Actividades Legislativas, la presidenta de la Comisi\u00f3n para la Igualdad de G\u00e9nero,&nbsp;Martha Luc\u00eda Micher Camarena,&nbsp;estuvieron la&nbsp;presidenta de la Mesa Directiva, Olga S\u00e1nchez Cordero; el presidente de la Junta de Coordinaci\u00f3n Pol\u00edtica, Ricardo Monreal \u00c1vila; as\u00ed como por el dirigente nacional&nbsp;y la secretaria general de Morena, Mario Delgado Carrillo y Citlalli Hern\u00e1ndez Mora, respectivamente.&nbsp;&nbsp;<\/p>\n\n\n\n<p class=\"wp-block-paragraph\">En el informe tambi\u00e9n estuvo presente la presidenta del Instituto Nacional de las Mujeres, Nadine Gasman&nbsp;Zylberman;&nbsp;Nayeli S\u00e1nchez,&nbsp;representante de ONU Mujeres M\u00e9xico; Laura Mart\u00ednez, fundadora de la Asociaci\u00f3n para el Desarrollo Integral de Personas Violadas, as\u00ed como representantes de la sociedad civil, de la academia y de organizaciones feministas.&nbsp;<\/p>\n\n\n\n<p class=\"wp-block-paragraph\">SEM\/em\/sj<\/p>\n","protected":false},"excerpt":{"rendered":"<p>Reconoce la labor de la SCJN y al movimiento feminista<\/p>\n","protected":false},"author":3,"featured_media":40160,"comment_status":"open","ping_status":"open","sticky":false,"template":"","format":"standard","meta":{"_monsterinsights_skip_tracking":false,"footnotes":""},"categories":[692,50],"tags":[],"class_list":["post-40159","post","type-post","status-publish","format-standard","has-post-thumbnail","category-692","category-congreso"],"_links":{"self":[{"href":"https:\/\/redsemlac.com\/semmexico\/wp-json\/wp\/v2\/posts\/40159","targetHints":{"allow":["GET"]}}],"collection":[{"href":"https:\/\/redsemlac.com\/semmexico\/wp-json\/wp\/v2\/posts"}],"about":[{"href":"https:\/\/redsemlac.com\/semmexico\/wp-json\/wp\/v2\/types\/post"}],"author":[{"embeddable":true,"href":"https:\/\/redsemlac.com\/semmexico\/wp-json\/wp\/v2\/users\/3"}],"replies":[{"embeddable":true,"href":"https:\/\/redsemlac.com\/semmexico\/wp-json\/wp\/v2\/comments?post=40159"}],"version-history":[{"count":0,"href":"https:\/\/redsemlac.com\/semmexico\/wp-json\/wp\/v2\/posts\/40159\/revisions"}],"wp:featuredmedia":[{"embeddable":true,"href":"https:\/\/redsemlac.com\/semmexico\/wp-json\/wp\/v2\/media\/40160"}],"wp:attachment":[{"href":"https:\/\/redsemlac.com\/semmexico\/wp-json\/wp\/v2\/media?parent=40159"}],"wp:term":[{"taxonomy":"category","embeddable":true,"href":"https:\/\/redsemlac.com\/semmexico\/wp-json\/wp\/v2\/categories?post=40159"},{"taxonomy":"post_tag","embeddable":true,"href":"https:\/\/redsemlac.com\/semmexico\/wp-json\/wp\/v2\/tags?post=40159"}],"curies":[{"name":"wp","href":"https:\/\/api.w.org\/{rel}","templated":true}]}}