{"id":40156,"date":"2021-09-21T10:47:33","date_gmt":"2021-09-21T16:47:33","guid":{"rendered":"https:\/\/redsemlac.com\/semmexico\/?p=40156"},"modified":"2023-07-21T17:06:55","modified_gmt":"2023-07-21T22:06:55","slug":"emociones-estrategia-metodologica-para-profundizar-en-problemas-sociales-renisce","status":"publish","type":"post","link":"https:\/\/redsemlac.com\/semmexico\/emociones-estrategia-metodologica-para-profundizar-en-problemas-sociales-renisce\/","title":{"rendered":"Emociones, estrategia metodol\u00f3gica para profundizar en problemas sociales: RENISCE"},"content":{"rendered":"\n<ul class=\"wp-block-list\"><li><strong>Anuncia Coloquio de investigaci\u00f3n el 23, 24 y 25 de septiembre<\/strong><\/li><li><strong>Estar\u00e1n como ponentes y comentaristas 135 mujeres y 51 hombres de nueve pa\u00edses<\/strong><\/li><\/ul>\n\n\n\n<p class=\"wp-block-paragraph\"><strong>Guadalupe L\u00f3pez Garc\u00eda<\/strong><\/p>\n\n\n\n<p class=\"wp-block-paragraph\">SemM\u00e9xico, Ciudad de M\u00e9xico, 21 de septiembre, 2021.- Los estudios socioculturales de las emociones es un campo interdisciplinario joven, pero hoy m\u00e1s que nunca cobra sentido en medio de una pandemia que ha tenido impactos en todos los \u00e1mbitos de la vida, aspecto que se abordar\u00e1 en el VII Coloquio de Investigaci\u00f3n \u201cLas emociones en el marco de las ciencias sociales. Perspectivas interdisciplinarias\u201d, que se llevar\u00e1 a cabo los d\u00edas 23, 24 y 25 de septiembre pr\u00f3ximos.<\/p>\n\n\n\n<p class=\"wp-block-paragraph\">En un bolet\u00edn de prensa, la Red Nacional en los Estudios Socioculturales de las Emociones (RENISCE), que organiza la actividad \u2014con apoyo de la Facultad de Estudios Superiores Iztacala de la Universidad Nacional Aut\u00f3noma de M\u00e9xico (UNAM) y el Instituto Tecnol\u00f3gico y de Estudios Superiores de Occidente (ITESO), Universidad Jesuita de Guadalajara\u2014 anunci\u00f3 que expondr\u00e1n 186 ponentes y comentaristas (135 mujeres y 51 hombres) de Argentina, Brasil, Chile, Colombia, Costa Rica, Espa\u00f1a, M\u00e9xico, Per\u00fa y Puerto Rico.<\/p>\n\n\n\n<p class=\"wp-block-paragraph\">Con la presencia de 63 instituciones (entre universidades p\u00fablicas, privadas, gubernamentales y asociaciones civiles), el coloquio tiene el objetivo de intercambiar reflexiones entre integrantes de la RENISCE e investigadoras\/es que se interesan en el estudio sociocultural de las emociones. Adem\u00e1s, se presentar\u00e1n dos libros y una conferencia magistral.<\/p>\n\n\n\n<p class=\"wp-block-paragraph\">La RENISCE, que agrupa a investigadoras\/es de 12 pa\u00edses y ha promovido la edici\u00f3n de seis libros sobre el tema, como resultado de las ediciones del coloquio, se\u00f1ala que la importancia de la dimensi\u00f3n sensible (emociones, sentimientos, afectos) constituye una estrategia heur\u00edstica y metodol\u00f3gica de profundizar en temas-problemas sociales, ampliamente estudiados y otros que emergen a la luz de los acontecimientos sociopol\u00edticos y sanitarios actuales.<\/p>\n\n\n\n<p class=\"wp-block-paragraph\">El coloquio abarca 31 mesas con 14 ejes tem\u00e1ticos, entre estos: emocionalidad y pandemia por Covid-19, as\u00ed como la dimensi\u00f3n emocional vinculada con procesos salud-enfermedad-atenci\u00f3n-prevenci\u00f3n, movimientos sociales, protesta social, \u00e1mbito del trabajo, cuidado en las familias y bienestar social, reconfiguraciones de los cuerpos, sexualidades, g\u00e9neros, masculinidades, v\u00ednculos amorosos, territorios urbanos, migraci\u00f3n, comunidades fronterizas y educaci\u00f3n.<\/p>\n\n\n\n<p class=\"wp-block-paragraph\">De las mesas, en cuatro se presentar\u00e1n 17 ponencias sobre emocionalidad y Covid-19, un eje que se suma a los temas habituales atendidos en las anteriores emisiones del coloquio. Se revisar\u00e1n tambi\u00e9n propuestas te\u00f3ricas y metodol\u00f3gicas, como las perspectivas geneal\u00f3gica, hist\u00f3rica, filos\u00f3fica y sociol\u00f3gica de las emociones y los afectos.<\/p>\n\n\n\n<p class=\"wp-block-paragraph\">El jueves 23 se presentar\u00e1n los vol\u00famenes V y VI de la colecci\u00f3n editorial Emociones e Interdsiciplina: El primero, <em>Emociones y juventudes desde la perspectiva sociocultural<\/em>, y el segundo, <em>Gesti\u00f3n emocional en procesos migratorios, pol\u00edticos y de organizaci\u00f3n colectiva en Latinoam\u00e9rica y M\u00e9xico<\/em> y el viernes 24, Marina Ariza, del Instituto de Investigaciones Sociales de la UNAM dictar\u00e1 la conferencia magistral \u201cLa Sociolog\u00eda de las emociones en Am\u00e9rica Latina\u00bb. El coloquio ser\u00e1 transmitido de manera virtual. El registro y el programa aparecen en la p\u00e1gina de la RENISCE: <a href=\"https:\/\/renisce.com\/\">https:\/\/renisce.com\/<\/a><\/p>\n\n\n\n<p class=\"wp-block-paragraph\">SEM\/glg<\/p>\n","protected":false},"excerpt":{"rendered":"<p>Anuncia Coloquio de investigaci\u00f3n el 23, 24 y 25 de septiembre<\/p>\n","protected":false},"author":3,"featured_media":40157,"comment_status":"open","ping_status":"open","sticky":false,"template":"","format":"standard","meta":{"_monsterinsights_skip_tracking":false,"footnotes":""},"categories":[692,54],"tags":[149],"class_list":["post-40156","post","type-post","status-publish","format-standard","has-post-thumbnail","category-692","category-mujeres","tag-mujeres"],"_links":{"self":[{"href":"https:\/\/redsemlac.com\/semmexico\/wp-json\/wp\/v2\/posts\/40156","targetHints":{"allow":["GET"]}}],"collection":[{"href":"https:\/\/redsemlac.com\/semmexico\/wp-json\/wp\/v2\/posts"}],"about":[{"href":"https:\/\/redsemlac.com\/semmexico\/wp-json\/wp\/v2\/types\/post"}],"author":[{"embeddable":true,"href":"https:\/\/redsemlac.com\/semmexico\/wp-json\/wp\/v2\/users\/3"}],"replies":[{"embeddable":true,"href":"https:\/\/redsemlac.com\/semmexico\/wp-json\/wp\/v2\/comments?post=40156"}],"version-history":[{"count":0,"href":"https:\/\/redsemlac.com\/semmexico\/wp-json\/wp\/v2\/posts\/40156\/revisions"}],"wp:featuredmedia":[{"embeddable":true,"href":"https:\/\/redsemlac.com\/semmexico\/wp-json\/wp\/v2\/media\/40157"}],"wp:attachment":[{"href":"https:\/\/redsemlac.com\/semmexico\/wp-json\/wp\/v2\/media?parent=40156"}],"wp:term":[{"taxonomy":"category","embeddable":true,"href":"https:\/\/redsemlac.com\/semmexico\/wp-json\/wp\/v2\/categories?post=40156"},{"taxonomy":"post_tag","embeddable":true,"href":"https:\/\/redsemlac.com\/semmexico\/wp-json\/wp\/v2\/tags?post=40156"}],"curies":[{"name":"wp","href":"https:\/\/api.w.org\/{rel}","templated":true}]}}