{"id":40153,"date":"2021-09-20T17:08:44","date_gmt":"2021-09-20T23:08:44","guid":{"rendered":"https:\/\/redsemlac.com\/semmexico\/?p=40153"},"modified":"2023-07-21T17:06:56","modified_gmt":"2023-07-21T22:06:56","slug":"invalida-scjn-objecion-de-conciencia-del-personal-medico-y-de-enfermeria","status":"publish","type":"post","link":"https:\/\/redsemlac.com\/semmexico\/invalida-scjn-objecion-de-conciencia-del-personal-medico-y-de-enfermeria\/","title":{"rendered":"Invalida SCJN objeci\u00f3n de conciencia del personal m\u00e9dico y de enfermer\u00eda"},"content":{"rendered":"\n<ul class=\"wp-block-list\"><li> Limita en casos en que se pusiera en riesgo la vida del paciente o se trata de una emergencia m\u00e9dica<\/li><\/ul>\n\n\n\n<ul class=\"wp-block-list\"><li>La discusi\u00f3n continuar\u00e1 la pr\u00f3xima semana<\/li><\/ul>\n\n\n\n<p class=\"wp-block-paragraph\">Redacci\u00f3n<\/p>\n\n\n\n<p class=\"wp-block-paragraph\">SemM\u00e9xico,<strong> <\/strong><strong>Ciudad de M\u00e9xico, 20 de septiembre, 2021.-<\/strong><strong> <\/strong>La Suprema Corte de Justicia de la Naci\u00f3n (SCJN), en sesi\u00f3n del Tribunal Pleno, invalid\u00f3 el art\u00edculo 10 Bis de la Ley General de Salud que establec\u00eda de forma amplia la objeci\u00f3n de conciencia del personal m\u00e9dico y de enfermer\u00eda que forme parte del Sistema Nacional de Salud, limit\u00e1ndolo \u00fanicamente cuando se pusiera en riesgo la vida del paciente o se tratara de una urgencia m\u00e9dica.<br><br>El Pleno determin\u00f3 que la ley no establec\u00eda los lineamientos y l\u00edmites necesarios para que la objeci\u00f3n de conciencia pueda ser ejercida sin poner en riesgo los derechos humanos de otras personas, en especial el derecho a la salud.<br><br>Es de recordarse que, en la sesi\u00f3n pasada, el Pleno estableci\u00f3 los par\u00e1metros de constitucionalidad de la objeci\u00f3n de conciencia, conforme a los cuales, su ejercicio no debe violar derechos humanos de otras personas, debe estar sujeta a est\u00e1ndares y aplica tanto a instituciones p\u00fablicas como privadas.<br><br>La discusi\u00f3n de este asunto continuar\u00e1 durante la pr\u00f3xima sesi\u00f3n del Pleno de la SCJN para fijar los efectos correspondientes.<br><br>Acci\u00f3n de inconstitucionalidad 54\/2018, promovida por la Comisi\u00f3n Nacional de los Derechos Humanos, demandando la invalidez de los art\u00edculos 10 Bis, Segundo y Tercero Transitorios de la Ley General de Salud, publicada en el Diario Oficial de la Federaci\u00f3n de 11 de mayo de 2018.<\/p>\n\n\n\n<p class=\"wp-block-paragraph\">SEM\/sj<\/p>\n","protected":false},"excerpt":{"rendered":"<p> Limita en casos en que se pusiera en riesgo la vida del paciente o se trata de una emergencia m\u00e9dica<\/p>\n","protected":false},"author":3,"featured_media":40154,"comment_status":"open","ping_status":"open","sticky":false,"template":"","format":"standard","meta":{"_monsterinsights_skip_tracking":false,"footnotes":""},"categories":[692,51],"tags":[],"class_list":["post-40153","post","type-post","status-publish","format-standard","has-post-thumbnail","category-692","category-ejecutivo"],"_links":{"self":[{"href":"https:\/\/redsemlac.com\/semmexico\/wp-json\/wp\/v2\/posts\/40153","targetHints":{"allow":["GET"]}}],"collection":[{"href":"https:\/\/redsemlac.com\/semmexico\/wp-json\/wp\/v2\/posts"}],"about":[{"href":"https:\/\/redsemlac.com\/semmexico\/wp-json\/wp\/v2\/types\/post"}],"author":[{"embeddable":true,"href":"https:\/\/redsemlac.com\/semmexico\/wp-json\/wp\/v2\/users\/3"}],"replies":[{"embeddable":true,"href":"https:\/\/redsemlac.com\/semmexico\/wp-json\/wp\/v2\/comments?post=40153"}],"version-history":[{"count":0,"href":"https:\/\/redsemlac.com\/semmexico\/wp-json\/wp\/v2\/posts\/40153\/revisions"}],"wp:featuredmedia":[{"embeddable":true,"href":"https:\/\/redsemlac.com\/semmexico\/wp-json\/wp\/v2\/media\/40154"}],"wp:attachment":[{"href":"https:\/\/redsemlac.com\/semmexico\/wp-json\/wp\/v2\/media?parent=40153"}],"wp:term":[{"taxonomy":"category","embeddable":true,"href":"https:\/\/redsemlac.com\/semmexico\/wp-json\/wp\/v2\/categories?post=40153"},{"taxonomy":"post_tag","embeddable":true,"href":"https:\/\/redsemlac.com\/semmexico\/wp-json\/wp\/v2\/tags?post=40153"}],"curies":[{"name":"wp","href":"https:\/\/api.w.org\/{rel}","templated":true}]}}