{"id":40149,"date":"2021-09-20T16:50:00","date_gmt":"2021-09-20T22:50:00","guid":{"rendered":"https:\/\/redsemlac.com\/semmexico\/?p=40149"},"modified":"2023-07-21T17:06:56","modified_gmt":"2023-07-21T22:06:56","slug":"mujeres-la-gran-mayoria-del-personal-de-salud-despedido","status":"publish","type":"post","link":"https:\/\/redsemlac.com\/semmexico\/mujeres-la-gran-mayoria-del-personal-de-salud-despedido\/","title":{"rendered":"Mujeres la gran mayor\u00eda del personal de salud despedido"},"content":{"rendered":"\n<ul class=\"wp-block-list\"><li><strong>Despido del personal de hospitales y cl\u00ednicas de Oaxaca resultado de a\u00f1os de quebranto financiero<\/strong><\/li><\/ul>\n\n\n\n<ul class=\"wp-block-list\"><li><strong>Jefas de familia se quedan sin trabajo y familias de pacientes temen que la atenci\u00f3n a sus pacientes empeore.<\/strong><\/li><\/ul>\n\n\n\n<p class=\"wp-block-paragraph\"><strong>Nadia Altamirano, Patricia Brise\u00f1o, Soledad Jarqu\u00edn<\/strong><\/p>\n\n\n\n<p class=\"wp-block-paragraph\">SemM\u00e9xico, Oaxaca, 20 de septiembre, 2021.- Incertidumbre por su futuro siente \u201cMar\u00eda\u201d, enfermera titulada que desde hace tres a\u00f1os trabajaba en el Hospital General Dr. Aurelio Valdivieso, una de las casi tres mil personas despedidas de ese nosocomio, del hospital de la Ni\u00f1ez y otras cl\u00ednicas de la entidad. La gran mayor\u00eda de ellas son mujeres.<\/p>\n\n\n\n<p class=\"wp-block-paragraph\">El grito de independencia fue amargo para el personal eventual despedido, cuyos sueldos son 50 por ciento menores al que recibe el personal sindicalizado, a pesar de que \u201cfuimos nosotros quienes conformamos la primera l\u00ednea de atenci\u00f3n contra el Covid 19\u201d, apunta.<\/p>\n\n\n\n<p class=\"wp-block-paragraph\">Para Mar\u00eda, nombre que se da a la entrevistada que prefiri\u00f3 reservar su identidad, la respuesta a pie de carretera dada por el Presidente Andr\u00e9s Manuel L\u00f3pez Obrador es un avance, ante la nula emisi\u00f3n de alg\u00fan pronunciamiento por parte del gobernador de Oaxaca, Alejandro Murat Hinojosa.<\/p>\n\n\n\n<p class=\"wp-block-paragraph\">Minutos despu\u00e9s de su arribo al puerto de Salina Cruz, en el Istmo de Tehuantepec, el mandatario fue pr\u00e1cticamente interceptado por un grupo de los m\u00e9dicos despedidos con el argumento de falta de presupuesto y la pr\u00f3xima reestructuraci\u00f3n administrativa, por lo que el gobierno federal asumir\u00e1 la n\u00f3mina \u00edntegra de los servicios de salud del estado.<\/p>\n\n\n\n<p class=\"wp-block-paragraph\">En un breve video, difundido por los afectados, se observa al presidente dar su palabra y promete revisar junto con el gobernador, Alejandro Murat Hinojosa, la situaci\u00f3n por la que atraviesa el personal m\u00e9dico, quienes por a\u00f1os prestaron sus servicios como \u201ceventuales\u201d.<\/p>\n\n\n\n<p class=\"wp-block-paragraph\">\u201cHoy, voy a platicar con el gobernador, d\u00e9jenme que yo vea bien c\u00f3mo est\u00e1\u201d, respondi\u00f3 L\u00f3pez Obrador, a la comisi\u00f3n de m\u00e9dicos encargados de abordarlo en el acceso de las instalaciones de la Administraci\u00f3n Portuaria Industrial (API) de Salina Cruz.<\/p>\n\n\n\n<h2 class=\"wp-block-heading\"><strong>Despidos anunciados, quebranto de a\u00f1os<\/strong><\/h2>\n\n\n\n<p class=\"wp-block-paragraph\">Desde enero de 2018, el entonces titular de los Servicios de Salud de Oaxaca, Juan D\u00edaz Pimentel, advirti\u00f3 del despido masivo, pues el pago de n\u00f3mina hab\u00eda generado una deuda de seis mil millones de pesos.<\/p>\n\n\n\n<p class=\"wp-block-paragraph\">En septiembre de 2020, hace un a\u00f1o, de nueva cuenta la instituci\u00f3n advirti\u00f3 sobre la necesidad de despedir a 2 mil 400 trabajadores eventuales ante la falta de recursos para su pago mensual que ascend\u00eda a 33 millones de pesos y casi 400 millones anuales a la dependencia que arrastra una deuda de 2 mil 900 millones con el ISSSTE. Por lo que entonces hab\u00edan despedido a 450 trabajadores de la salud, sin embargo, la medida hab\u00eda resultado insuficiente.<\/p>\n\n\n\n<p class=\"wp-block-paragraph\">En agosto de hace un a\u00f1o el Congreso local aprob\u00f3 el otorgamiento de una compensaci\u00f3n mensual, proporcional al 20 por ciento de su sueldo, a&nbsp;trabajadores del sector Salud&nbsp;que mantienen labores durante una&nbsp;emergencia sanitaria. Para \u201cMar\u00eda\u201d ese bono nunca lleg\u00f3, como si pas\u00f3 con los trabajadores sindicalizados. Pero no hubo m\u00e1s. Los SSO se\u00f1al\u00f3 que no tiene capacidad financiera para pagar otros cinco mil pesos por cada trabajador o trabajadora. El primer bono Covid se destin\u00f3 a 11 mil 635 trabajadores, lo que equivali\u00f3 a casi 60 millones de pesos.<\/p>\n\n\n\n<p class=\"wp-block-paragraph\">Para octubre de 2020 al menos 300 tragadores y trabajadoras eventuales despedidos interpusieron una queja ante la Defensor\u00eda de los Derechos Humanos del Pueblo de Oaxaca. Se trataba, se\u00f1alaron de personal que ten\u00eda entre 12 y 13 a\u00f1os de antig\u00fcedad, quienes pidieron que fueran reconocidos dentro de la estructura del Insabi.<\/p>\n\n\n\n<p class=\"wp-block-paragraph\">Mar\u00eda se\u00f1ala que desde un mes antes corri\u00f3 el rumor de que ser\u00edan despedidos personal administrativo eventual, sin embargo, grande fue su sorpresa cuando les avisaron el 15 de septiembre que su contrato terminaba al d\u00eda siguiente. Se trata, de 146 personas de diversas \u00e1reas del Hospital General Dr. Aurelio Valdivieso.<\/p>\n\n\n\n<p class=\"wp-block-paragraph\">Nos echaron a la calle violando nuestros derechos, sin finiquito, sin reconocer nuestra antig\u00fcedad, sin nada a pesar de que fuimos quienes estuvimos al frente de la pandemia, mientras el personal de base se retir\u00f3 para no contagiarse.<\/p>\n\n\n\n<p class=\"wp-block-paragraph\">Adem\u00e1s, refiere que el personal de enfermer\u00eda eventual ganaba poco m\u00e1s de cuatro mil pesos mensuales y el personal m\u00e9dico especializado ganaba solo un poco m\u00e1s. \u201cPero ten\u00edamos necesidad y quer\u00edamos trabajar. A veces ten\u00edamos que rolar turnos, pero en el peor de los casos arriesgamos nuestras vidas durante los picos m\u00e1s altos de la pandemia\u201d.<\/p>\n\n\n\n<p class=\"wp-block-paragraph\">El problema es grave para muchas familias encabezadas por mujeres, porque la mayor\u00eda del personal despedido son mujeres, se\u00f1ala en otra entrevista una de las mujeres despedidas del \u00e1rea administrativa.<\/p>\n\n\n\n<p class=\"wp-block-paragraph\">El despido tambi\u00e9n repercuti\u00f3 en el Hospital de la Ni\u00f1ez Oaxaque\u00f1a que se ubica en San Bartolo Coyotepec no se renovar\u00e1 contrato a 40 integrantes del personal de enfermer\u00eda, as\u00ed como personal m\u00e9dico especialista en cirug\u00eda pedi\u00e1trica, oncol\u00f3gica, infectolog\u00eda pedi\u00e1trica, neonatolog\u00eda, personal m\u00e9dico general, epidemiolog\u00eda, terapia f\u00edsica e ingenier\u00eda biom\u00e9tica.<\/p>\n\n\n\n<p class=\"wp-block-paragraph\">El temor de las familias es la falta de atenci\u00f3n a sus hijos e hijas, algunos de ellos y ellas con enfermedades sumamente graves y donde fueron suspendidos los estudios especiales que se subrogan a otros hospitales debido a la falta de recurso para hacerlo, como aquellos necesarios como de resonancia magn\u00e9tica.<\/p>\n\n\n\n<p class=\"wp-block-paragraph\">De igual manera, personal eventual de la cl\u00ednica del Centro Estatal para la Prevenci\u00f3n y Control del Sida, en el municipio Salina Cruz, en el Istmo de Tehuantepec, con varios a\u00f1os de antig\u00fcedad en esta unidad, pero sin contrato, fueron despedidos este jueves.<\/p>\n\n\n\n<h2 class=\"wp-block-heading\"><strong>Poco se ha logrado<\/strong><\/h2>\n\n\n\n<p class=\"wp-block-paragraph\">La infect\u00f3loga pediatra y vocera de la Asociaci\u00f3n de M\u00e9dicos del Hospital de la Ni\u00f1ez Oaxaque\u00f1a, Abigail Pineda L\u00f3pez, reconoci\u00f3 que poco se logr\u00f3 en la reuni\u00f3n del viernes por la noche y parte de la madrugada de este s\u00e1bado con el gobernador Alejandro Murat.<\/p>\n\n\n\n<p class=\"wp-block-paragraph\">\u201cDefinitivamente esta no es una situaci\u00f3n f\u00e1cil, ya sab\u00edamos que no \u00edbamos a conseguir mucho, por una triangulaci\u00f3n il\u00edcita de los pagos a terceros institucionales de las aportaciones del personal sindicalizado, algo que est\u00e1 fuera de la Ley y ya no lo pueden seguir haciendo para pagar nuestra n\u00f3mina\u201d, precis\u00f3 en entrevista.<\/p>\n\n\n\n<h2 class=\"wp-block-heading\"><strong>Falta superar quebranto financiero<\/strong><\/h2>\n\n\n\n<p class=\"wp-block-paragraph\">En entrevista por separado, el secretario de Organizaci\u00f3n de dicha Secci\u00f3n, Carlos Alberto P\u00e9rez Bautista&nbsp;inform\u00f3 que ten\u00edan previsto este domingo y lunes el cierre de carreteras en el estado, as\u00ed como las v\u00edas m\u00e1s importantes en la ciudad de Oaxaca, pero s\u00f3lo mantendr\u00e1n la asamblea permanente que reanudaron el viernes.<\/p>\n\n\n\n<p class=\"wp-block-paragraph\">\u201cEl gobernador nos pidi\u00f3 que hubiera un clima de calma en la visita del Presidente de la Rep\u00fablica, de no haber una respuesta favorable, empezaremos con el cierre de carreteras el martes\u201d, asegur\u00f3.<\/p>\n\n\n\n<p class=\"wp-block-paragraph\">El gobernador Alejandro Murat&nbsp;asegur\u00f3&nbsp;que entre agosto y septiembre suman 2 mil 717 trabajadores que se quedaron; 30 por ciento personal m\u00e9dico, 50 por ciento de enfermer\u00eda y 20 por ciento personal con clave de administrativos que muchas veces cumplen funciones como trabajadores sociales, camilleros, conductores de ambulancias u otras \u00e1reas prioritarias.<\/p>\n\n\n\n<p class=\"wp-block-paragraph\">El pago de esos salarios representa un d\u00e9ficit anual de mil 600 millones de pesos que gener\u00f3 una deuda de 12 mil millones de pesos a terceros institucionales, principalmente al ISSSTE, SAT, proveedores, financieras y aseguradoras, pero \u201cel gobernador asegura que son alrededor de 9 mil millones de pesos\u201d.<\/p>\n\n\n\n<p class=\"wp-block-paragraph\">SEM\/na-pb-sj<\/p>\n","protected":false},"excerpt":{"rendered":"<p>Jefas de familia se quedan sin trabajo y familias de pacientes temen que la atenci\u00f3n a sus pacientes empeore.<\/p>\n","protected":false},"author":3,"featured_media":40150,"comment_status":"open","ping_status":"open","sticky":false,"template":"","format":"standard","meta":{"_monsterinsights_skip_tracking":false,"footnotes":""},"categories":[692,54],"tags":[149,146],"class_list":["post-40149","post","type-post","status-publish","format-standard","has-post-thumbnail","category-692","category-mujeres","tag-mujeres","tag-oaxaca"],"_links":{"self":[{"href":"https:\/\/redsemlac.com\/semmexico\/wp-json\/wp\/v2\/posts\/40149","targetHints":{"allow":["GET"]}}],"collection":[{"href":"https:\/\/redsemlac.com\/semmexico\/wp-json\/wp\/v2\/posts"}],"about":[{"href":"https:\/\/redsemlac.com\/semmexico\/wp-json\/wp\/v2\/types\/post"}],"author":[{"embeddable":true,"href":"https:\/\/redsemlac.com\/semmexico\/wp-json\/wp\/v2\/users\/3"}],"replies":[{"embeddable":true,"href":"https:\/\/redsemlac.com\/semmexico\/wp-json\/wp\/v2\/comments?post=40149"}],"version-history":[{"count":0,"href":"https:\/\/redsemlac.com\/semmexico\/wp-json\/wp\/v2\/posts\/40149\/revisions"}],"wp:featuredmedia":[{"embeddable":true,"href":"https:\/\/redsemlac.com\/semmexico\/wp-json\/wp\/v2\/media\/40150"}],"wp:attachment":[{"href":"https:\/\/redsemlac.com\/semmexico\/wp-json\/wp\/v2\/media?parent=40149"}],"wp:term":[{"taxonomy":"category","embeddable":true,"href":"https:\/\/redsemlac.com\/semmexico\/wp-json\/wp\/v2\/categories?post=40149"},{"taxonomy":"post_tag","embeddable":true,"href":"https:\/\/redsemlac.com\/semmexico\/wp-json\/wp\/v2\/tags?post=40149"}],"curies":[{"name":"wp","href":"https:\/\/api.w.org\/{rel}","templated":true}]}}