{"id":40102,"date":"2021-09-20T10:00:12","date_gmt":"2021-09-20T16:00:12","guid":{"rendered":"https:\/\/redsemlac.com\/semmexico\/?p=40102"},"modified":"2023-07-21T17:06:57","modified_gmt":"2023-07-21T22:06:57","slug":"hoy-marcha-personal-de-salud-demandan-pago-de-prestaciones-en-guerrero","status":"publish","type":"post","link":"https:\/\/redsemlac.com\/semmexico\/hoy-marcha-personal-de-salud-demandan-pago-de-prestaciones-en-guerrero\/","title":{"rendered":"Hoy marcha personal de salud, demandan pago de prestaciones en Guerrero"},"content":{"rendered":"\n<ul class=\"wp-block-list\"><li><strong>Son m\u00e1s de tres mil personas que laboran en el sector Salud las que exigen se respeten sus derechos<\/strong><\/li><\/ul>\n\n\n\n<ul class=\"wp-block-list\"><li><strong>La exigencia se escuchar\u00e1 en las siete regiones de esa entidad<\/strong><\/li><\/ul>\n\n\n\n<p class=\"wp-block-paragraph\"><strong>Redacci\u00f3n<\/strong><\/p>\n\n\n\n<p class=\"wp-block-paragraph\">SemM\u00e9xico\/Ceprovysa, Chilpancingo, Gro., 20 de septiembre, 2021.- M\u00e1s de tres mil trabajadoras y trabajadores del sector salud marchar\u00e1n este lunes en las Siete Regiones del Estado, en demanda del pago de las prestaciones que el gobierno del estado tiene pendientes de cubrir entre estas, el del Fondo del Estado de Ahorro Capitalizado -FEGAC-.<\/p>\n\n\n\n<p class=\"wp-block-paragraph\">De acuerdo a una convocatoria que firma la Secretaria General de la Secci\u00f3n 36 del Sindicato Nacional de Trabajadores de la Secretar\u00eda de Salud, Beatriz Velez N\u00fa\u00f1ez, la marcha denominada \u201cpor la defensa de los derechos laborales inici\u00f3 hace unos minutos en las siete regiones de Guerrero.<\/p>\n\n\n\n<p class=\"wp-block-paragraph\">De acuerdo a la convocatoria la marcha tiene como punto de partida:<\/p>\n\n\n\n<p class=\"wp-block-paragraph\">En la Tierra Caliente (01), en Ciudad Altamirano, en la Glorieta Ni\u00f1os H\u00e9roes.<\/p>\n\n\n\n<p class=\"wp-block-paragraph\">En la zona Norte (02) en Iguala, en el Hospital General.<\/p>\n\n\n\n<p class=\"wp-block-paragraph\">En la Zona Centro (03) en Chilpancingo, iniciar\u00e1 en las instalaciones del Sindicato de Salud secci\u00f3n 36.<\/p>\n\n\n\n<p class=\"wp-block-paragraph\">En la Monta\u00f1a (04) en Tlapa, en el Hospital General.<\/p>\n\n\n\n<p class=\"wp-block-paragraph\">En la Costa Grande (05) en T\u00e9cpan, en el Pante\u00f3n Municipal.<\/p>\n\n\n\n<p class=\"wp-block-paragraph\">En la Costa Chica (06) Ometepec, en el Monumento a Vicente Guerrero.<\/p>\n\n\n\n<p class=\"wp-block-paragraph\">En Acapulco (07) la marcha iniciar\u00e1 en la estatua de La Diana.<\/p>\n\n\n\n<p class=\"wp-block-paragraph\">El documento convoca a los trabajadores de base, homologados, regularizados y formalizados de la Secci\u00f3n 36, as\u00ed como a Secretarios Sub-seccionales y Delegados Sindicales.<\/p>\n\n\n\n<p class=\"wp-block-paragraph\">El documento hace \u00e9nfasis en que la representaci\u00f3n sindical \u201cha trabajado de manera irrestricta\u201d en lograr el pago de la FEGAC, adem\u00e1s de las prestaciones del ISSSTE.<\/p>\n","protected":false},"excerpt":{"rendered":"<p>Son m\u00e1s de tres mil personas que laboran en el sector Salud las que exigen se respeten sus derechos<\/p>\n","protected":false},"author":3,"featured_media":40103,"comment_status":"open","ping_status":"open","sticky":false,"template":"","format":"standard","meta":{"_monsterinsights_skip_tracking":false,"footnotes":""},"categories":[692,54],"tags":[144],"class_list":["post-40102","post","type-post","status-publish","format-standard","has-post-thumbnail","category-692","category-mujeres","tag-guerrero"],"_links":{"self":[{"href":"https:\/\/redsemlac.com\/semmexico\/wp-json\/wp\/v2\/posts\/40102","targetHints":{"allow":["GET"]}}],"collection":[{"href":"https:\/\/redsemlac.com\/semmexico\/wp-json\/wp\/v2\/posts"}],"about":[{"href":"https:\/\/redsemlac.com\/semmexico\/wp-json\/wp\/v2\/types\/post"}],"author":[{"embeddable":true,"href":"https:\/\/redsemlac.com\/semmexico\/wp-json\/wp\/v2\/users\/3"}],"replies":[{"embeddable":true,"href":"https:\/\/redsemlac.com\/semmexico\/wp-json\/wp\/v2\/comments?post=40102"}],"version-history":[{"count":0,"href":"https:\/\/redsemlac.com\/semmexico\/wp-json\/wp\/v2\/posts\/40102\/revisions"}],"wp:featuredmedia":[{"embeddable":true,"href":"https:\/\/redsemlac.com\/semmexico\/wp-json\/wp\/v2\/media\/40103"}],"wp:attachment":[{"href":"https:\/\/redsemlac.com\/semmexico\/wp-json\/wp\/v2\/media?parent=40102"}],"wp:term":[{"taxonomy":"category","embeddable":true,"href":"https:\/\/redsemlac.com\/semmexico\/wp-json\/wp\/v2\/categories?post=40102"},{"taxonomy":"post_tag","embeddable":true,"href":"https:\/\/redsemlac.com\/semmexico\/wp-json\/wp\/v2\/tags?post=40102"}],"curies":[{"name":"wp","href":"https:\/\/api.w.org\/{rel}","templated":true}]}}