{"id":40089,"date":"2021-09-19T14:30:00","date_gmt":"2021-09-19T20:30:00","guid":{"rendered":"https:\/\/redsemlac.com\/semmexico\/?p=40089"},"modified":"2023-07-21T17:06:58","modified_gmt":"2023-07-21T22:06:58","slug":"vida-y-lectura-leona-vicario","status":"publish","type":"post","link":"https:\/\/redsemlac.com\/semmexico\/vida-y-lectura-leona-vicario\/","title":{"rendered":"Vida y Lectura| Leona Vicario"},"content":{"rendered":"\n<p class=\"wp-block-paragraph\"><strong>Marcela Eternod Ar\u00e1mburu<\/strong><\/p>\n\n\n\n<p class=\"wp-block-paragraph\">SemM\u00e9xico, Aguascalientes, 19 de septiembre, 2021.- No fue sino hasta 1980, en el tradicional Grito de Independencia que conmemora la m\u00edtica historia nacional, que alguien decidi\u00f3 que, junto a los h\u00e9roes de la Independencia, esos que nos aprendimos desde la primaria, se incluyera a Josefa Ortiz de Dom\u00ednguez. As\u00ed, el presidente Jos\u00e9 L\u00f3pez Portillo, despu\u00e9s de mencionar a Hidalgo y a Morelos, introdujo el \u00a1Viva Josefa Ortiz de Dom\u00ednguez!, luego el de su muy gallardo y querid\u00edsimo amante, Ignacio Allende, para rematar con Aldama y Matamoros.<\/p>\n\n\n\n<p class=\"wp-block-paragraph\">Es cierto que cada vez es menos tradicional el mensaje, y cada grit\u00f3n agrega o excluye a quien -a su leal saber y entender- le dicta su voluntad. Sin embargo, hay notables mujeres mexicanas que participaron en la gesta independentista que no solo merecen estar en la conmemoraci\u00f3n anual, sino que hoy, desde sus tumbas, exigen que su historia sea contada, reconocida y recordada.<\/p>\n\n\n\n<p class=\"wp-block-paragraph\">Como sabemos se han escrito un buen n\u00famero de biograf\u00edas de Mar\u00eda de la Soledad Leona Camila Vicario Fern\u00e1ndez de San Salvador, casi todas ellas debidas a un hallazgo, a un peque\u00f1o gran descubrimiento, a una pista que ha llevado a la investigaci\u00f3n de c\u00f3mo fue la vida de esta insurgente, biograf\u00edas escritas la mayor\u00eda de las veces con admiraci\u00f3n, compromiso y pasi\u00f3n por el personaje.<\/p>\n\n\n\n<p class=\"wp-block-paragraph\">Dentro de ese conjunto de biograf\u00edas, ensayos, novelas, art\u00edculos y diversas aproximaciones a la primera periodista mexicana, a la Benem\u00e9rita de la Patria, a la insurgente, a la esp\u00eda, a la generosa financiadora del movimiento independentista y a la Madre de la Patria, entre otros muchos calificativos, destaca la que escribi\u00f3 Anne Staples: \u201c<em>\u00bfD\u00f3nde est\u00e1s? \u00bfQu\u00e9 haces Leona Vicario?<\/em>\u201d quien con rigor hist\u00f3rico devela a una Leona Vicario inteligente, libre, astuta, preclara, con una s\u00f3lida formaci\u00f3n y una inamovible convicci\u00f3n en un M\u00e9xico independiente.<\/p>\n\n\n\n<p class=\"wp-block-paragraph\">Y sin demerit\u00f3 de otras biograf\u00edas, como \u201c<em>Leona Vicario: Mujer, Fuerza y Compromiso en la Independencia de M\u00e9xico\u201d de <\/em>Adriana Flores Castillo; o el libro facil\u00f3n de <em>\u201cLeona Vicario, la insurgente\u201d<\/em> de Eugenio Aguirre, tambi\u00e9n sobresale el texto escrito por Celia del Palacio Montiel: \u201c<em>Leona\u201d.<\/em><\/p>\n\n\n\n<p class=\"wp-block-paragraph\">Lo que se proponen tanto Anne Staples como Celia del Palacio es destacar, primero, la permanente y relevante participaci\u00f3n de las mujeres en uno de los sucesos hist\u00f3ricos m\u00e1s relevantes del pa\u00eds: la Independencia. Para, en segundo lugar, reescribir la historia con un amplio soporte de archivos judiciales, documentos, hechos, datos, fuentes, testimonios y narrativas, que permiten redimensionar el papel de muchas mujeres, pero, sobre todo, abandonar con desprecio la idea de que todo fue realizado, hecho y consumado por los hombres.<\/p>\n\n\n\n<p class=\"wp-block-paragraph\">Celia del Palacio como historiadora que es, ya tiene muchos a\u00f1os sacando a la luz a las mujeres valientes, destacadas y valiosas, haci\u00e9ndolas emerger del olvido al que fueron condenadas, sin dejar de se\u00f1alar que a lo m\u00e1s que ellas pod\u00edan aspirar en la historia nacional era a insignificantes y siempre breves menciones.<\/p>\n\n\n\n<p class=\"wp-block-paragraph\">En este septiembre patrio, podemos reflexionar sobre lo mucho que nos falta por desenterrar, descubrir, reescribir y revalorar para alcanzar la paridad en la historia, porque es un hecho que las mujeres, al igual que los varones, estuvimos ah\u00ed, en la cotidianidad de los hechos, en la guerra y en la paz.<\/p>\n\n\n\n<p class=\"wp-block-paragraph\">Ese largo proceso que apenas empieza gracias a las historiadoras, a las novelistas y a las investigadoras que han asumido el compromiso de visibilizar a las mujeres en todas las esferas y, as\u00ed, rendir un homenaje a las que durante a\u00f1os han sido olvidadas porque, simplemente, para muchos lo que ellas hicieron no merec\u00eda ni siquiera que se gastara un poco de tinta en ello, mucho menos que se hiciera menci\u00f3n a su heroica participaci\u00f3n un 15 de septiembre.<\/p>\n","protected":false},"excerpt":{"rendered":"<p>No fue sino hasta 1980, en el tradicional Grito de Independencia que conmemora la m\u00edtica historia nacional, que alguien decidi\u00f3 que, junto a los h\u00e9roes de la Independencia<\/p>\n","protected":false},"author":3,"featured_media":38638,"comment_status":"open","ping_status":"open","sticky":false,"template":"","format":"standard","meta":{"_monsterinsights_skip_tracking":false,"footnotes":""},"categories":[692,515,35,514],"tags":[459],"class_list":["post-40089","post","type-post","status-publish","format-standard","has-post-thumbnail","category-692","category-marcela-eternod-aramburu","category-opinion","category-vida-y-lectura","tag-opinion"],"_links":{"self":[{"href":"https:\/\/redsemlac.com\/semmexico\/wp-json\/wp\/v2\/posts\/40089","targetHints":{"allow":["GET"]}}],"collection":[{"href":"https:\/\/redsemlac.com\/semmexico\/wp-json\/wp\/v2\/posts"}],"about":[{"href":"https:\/\/redsemlac.com\/semmexico\/wp-json\/wp\/v2\/types\/post"}],"author":[{"embeddable":true,"href":"https:\/\/redsemlac.com\/semmexico\/wp-json\/wp\/v2\/users\/3"}],"replies":[{"embeddable":true,"href":"https:\/\/redsemlac.com\/semmexico\/wp-json\/wp\/v2\/comments?post=40089"}],"version-history":[{"count":0,"href":"https:\/\/redsemlac.com\/semmexico\/wp-json\/wp\/v2\/posts\/40089\/revisions"}],"wp:featuredmedia":[{"embeddable":true,"href":"https:\/\/redsemlac.com\/semmexico\/wp-json\/wp\/v2\/media\/38638"}],"wp:attachment":[{"href":"https:\/\/redsemlac.com\/semmexico\/wp-json\/wp\/v2\/media?parent=40089"}],"wp:term":[{"taxonomy":"category","embeddable":true,"href":"https:\/\/redsemlac.com\/semmexico\/wp-json\/wp\/v2\/categories?post=40089"},{"taxonomy":"post_tag","embeddable":true,"href":"https:\/\/redsemlac.com\/semmexico\/wp-json\/wp\/v2\/tags?post=40089"}],"curies":[{"name":"wp","href":"https:\/\/api.w.org\/{rel}","templated":true}]}}