{"id":40084,"date":"2021-09-19T11:48:00","date_gmt":"2021-09-19T17:48:00","guid":{"rendered":"https:\/\/redsemlac.com\/semmexico\/?p=40084"},"modified":"2023-07-21T17:06:58","modified_gmt":"2023-07-21T22:06:58","slug":"hallazgos-jardin","status":"publish","type":"post","link":"https:\/\/redsemlac.com\/semmexico\/hallazgos-jardin\/","title":{"rendered":"Hallazgos| Jard\u00edn"},"content":{"rendered":"\n<p class=\"wp-block-paragraph\"><strong>Por Roc\u00edo Fiallega<\/strong><\/p>\n\n\n\n<p class=\"wp-block-paragraph\">SemM\u00e9xico, Cd. de M\u00e9xico, 19 de septiembre, 2021.- Todo comenz\u00f3 con el cenote sagrado que viv\u00eda en su ojo, fondo de c\u00e1liz de jade y lapisl\u00e1zuli, si no me hubiera perdido en su profundidad, Mariana seguir\u00eda aqu\u00ed. Hasta yo ser\u00eda una persona y no este amasijo de carne y huesos sin el soplo de la creaci\u00f3n, en la orfandad de Dios. Ahora tan solo respiro, o eso es lo que creo\u2026<\/p>\n\n\n\n<p class=\"wp-block-paragraph\">Ximena, Ximena, pensaba en su nombre que gime, me contuve en abrazar su cuerpo con el pensamiento, todav\u00eda tengo esa sensaci\u00f3n en mis labios, humedecidos al volver a citar su nombre -y a\u00fan no ve\u00eda sus ojos-, la escuch\u00e9 decir por primera vez \u201cS\u00ed\u201d, como tantas veces lo har\u00eda en mi regazo.<\/p>\n\n\n\n<p class=\"wp-block-paragraph\">Mariana daba clases desde las siete de la ma\u00f1ana, al principio la extra\u00f1aba; le llamaba, no pod\u00eda esperar&#8230; Ahora ya no s\u00e9 si llega tarde o temprano, si da todas sus clases o si se va a la sala de profesores a tomar ese horrible caf\u00e9. Dej\u00e9 de decirle que la extra\u00f1aba y que la amaba; dej\u00e9 de extra\u00f1arla y de quererla.<\/p>\n\n\n\n<p class=\"wp-block-paragraph\">Mi mayor tesoro era el jard\u00edn de la casa. Primero, la contemplaci\u00f3n, luego, la intervenci\u00f3n, como si fuera una obra de arte, regresaba Ximena a mis ojos con sus pies de Venus, esa flor tan rara y delicada; su mente como una orqu\u00eddea, sus manos unas canastillas de plata, y un pensamiento lila como su coraz\u00f3n\u2026 En la nostalgia de su voz, decid\u00ed plantar una violeta, lo hice con el mayor cuidado, lleg\u00f3 mi epifan\u00eda.<\/p>\n\n\n\n<p class=\"wp-block-paragraph\">Las paredes se hac\u00edan oscuras cada vez m\u00e1s temprano. Mariana llegaba a casa y com\u00edamos, a veces viendo la tele, otras, solamente hablaba de su d\u00eda y de las cosas que le pasaban por la cabeza. \u00bfYo? Cada quien habla de lo que ama, a menos que sea un amor clandestino\u2026 yo narraba las aventuras de mi jard\u00edn: que una hoja ca\u00edda, que un bicho impertinente y as\u00ed.<\/p>\n\n\n\n<p class=\"wp-block-paragraph\">Reconoc\u00ed el olor de Ximena porque se le ocurri\u00f3 prestarle a Mariana su chamarra un d\u00eda de lluvia, benditos los astros que no cay\u00f3 ni una gota, porque si no, se hubiera perdido su aroma. Cuando Mariana se fue a dormir, me qued\u00e9 abrazando la prenda, pude distinguir la fragancia de mi amada. \u00bfEran dos fragancias o dos amadas o la combinaci\u00f3n de ambas era mi elixir?<\/p>\n\n\n\n<p class=\"wp-block-paragraph\">Hoy las miro desde mi jard\u00edn atravesar la calle tomadas de la mano&#8230;<\/p>\n","protected":false},"excerpt":{"rendered":"<p>Todo comenz\u00f3 con el cenote sagrado que viv\u00eda en su ojo, fondo de c\u00e1liz de jade y lapisl\u00e1zuli, si no me hubiera perdido en su profundidad<\/p>\n","protected":false},"author":3,"featured_media":39324,"comment_status":"open","ping_status":"open","sticky":false,"template":"","format":"standard","meta":{"_monsterinsights_skip_tracking":false,"footnotes":""},"categories":[692,620,35,621],"tags":[459],"class_list":["post-40084","post","type-post","status-publish","format-standard","has-post-thumbnail","category-692","category-hallazgos","category-opinion","category-rocio-fiallega","tag-opinion"],"_links":{"self":[{"href":"https:\/\/redsemlac.com\/semmexico\/wp-json\/wp\/v2\/posts\/40084","targetHints":{"allow":["GET"]}}],"collection":[{"href":"https:\/\/redsemlac.com\/semmexico\/wp-json\/wp\/v2\/posts"}],"about":[{"href":"https:\/\/redsemlac.com\/semmexico\/wp-json\/wp\/v2\/types\/post"}],"author":[{"embeddable":true,"href":"https:\/\/redsemlac.com\/semmexico\/wp-json\/wp\/v2\/users\/3"}],"replies":[{"embeddable":true,"href":"https:\/\/redsemlac.com\/semmexico\/wp-json\/wp\/v2\/comments?post=40084"}],"version-history":[{"count":0,"href":"https:\/\/redsemlac.com\/semmexico\/wp-json\/wp\/v2\/posts\/40084\/revisions"}],"wp:featuredmedia":[{"embeddable":true,"href":"https:\/\/redsemlac.com\/semmexico\/wp-json\/wp\/v2\/media\/39324"}],"wp:attachment":[{"href":"https:\/\/redsemlac.com\/semmexico\/wp-json\/wp\/v2\/media?parent=40084"}],"wp:term":[{"taxonomy":"category","embeddable":true,"href":"https:\/\/redsemlac.com\/semmexico\/wp-json\/wp\/v2\/categories?post=40084"},{"taxonomy":"post_tag","embeddable":true,"href":"https:\/\/redsemlac.com\/semmexico\/wp-json\/wp\/v2\/tags?post=40084"}],"curies":[{"name":"wp","href":"https:\/\/api.w.org\/{rel}","templated":true}]}}