{"id":40075,"date":"2021-09-17T11:15:00","date_gmt":"2021-09-17T17:15:00","guid":{"rendered":"https:\/\/redsemlac.com\/semmexico\/?p=40075"},"modified":"2023-07-21T17:06:59","modified_gmt":"2023-07-21T22:06:59","slug":"el-dictamen-decano-de-la-prensa-mexicana-celebra-su-123-aniversario","status":"publish","type":"post","link":"https:\/\/redsemlac.com\/semmexico\/el-dictamen-decano-de-la-prensa-mexicana-celebra-su-123-aniversario\/","title":{"rendered":"El Dictamen, decano de la prensa mexicana celebra su 123 aniversario"},"content":{"rendered":"\n<p class=\"wp-block-paragraph\"><strong>Redacci\u00f3n<\/strong><\/p>\n\n\n\n<p class=\"wp-block-paragraph\">SemM\u00e9xico\/Billie Parker Noticias. Veracruz, Ver. 17 de septiembre 2021.- &#8211; El Correo de Sotavento\u00a0fue un peri\u00f3dico bisemanario fundado el 2 de enero de 1868 por don Pedro Lucas Malpica D\u00edaz en la ciudad de Tlacotalpan, Veracruz, y que continu\u00f3 manejado por sus descendientes hasta mayo de 1912, cuando su hijo Juan Malpica Silva dej\u00f3 El Correo de Sotavento para hacerse cargo de\u00a0<em>El Dictamen<\/em>\u00a0en el Puerto de Veracruz.<\/p>\n\n\n\n<p class=\"wp-block-paragraph\"><em>El Dictamen, Decano de la Prensa Nacional<\/em>&nbsp;es uno de los tres peri\u00f3dicos m\u00e1s antiguos de Am\u00e9rica Latina. Fundado el 16 de septiembre de 1898 y adquirido en 1912 por Malpica Silva, desde entonces ha pertenecido a la familia Malpica, siendo sus directores don Juan Malpica Silva (1912-1960), don Juan Malpica Mimendi (1960-1998) y do\u00f1a Bertha Rosal\u00eda Malpica Mart\u00ednez de Ahued (1998- a la fecha).<\/p>\n\n\n\n<p class=\"wp-block-paragraph\">Ambas publicaciones forman parte de la historia de Veracruz y son ejemplo de un periodismo independiente y liberal que en sus p\u00e1ginas han reunido testimonios fieles de la evoluci\u00f3n de nuestro pa\u00eds: la Revoluci\u00f3n mexicana, la Invasi\u00f3n estadunidense, la expropiaci\u00f3n petrolera y todos los grandes acontecimientos desde finales del siglo XIX hasta nuestros d\u00edas.<\/p>\n","protected":false},"excerpt":{"rendered":"<p>El Dictamen, Decano de la Prensa Nacional\u00a0es uno de los tres peri\u00f3dicos m\u00e1s antiguos de Am\u00e9rica Latina.<\/p>\n","protected":false},"author":3,"featured_media":40076,"comment_status":"open","ping_status":"open","sticky":false,"template":"","format":"standard","meta":{"_monsterinsights_skip_tracking":false,"footnotes":""},"categories":[692,55],"tags":[],"class_list":["post-40075","post","type-post","status-publish","format-standard","has-post-thumbnail","category-692","category-periodistas"],"_links":{"self":[{"href":"https:\/\/redsemlac.com\/semmexico\/wp-json\/wp\/v2\/posts\/40075","targetHints":{"allow":["GET"]}}],"collection":[{"href":"https:\/\/redsemlac.com\/semmexico\/wp-json\/wp\/v2\/posts"}],"about":[{"href":"https:\/\/redsemlac.com\/semmexico\/wp-json\/wp\/v2\/types\/post"}],"author":[{"embeddable":true,"href":"https:\/\/redsemlac.com\/semmexico\/wp-json\/wp\/v2\/users\/3"}],"replies":[{"embeddable":true,"href":"https:\/\/redsemlac.com\/semmexico\/wp-json\/wp\/v2\/comments?post=40075"}],"version-history":[{"count":0,"href":"https:\/\/redsemlac.com\/semmexico\/wp-json\/wp\/v2\/posts\/40075\/revisions"}],"wp:featuredmedia":[{"embeddable":true,"href":"https:\/\/redsemlac.com\/semmexico\/wp-json\/wp\/v2\/media\/40076"}],"wp:attachment":[{"href":"https:\/\/redsemlac.com\/semmexico\/wp-json\/wp\/v2\/media?parent=40075"}],"wp:term":[{"taxonomy":"category","embeddable":true,"href":"https:\/\/redsemlac.com\/semmexico\/wp-json\/wp\/v2\/categories?post=40075"},{"taxonomy":"post_tag","embeddable":true,"href":"https:\/\/redsemlac.com\/semmexico\/wp-json\/wp\/v2\/tags?post=40075"}],"curies":[{"name":"wp","href":"https:\/\/api.w.org\/{rel}","templated":true}]}}