{"id":40069,"date":"2021-09-17T16:00:00","date_gmt":"2021-09-17T22:00:00","guid":{"rendered":"https:\/\/redsemlac.com\/semmexico\/?p=40069"},"modified":"2023-07-21T17:06:58","modified_gmt":"2023-07-21T22:06:58","slug":"mas-de-tres-meses-en-la-carcel-y-un-usted-disculpe","status":"publish","type":"post","link":"https:\/\/redsemlac.com\/semmexico\/mas-de-tres-meses-en-la-carcel-y-un-usted-disculpe\/","title":{"rendered":"M\u00e1s de tres meses en la c\u00e1rcel y un \u201custed disculpe\u201d"},"content":{"rendered":"\n<p class=\"wp-block-paragraph\"><strong>&nbsp;Aurelio Contreras Moreno<\/strong><\/p>\n\n\n\n<p class=\"wp-block-paragraph\">SemM\u00e9xico\/Billie Parker Noticias, 17 de septiembre, 2021.-La ma\u00f1ana de este 15 de septiembre fue liberada Diana Patricia, que fue encarcelada a fines de mayo pasado en una prisi\u00f3n del sur de Veracruz por la Fiscal\u00eda General del Estado, que la acus\u00f3 de homicidio doloso en raz\u00f3n de parentesco luego de sufrir un aborto espont\u00e1neo en el ba\u00f1o de una tienda departamental.<\/p>\n\n\n\n<p class=\"wp-block-paragraph\">Desde el principio, el caso estuvo plagado de inconsistencias, irregularidades y, sobre todo, de prejuicios. Diana Patricia, una mujer de escasos recursos que sufr\u00eda violencia intrafamiliar y a quien su ex pareja, adem\u00e1s de maltratarla f\u00edsicamente le arrebat\u00f3 al m\u00e1s peque\u00f1o de sus tres hijos, fue tratada como culpable de un delito que a todas luces no hab\u00eda cometido, estigmatizada y criminalizada por la propia autoridad, en uno de los casos m\u00e1s grotescos de injusticia, abuso de autoridad y violaci\u00f3n de derechos humanos que ha protagonizado la Fiscal\u00eda General del Estado de Veracruz a cargo de Ver\u00f3nica Hern\u00e1ndez Giad\u00e1ns.<\/p>\n\n\n\n<p class=\"wp-block-paragraph\">Hay que recordar que cuando el caso comenz\u00f3 a adquirir notoriedad medi\u00e1tica y con la investigaci\u00f3n todav\u00eda en curso, la propia Fiscal\u00eda boletin\u00f3 la versi\u00f3n de que Diana Patricia hab\u00eda \u201casesinado\u201d a su hijo \u2013que varios testimonios se\u00f1alan era deseado- tras el aborto espont\u00e1neo, violentando adem\u00e1s el debido proceso y su presunci\u00f3n de inocencia, y a pesar de lo cual todav\u00eda estuvo en prisi\u00f3n dos meses y medio m\u00e1s.<\/p>\n\n\n\n<p class=\"wp-block-paragraph\">Hasta el Instituto Veracruzano de las Mujeres, a trav\u00e9s de su Consejo Social, se uni\u00f3 al linchamiento de Diana Patricia bajo consideraciones pseudomorales y cuasirreligiosas impropias de cualquier organismo p\u00fablico, alentando juicios a priori sobre los hechos con afirmaciones tales como que \u201cno es posible tolerar el abandono y el homicidio de seres humanos. Nos estamos convirtiendo en una sociedad deshumanizada\u201d, pasando por alto de manera c\u00ednica que dos d\u00edas antes del aborto espont\u00e1neo ella hab\u00eda recibido una golpiza de su ex c\u00f3nyuge.<\/p>\n\n\n\n<p class=\"wp-block-paragraph\">La evidencia de la injusticia cometida contra Diana Patricia meti\u00f3 en un brete al gobierno de Veracruz, exhibida la incongruencia entre su discurso sobre \u201ccero tolerancia\u201d hacia la violencia contra las mujeres y las acciones que las mismas instituciones gubernamentales llevaban \u2013y llevan- a cabo, criminaliz\u00e1ndolas y persigui\u00e9ndolas.<br>En el inter de la liberaci\u00f3n de Diana Patricia, en el Congreso del Estado de Veracruz se despenaliz\u00f3 la interrupci\u00f3n del embarazo durante las primeras 12 semanas de gestaci\u00f3n e incluso se incorpor\u00f3 la salud como causal; mientras que hace pocos d\u00edas la Suprema Corte de Justicia de la Naci\u00f3n determin\u00f3 que es inconstitucional la penalizaci\u00f3n del aborto. Pero Diana Patricia no sali\u00f3 de prisi\u00f3n gracias a ninguno de estos dos hechos jur\u00eddicos.<\/p>\n\n\n\n<p class=\"wp-block-paragraph\">El juez que orden\u00f3 liberar a Diana Patricia la consider\u00f3 inimputable, esto es, eximida de ser sometida a un proceso penal, por una raz\u00f3n fundamental: padece una discapacidad mental. Ello fue confirmado por la propia fiscal Hern\u00e1ndez Giad\u00e1ns al dar a conocer el sobreseimiento del caso: \u201ca Diana Patricia se le demostr\u00f3 su inimputabilidad, por eso el juicio fue sobrese\u00eddo y qued\u00f3 en libertad\u201d, admiti\u00f3.<\/p>\n\n\n\n<p class=\"wp-block-paragraph\">Solo que esa condici\u00f3n de Diana Patricia todo el tiempo fue del conocimiento de la Fiscal\u00eda General del Estado, que a pesar de saberlo la mantuvo encerrada y ahora, pretende cerrar el caso con el simple y consabido \u201custed disculpe\u201d.}<\/p>\n\n\n\n<p class=\"wp-block-paragraph\">\u00bfQui\u00e9n le va a devolver a Diana Patricia, revictimizada y recriminalizada \u201cn\u201d cantidad de veces, esos cuatro meses de su vida perdidos? \u00bfQu\u00e9 autoridad va a asumir la responsabilidad de la reparaci\u00f3n del da\u00f1o? \u00bfQui\u00e9n va a pagar las consecuencias de la violaci\u00f3n sistem\u00e1tica de sus derechos humanos? \u00bfQui\u00e9n la va a proteger de las condenas y prejuicios en un municipio marginado y atrasado?<\/p>\n\n\n\n<p class=\"wp-block-paragraph\">La violaci\u00f3n de los derechos de las mujeres sigue siendo la constante, y no la excepci\u00f3n, en Veracruz.<\/p>\n\n\n\n<p class=\"wp-block-paragraph\">Enlodando la investidura<\/p>\n\n\n\n<p class=\"wp-block-paragraph\">De esc\u00e1ndalo, que en el acto m\u00e1s importante del calendario c\u00edvico de la naci\u00f3n mexicana se le haya abierto espacio y micr\u00f3fono a un dictador violento, represor de su pueblo y de las m\u00ednimas garant\u00edas de libre expresi\u00f3n en su pa\u00eds.<br>Convertir la celebraci\u00f3n patria de todos los mexicanos en un acto de vulgar propaganda le costar\u00e1 caro al r\u00e9gimen. Y la historia no los absolver\u00e1. Ni a D\u00edaz-Canel ni a L\u00f3pez Obrador.<\/p>\n\n\n\n<p class=\"wp-block-paragraph\">Email:aureliocontreras@gmail.com<br>Twitter: @yeyocontreras<\/p>\n","protected":false},"excerpt":{"rendered":"<p>a ma\u00f1ana de este 15 de septiembre fue liberada Diana Patricia, que fue encarcelada a fines de mayo pasado en una prisi\u00f3n del sur de Veracruz por la Fiscal\u00eda General del Estado, que la acus\u00f3 de homicidio doloso en raz\u00f3n de parentesco luego de sufrir un aborto espont\u00e1neo en el ba\u00f1o de una tienda departamental.<\/p>\n","protected":false},"author":3,"featured_media":40070,"comment_status":"open","ping_status":"open","sticky":false,"template":"","format":"standard","meta":{"_monsterinsights_skip_tracking":false,"footnotes":""},"categories":[692,110,35],"tags":[459],"class_list":["post-40069","post","type-post","status-publish","format-standard","has-post-thumbnail","category-692","category-la-opinion-columnas","category-opinion","tag-opinion"],"_links":{"self":[{"href":"https:\/\/redsemlac.com\/semmexico\/wp-json\/wp\/v2\/posts\/40069","targetHints":{"allow":["GET"]}}],"collection":[{"href":"https:\/\/redsemlac.com\/semmexico\/wp-json\/wp\/v2\/posts"}],"about":[{"href":"https:\/\/redsemlac.com\/semmexico\/wp-json\/wp\/v2\/types\/post"}],"author":[{"embeddable":true,"href":"https:\/\/redsemlac.com\/semmexico\/wp-json\/wp\/v2\/users\/3"}],"replies":[{"embeddable":true,"href":"https:\/\/redsemlac.com\/semmexico\/wp-json\/wp\/v2\/comments?post=40069"}],"version-history":[{"count":0,"href":"https:\/\/redsemlac.com\/semmexico\/wp-json\/wp\/v2\/posts\/40069\/revisions"}],"wp:featuredmedia":[{"embeddable":true,"href":"https:\/\/redsemlac.com\/semmexico\/wp-json\/wp\/v2\/media\/40070"}],"wp:attachment":[{"href":"https:\/\/redsemlac.com\/semmexico\/wp-json\/wp\/v2\/media?parent=40069"}],"wp:term":[{"taxonomy":"category","embeddable":true,"href":"https:\/\/redsemlac.com\/semmexico\/wp-json\/wp\/v2\/categories?post=40069"},{"taxonomy":"post_tag","embeddable":true,"href":"https:\/\/redsemlac.com\/semmexico\/wp-json\/wp\/v2\/tags?post=40069"}],"curies":[{"name":"wp","href":"https:\/\/api.w.org\/{rel}","templated":true}]}}