{"id":40066,"date":"2021-09-17T15:00:00","date_gmt":"2021-09-17T21:00:00","guid":{"rendered":"https:\/\/redsemlac.com\/semmexico\/?p=40066"},"modified":"2023-07-21T17:06:58","modified_gmt":"2023-07-21T22:06:58","slug":"senado-pide-investigar-y-sancionar-trabajo-de-ninas-y-ninos-en-coahuila","status":"publish","type":"post","link":"https:\/\/redsemlac.com\/semmexico\/senado-pide-investigar-y-sancionar-trabajo-de-ninas-y-ninos-en-coahuila\/","title":{"rendered":"Senado pide investigar y sancionar trabajo de ni\u00f1as y ni\u00f1os en Coahuila"},"content":{"rendered":"\n<p class=\"wp-block-paragraph\"><strong>Micaela M\u00e1rquez<\/strong><\/p>\n\n\n\n<p class=\"wp-block-paragraph\">SemM\u00e9xico, Cd. de M\u00e9xico, 17 de septiembre 2021.- El Senado de la Rep\u00fablica aprob\u00f3 un dictamen para investigar y en su caso aplicar las sanciones correspondientes al trabajo de ni\u00f1as y ni\u00f1os en las minas de carb\u00f3n en la regi\u00f3n carbon\u00edfera de Coahuila por parte de la Secretar\u00eda del Trabajo y Previsi\u00f3n Social.<\/p>\n\n\n\n<p class=\"wp-block-paragraph\">El dictamen se aprob\u00f3 el pasado 13 de septiembre en el que se condena todo abuso en contra de ni\u00f1as, ni\u00f1os y adolescentes, y se exige respeto y cumplimiento de sus derechos.<\/p>\n\n\n\n<p class=\"wp-block-paragraph\">Las y los legisladores expresaron que \u201cresulta preocupante y de suma relevancia las diversas notas period\u00edsticas que se han emitido respecto a menores trabajando en minas de carb\u00f3n, en particular en Minerales La Florida y Minera D\u00edaz\u201d, que destacan que \u201cen precarias condiciones econ\u00f3micas menores de edad, casi ni\u00f1os trabajan en las minas de carb\u00f3n\u201d, pese a que est\u00e1 prohibido en la ley.<\/p>\n\n\n\n<p class=\"wp-block-paragraph\">Por lo que pidieron a la Procuradur\u00eda Federal de Protecci\u00f3n de Ni\u00f1as, Ni\u00f1os y Adolescentes que realice las medidas pertinentes para garantizar los derechos de los menores que se encuentren en dicha situaci\u00f3n.&nbsp;<\/p>\n\n\n\n<p class=\"wp-block-paragraph\">A la Secretar\u00eda de Educaci\u00f3n de la entidad, le solicitaron que fortalezca las acciones para combatir la deserci\u00f3n escolar, y que apoye a los menores de escasos recursos con becas, a fin de que puedan continuar con sus estudios.<\/p>\n","protected":false},"excerpt":{"rendered":"<p>El Senado de la Rep\u00fablica aprob\u00f3 un dictamen para investigar y en su caso aplicar las sanciones correspondientes al trabajo de ni\u00f1as y ni\u00f1os en las minas de carb\u00f3n.<\/p>\n","protected":false},"author":3,"featured_media":40067,"comment_status":"open","ping_status":"open","sticky":false,"template":"","format":"standard","meta":{"_monsterinsights_skip_tracking":false,"footnotes":""},"categories":[692,50],"tags":[],"class_list":["post-40066","post","type-post","status-publish","format-standard","has-post-thumbnail","category-692","category-congreso"],"_links":{"self":[{"href":"https:\/\/redsemlac.com\/semmexico\/wp-json\/wp\/v2\/posts\/40066","targetHints":{"allow":["GET"]}}],"collection":[{"href":"https:\/\/redsemlac.com\/semmexico\/wp-json\/wp\/v2\/posts"}],"about":[{"href":"https:\/\/redsemlac.com\/semmexico\/wp-json\/wp\/v2\/types\/post"}],"author":[{"embeddable":true,"href":"https:\/\/redsemlac.com\/semmexico\/wp-json\/wp\/v2\/users\/3"}],"replies":[{"embeddable":true,"href":"https:\/\/redsemlac.com\/semmexico\/wp-json\/wp\/v2\/comments?post=40066"}],"version-history":[{"count":0,"href":"https:\/\/redsemlac.com\/semmexico\/wp-json\/wp\/v2\/posts\/40066\/revisions"}],"wp:featuredmedia":[{"embeddable":true,"href":"https:\/\/redsemlac.com\/semmexico\/wp-json\/wp\/v2\/media\/40067"}],"wp:attachment":[{"href":"https:\/\/redsemlac.com\/semmexico\/wp-json\/wp\/v2\/media?parent=40066"}],"wp:term":[{"taxonomy":"category","embeddable":true,"href":"https:\/\/redsemlac.com\/semmexico\/wp-json\/wp\/v2\/categories?post=40066"},{"taxonomy":"post_tag","embeddable":true,"href":"https:\/\/redsemlac.com\/semmexico\/wp-json\/wp\/v2\/tags?post=40066"}],"curies":[{"name":"wp","href":"https:\/\/api.w.org\/{rel}","templated":true}]}}