{"id":40064,"date":"2021-09-17T14:22:00","date_gmt":"2021-09-17T20:22:00","guid":{"rendered":"https:\/\/redsemlac.com\/semmexico\/?p=40064"},"modified":"2023-07-21T17:06:59","modified_gmt":"2023-07-21T22:06:59","slug":"mujer-y-poder-muera-la-reinaviva-el-rey","status":"publish","type":"post","link":"https:\/\/redsemlac.com\/semmexico\/mujer-y-poder-muera-la-reinaviva-el-rey\/","title":{"rendered":"Mujer y Poder| Muera la Reina\u2026Viva el Rey"},"content":{"rendered":"\n<p class=\"wp-block-paragraph\"><strong>Natalia Vidales Rodr\u00edguez<\/strong><\/p>\n\n\n\n<p class=\"wp-block-paragraph\">SemM\u00e9xico, Hermosillo, Sonora, 17 de septiembre, 2021.- Hace seis a\u00f1os, el 13 de septiembre del 2015, las sonorenses estuvimos de fiesta al escuchar a Claudia Pavlovich Arellano dar su primer discurso como Gobernadora.<\/p>\n\n\n\n<p class=\"wp-block-paragraph\">Estuvimos presentes en el evento porque no era cualquier cosa participar en la toma de posesi\u00f3n de la primera mujer que gobernar\u00eda el Estado. Las expectativas eran muy altas, claro, sobre todo entre las mujeres que por a\u00f1os hemos buscado la presencia femenina en primer nivel, en puestos de decisi\u00f3n, donde se pudiera hacer la diferencia en la forma de gobernar.&nbsp; Para ser ejemplo y dejar la puerta abierta para que otras llegaran.<\/p>\n\n\n\n<p class=\"wp-block-paragraph\">El Centro de Usos M\u00faltiples fue el recinto donde ella se comprometi\u00f3 con los y las sonorenses y dijo, entre otras cosas, que \u00a8hoy despertamos de ese mal sue\u00f1o para dejar atr\u00e1s la opacidad, la corrupci\u00f3n, la desconfianza y la ineficiencia\u00a8 e hizo un emotivo llamado a la unidad, a sumar, a construir. \u00a8T\u00e9nganme fe\u00a8, pidi\u00f3.&nbsp;&nbsp; Y se la tuvimos l@s sonorenses, algunas confiadas en la cuna noble de donde procede.<\/p>\n\n\n\n<p class=\"wp-block-paragraph\">El compromiso lo asumi\u00f3 con la mano en el coraz\u00f3n, de la misma manera que lo hizo el pasado 13 de septiembre Alfonso Durazo Monta\u00f1o al tomar posesi\u00f3n de su cargo en el Congreso del Estado de Sonora.<\/p>\n\n\n\n<p class=\"wp-block-paragraph\">Ese gesto -y su discurso donde habl\u00f3 de \u00a8tiempos mejores para Sonora\u00a8-&nbsp;&nbsp; nos record\u00f3 muchas ocasiones anteriores en las que hemos atestiguado que todos los gobernantes -incluyendo al presidente de la Rep\u00fablica- han llegado con discursos de esperanza al iniciar sus mandatos. Unos m\u00e1s, otros menos, pero todos con una actitud positiva y muy buenos deseos.<\/p>\n\n\n\n<p class=\"wp-block-paragraph\">Parece que todos hablan con sinceridad&#8230; pero al paso del tiempo, y a veces demasiado r\u00e1pido, se va viendo que sus palabras eran huecas y que las condiciones de vida para la poblaci\u00f3n no solo no mejoran, sino que empeoran.<\/p>\n\n\n\n<p class=\"wp-block-paragraph\">Por referirnos solo a los \u00faltimos gobernadores, y de dos colores pol\u00edticos distintos: Guillermo Padr\u00e9s y Claudia Pavlovich, entraron con el apoyo de las mayor\u00edas y con aceptaci\u00f3n y buena disposici\u00f3n incluso de la oposici\u00f3n. Uno, Guillermo, por traer la alternancia en Sonora; otra, Claudia, por su condici\u00f3n de mujer.&nbsp; Pero los dos le fallaron gravemente a Sonora, y al final, en lugar de recibir aplausos y loas, fueron abucheados por su mal gobierno, siendo especialmente dolorosa la rechifla a Claudia a su salida del recinto legislativo, ya como ciudadana.&nbsp; Que m\u00e1s hubi\u00e9ramos querido que esto no fuera as\u00ed.<\/p>\n\n\n\n<p class=\"wp-block-paragraph\">Hoy, de nuevo surge la esperanza con la llegada de Alfonso Durazo, de un tercer partido pol\u00edtico; y, otra vez, nosotras apoyaremos y buscaremos contribuir al buen gobierno a trav\u00e9s de cr\u00edticas propositivas.<\/p>\n\n\n\n<p class=\"wp-block-paragraph\">En realidad, a la ciudadan\u00eda no importa tanto de qu\u00e9 partido haya llegado. Hoy es el gobernador y\u2026pese a tantos desencantos, merece la oportunidad de que creamos en sus palabras y que lo respaldemos en sus acciones positivas.<\/p>\n\n\n\n<p class=\"wp-block-paragraph\">El tiempo lo dir\u00e1.<\/p>\n\n\n\n<p class=\"wp-block-paragraph\">Por lo pronto, en Sonora el pueblo dice: \u00a8Muera la Reina\u2026Viva el Rey\u00a8.&nbsp;&nbsp;&nbsp;&nbsp; As\u00ed es la vida.<\/p>\n","protected":false},"excerpt":{"rendered":"<p> Hace seis a\u00f1os, el 13 de septiembre del 2015, las sonorenses estuvimos de fiesta al escuchar a Claudia Pavlovich Arellano dar su primer discurso como Gobernadora.<\/p>\n","protected":false},"author":3,"featured_media":36862,"comment_status":"open","ping_status":"open","sticky":false,"template":"","format":"standard","meta":{"_monsterinsights_skip_tracking":false,"footnotes":""},"categories":[692,100,72,35],"tags":[459],"class_list":["post-40064","post","type-post","status-publish","format-standard","has-post-thumbnail","category-692","category-mujer-y-poder","category-natalia-vidales","category-opinion","tag-opinion"],"_links":{"self":[{"href":"https:\/\/redsemlac.com\/semmexico\/wp-json\/wp\/v2\/posts\/40064","targetHints":{"allow":["GET"]}}],"collection":[{"href":"https:\/\/redsemlac.com\/semmexico\/wp-json\/wp\/v2\/posts"}],"about":[{"href":"https:\/\/redsemlac.com\/semmexico\/wp-json\/wp\/v2\/types\/post"}],"author":[{"embeddable":true,"href":"https:\/\/redsemlac.com\/semmexico\/wp-json\/wp\/v2\/users\/3"}],"replies":[{"embeddable":true,"href":"https:\/\/redsemlac.com\/semmexico\/wp-json\/wp\/v2\/comments?post=40064"}],"version-history":[{"count":0,"href":"https:\/\/redsemlac.com\/semmexico\/wp-json\/wp\/v2\/posts\/40064\/revisions"}],"wp:featuredmedia":[{"embeddable":true,"href":"https:\/\/redsemlac.com\/semmexico\/wp-json\/wp\/v2\/media\/36862"}],"wp:attachment":[{"href":"https:\/\/redsemlac.com\/semmexico\/wp-json\/wp\/v2\/media?parent=40064"}],"wp:term":[{"taxonomy":"category","embeddable":true,"href":"https:\/\/redsemlac.com\/semmexico\/wp-json\/wp\/v2\/categories?post=40064"},{"taxonomy":"post_tag","embeddable":true,"href":"https:\/\/redsemlac.com\/semmexico\/wp-json\/wp\/v2\/tags?post=40064"}],"curies":[{"name":"wp","href":"https:\/\/api.w.org\/{rel}","templated":true}]}}