{"id":40061,"date":"2021-09-17T13:20:00","date_gmt":"2021-09-17T19:20:00","guid":{"rendered":"https:\/\/redsemlac.com\/semmexico\/?p=40061"},"modified":"2023-07-21T17:06:59","modified_gmt":"2023-07-21T22:06:59","slug":"sentenciado-y-registrado-como-agresor-sexual-el-individuo-conocido-como-rix","status":"publish","type":"post","link":"https:\/\/redsemlac.com\/semmexico\/sentenciado-y-registrado-como-agresor-sexual-el-individuo-conocido-como-rix\/","title":{"rendered":"Sentenciado y registrado como agresor sexual el individuo conocido como RIX"},"content":{"rendered":"\n<ul class=\"wp-block-list\"><li><strong>Fiscal\u00eda CDMX vincul\u00f3 a proceso a 54 personas por agresiones contra mujeres, de agresiones a feminicidio<\/strong><\/li><li><strong>Asegur\u00f3 que a 25 individuos se les aprehendi\u00f3 en flagrancia y reiter\u00f3 que la Fiscal\u00eda es otra<\/strong><\/li><\/ul>\n\n\n\n<p class=\"wp-block-paragraph\"><strong>Elda Montiel<\/strong><\/p>\n\n\n\n<p class=\"wp-block-paragraph\">SemM\u00e9xico, Cd. de M\u00e9xico, 17 de septiembre de 2021.- La Fiscal General de la Ciudad de M\u00e9xico, Ernestina Godoy Ramos, hizo un llamado a todas las mujeres de la ciudad a denunciar, y dijo que deben tener la seguridad de que se va a investigar y perseguir a quien atente contra la integridad f\u00edsica y emocional de las mujeres.<\/p>\n\n\n\n<p class=\"wp-block-paragraph\">As\u00ed dijo al informar que en una semana se vincul\u00f3 a proceso a 54 personas acusadas por delitos que van desde violencia familiar hasta casos de feminicidio.<\/p>\n\n\n\n<p class=\"wp-block-paragraph\">Tambi\u00e9n inform\u00f3 sobre tres casos relevantes como el del individuo conocido como \u201cRIX\u201d denunciado por el delito de violaci\u00f3n agravada en junio del 2017 quien fue sentenciado a tres a\u00f1os y 20 d\u00edas de prisi\u00f3n que cumplir\u00e1 en libertad con las condicionantes que la Ley establece.<\/p>\n\n\n\n<p class=\"wp-block-paragraph\">La Fiscal dijo que no se le exonero ni dejo en la impunidad, qued\u00f3 registrado como agresor sexual con antecedentes penales. Fue sentenciado tras acceder a un procedimiento abreviado, como lo permite el Sistema de Justicia Penal Acusatorio y el juez le prohibi\u00f3 acercarse a la v\u00edctima y lo apercibi\u00f3 para que no ejerza ning\u00fan tipo de violencia en contra de la agraviada.<\/p>\n\n\n\n<p class=\"wp-block-paragraph\">Adem\u00e1s, se le orden\u00f3 pagar la reparaci\u00f3n del da\u00f1o moral, as\u00ed como al pago de da\u00f1os y perjuicios, conceptos que se dieron por satisfechos, as\u00ed como a la suspensi\u00f3n de sus derechos pol\u00edticos.<\/p>\n\n\n\n<p class=\"wp-block-paragraph\">Se refiri\u00f3 a un segundo asunto relacionado con un caso que ha llamado la atenci\u00f3n de la ciudadan\u00eda de un joven que fue vinculado a proceso, acusado de violaci\u00f3n equiparada y trata de personas, en su modalidad de pornograf\u00eda infantil.<\/p>\n\n\n\n<p class=\"wp-block-paragraph\">Es la segunda aprehensi\u00f3n de los posibles agresores de una joven, cuya agresi\u00f3n sexual fue cometida por varias personas, adem\u00e1s de ser video grabada y difundida en redes sociales.&nbsp;<\/p>\n\n\n\n<p class=\"wp-block-paragraph\">Precis\u00f3 que su vinculaci\u00f3n a proceso se obtuvo como resultado de los datos de prueba presentados por el Ministerio P\u00fablico de la Coordinaci\u00f3n General de Investigaci\u00f3n de Delitos de G\u00e9nero y Atenci\u00f3n a V\u00edctimas ante un juez especializado en justicia penal para adolescentes, quien le impuso la medida cautelar de internamiento preventivo.<\/p>\n\n\n\n<p class=\"wp-block-paragraph\">El tercer caso relevante que tiene que ver con la Ley Olimpia es el de un hombre y una mujer que fueron vinculados a proceso, acusados de tomar y difundir im\u00e1genes \u00edntimas de una persona, quienes fueron en el municipio de los Reyes Acaquilpan, Estado de M\u00e9xico, por detectives de la Polic\u00eda de Investigaci\u00f3n, en colaboraci\u00f3n con autoridades de aquella entidad.<\/p>\n\n\n\n<p class=\"wp-block-paragraph\">Guadalupe Beatriz \u00abN\u00bb, en enero pasado, posiblemente public\u00f3 en redes sociales im\u00e1genes \u00edntimas de la v\u00edctima, las cuales le fueron proporcionadas por \u00d3scar Yibriam \u00abN\u00bb, ex pareja de la agraviada. Tras la denuncia se integr\u00f3 una indagatoria por el delito contra la intimidad sexual, y en el caso de \u00d3scar el delito se calific\u00f3 como agravado.<\/p>\n\n\n\n<p class=\"wp-block-paragraph\">En una semana dijo, del 28 de agosto al 10 de septiembre, se vincul\u00f3 a proceso a 54 personas acusadas de diversos delitos en contra de mujeres, ni\u00f1as y adolescentes, 29 de las cuales fueron en cumplimiento de \u00f3rdenes de aprehensi\u00f3n y 25 fueron detenidos en flagrancia por elementos policiacos.<\/p>\n\n\n\n<p class=\"wp-block-paragraph\">Fueron imputados por violencia familiar 33 personas, a ocho por abuso sexual, seis por violaci\u00f3n, tres por feminicidio e igual n\u00famero por trata de personas, y un caso m\u00e1s por el delito contra la intimidad sexual.<\/p>\n\n\n\n<p class=\"wp-block-paragraph\">Expres\u00f3 la fiscal, Ernestina Godoy Ramos que la esa dependencia ha cambiado para lograr mejores resultados en la investigaci\u00f3n y procesamiento de los delitos en general y particularmente los que se cometen en contra de mujeres y ni\u00f1as que han sido v\u00edctimas de la violencia.&nbsp;<\/p>\n\n\n\n<p class=\"wp-block-paragraph\">Lo que afirm\u00f3: \u201cnos ha permitido incrementar la cantidad de personas que son presentadas ante los jueces y son vinculadas a proceso, con lo que reducimos la impunidad y enviamos un claro mensaje a la sociedad. Vamos a investigar y perseguir a quien atente contra la integridad f\u00edsica y emocional de las mujeres\u201d.<\/p>\n","protected":false},"excerpt":{"rendered":"<p>Fiscal\u00eda CDMX vincul\u00f3 a proceso a 54 personas por agresiones contra mujeres, de agresiones a feminicidio<\/p>\n","protected":false},"author":3,"featured_media":40062,"comment_status":"open","ping_status":"open","sticky":false,"template":"","format":"standard","meta":{"_monsterinsights_skip_tracking":false,"footnotes":""},"categories":[692,51],"tags":[],"class_list":["post-40061","post","type-post","status-publish","format-standard","has-post-thumbnail","category-692","category-ejecutivo"],"_links":{"self":[{"href":"https:\/\/redsemlac.com\/semmexico\/wp-json\/wp\/v2\/posts\/40061","targetHints":{"allow":["GET"]}}],"collection":[{"href":"https:\/\/redsemlac.com\/semmexico\/wp-json\/wp\/v2\/posts"}],"about":[{"href":"https:\/\/redsemlac.com\/semmexico\/wp-json\/wp\/v2\/types\/post"}],"author":[{"embeddable":true,"href":"https:\/\/redsemlac.com\/semmexico\/wp-json\/wp\/v2\/users\/3"}],"replies":[{"embeddable":true,"href":"https:\/\/redsemlac.com\/semmexico\/wp-json\/wp\/v2\/comments?post=40061"}],"version-history":[{"count":0,"href":"https:\/\/redsemlac.com\/semmexico\/wp-json\/wp\/v2\/posts\/40061\/revisions"}],"wp:featuredmedia":[{"embeddable":true,"href":"https:\/\/redsemlac.com\/semmexico\/wp-json\/wp\/v2\/media\/40062"}],"wp:attachment":[{"href":"https:\/\/redsemlac.com\/semmexico\/wp-json\/wp\/v2\/media?parent=40061"}],"wp:term":[{"taxonomy":"category","embeddable":true,"href":"https:\/\/redsemlac.com\/semmexico\/wp-json\/wp\/v2\/categories?post=40061"},{"taxonomy":"post_tag","embeddable":true,"href":"https:\/\/redsemlac.com\/semmexico\/wp-json\/wp\/v2\/tags?post=40061"}],"curies":[{"name":"wp","href":"https:\/\/api.w.org\/{rel}","templated":true}]}}