{"id":40058,"date":"2021-09-18T10:50:00","date_gmt":"2021-09-18T16:50:00","guid":{"rendered":"https:\/\/redsemlac.com\/semmexico\/?p=40058"},"modified":"2023-07-21T17:06:58","modified_gmt":"2023-07-21T22:06:58","slug":"barcelona-presentacion-de-la-editorial-digital-feminista-victoria-sau","status":"publish","type":"post","link":"https:\/\/redsemlac.com\/semmexico\/barcelona-presentacion-de-la-editorial-digital-feminista-victoria-sau\/","title":{"rendered":"Barcelona: Presentaci\u00f3n de la Editorial Digital Feminista Victoria Sau"},"content":{"rendered":"\n<ul class=\"wp-block-list\"><li><strong>Se reciben textos de toda clase, siempre que sean feministas<\/strong><\/li><\/ul>\n\n\n\n<ul class=\"wp-block-list\"><li><strong>La prioridad: comunicaci\u00f3n digital<\/strong><\/li><\/ul>\n\n\n\n<p class=\"wp-block-paragraph\"><strong>Redacci\u00f3n<\/strong><\/p>\n\n\n\n<p class=\"wp-block-paragraph\">SemM\u00e9xico\/ La Independen, 18 de septiembre, 2021.-El pasado d\u00eda 8 de septiembre, tuvo lugar, en Ca la Dona, la presentaci\u00f3n de la Editorial Digital Feminista Victoria Sau.<\/p>\n\n\n\n<p class=\"wp-block-paragraph\">Fue presentada a trav\u00e9s del Centro de Documentaci\u00f3n de Ca la Dona, y cont\u00f3 con la presencia de las creadoras y colaboradoras. Esta presentaci\u00f3n se llev\u00f3 a cabo a trav\u00e9s de la Plataforma digital Zoom.<\/p>\n\n\n\n<p class=\"wp-block-paragraph\">&nbsp;Las prioridades de la Editorial es la comunicaci\u00f3n digital pero tambi\u00e9n ofrecen en papel los textos que se soliciten.<\/p>\n\n\n\n<p class=\"wp-block-paragraph\">La Editorial<strong>&nbsp;Victoria Sau<\/strong>&nbsp;ofrece libros de teor\u00eda, historia y ensayo feminista, desde sus diversas orientaciones. Autorizan a copiar, distribuir y comunicar p\u00fablicamente la obra bajo las siguientes condiciones: Reconocimiento, en cualquier explotaci\u00f3n de la obra autorizada por la licencia, har\u00e1 falta reconocer la autor\u00eda; No comercial, la explotaci\u00f3n de la obra queda limitada a usos no comerciales; y sin obras derivadas, la autorizaci\u00f3n para explotar la obra no incluye la transformaci\u00f3n para crear una obra derivada.<\/p>\n\n\n\n<p class=\"wp-block-paragraph\"><strong>Recepci\u00f3n de textos<\/strong><\/p>\n\n\n\n<p class=\"wp-block-paragraph\">Se recibir\u00e1n y leer\u00e1n todos los textos que se encuentren en la l\u00ednea feminista de la entidad, en cumplimiento del acuerdo legal con la familia responsable de Victoria Sau. La respuesta positiva se dar\u00e1 en el plazo de un mes (el silencio significa que no se acepta). El env\u00edo del manuscrito ser\u00e1 a trav\u00e9s de archivo digital, adem\u00e1s de una sinopsis de la obra y un curr\u00edculum de la autora.<\/p>\n","protected":false},"excerpt":{"rendered":"<p>Se reciben textos de toda clase, siempre que sean feministas<\/p>\n","protected":false},"author":3,"featured_media":40059,"comment_status":"open","ping_status":"open","sticky":false,"template":"","format":"standard","meta":{"_monsterinsights_skip_tracking":false,"footnotes":""},"categories":[692,53],"tags":[],"class_list":["post-40058","post","type-post","status-publish","format-standard","has-post-thumbnail","category-692","category-internacional"],"_links":{"self":[{"href":"https:\/\/redsemlac.com\/semmexico\/wp-json\/wp\/v2\/posts\/40058","targetHints":{"allow":["GET"]}}],"collection":[{"href":"https:\/\/redsemlac.com\/semmexico\/wp-json\/wp\/v2\/posts"}],"about":[{"href":"https:\/\/redsemlac.com\/semmexico\/wp-json\/wp\/v2\/types\/post"}],"author":[{"embeddable":true,"href":"https:\/\/redsemlac.com\/semmexico\/wp-json\/wp\/v2\/users\/3"}],"replies":[{"embeddable":true,"href":"https:\/\/redsemlac.com\/semmexico\/wp-json\/wp\/v2\/comments?post=40058"}],"version-history":[{"count":0,"href":"https:\/\/redsemlac.com\/semmexico\/wp-json\/wp\/v2\/posts\/40058\/revisions"}],"wp:featuredmedia":[{"embeddable":true,"href":"https:\/\/redsemlac.com\/semmexico\/wp-json\/wp\/v2\/media\/40059"}],"wp:attachment":[{"href":"https:\/\/redsemlac.com\/semmexico\/wp-json\/wp\/v2\/media?parent=40058"}],"wp:term":[{"taxonomy":"category","embeddable":true,"href":"https:\/\/redsemlac.com\/semmexico\/wp-json\/wp\/v2\/categories?post=40058"},{"taxonomy":"post_tag","embeddable":true,"href":"https:\/\/redsemlac.com\/semmexico\/wp-json\/wp\/v2\/tags?post=40058"}],"curies":[{"name":"wp","href":"https:\/\/api.w.org\/{rel}","templated":true}]}}