{"id":40055,"date":"2021-09-17T12:30:00","date_gmt":"2021-09-17T18:30:00","guid":{"rendered":"https:\/\/redsemlac.com\/semmexico\/?p=40055"},"modified":"2023-07-21T17:06:59","modified_gmt":"2023-07-21T22:06:59","slug":"mexico-abre-brecha-en-los-derechos-reproductivos-de-america-latina-con-las-sentencias-de-la-corte-afirma-human-rights-watch","status":"publish","type":"post","link":"https:\/\/redsemlac.com\/semmexico\/mexico-abre-brecha-en-los-derechos-reproductivos-de-america-latina-con-las-sentencias-de-la-corte-afirma-human-rights-watch\/","title":{"rendered":"M\u00e9xico abre brecha en los derechos reproductivos de Am\u00e9rica Latina con las sentencias de la Corte afirma Human Rights Watch"},"content":{"rendered":"\n<ul class=\"wp-block-list\"><li><strong>Resultado de los movimientos feministas conocidos como la marea verde<\/strong><\/li><\/ul>\n\n\n\n<p class=\"wp-block-paragraph\"><strong>Elda Montiel<\/strong><\/p>\n\n\n\n<p class=\"wp-block-paragraph\">SemM\u00e9xico, Cd. de M\u00e9xico, 17 de septiembre 2021.- Las dos sentencias de la Suprema Corte de Justicia de la Naci\u00f3n de M\u00e9xico sobre derechos reproductivos sobre la inconstitucionalidad absoluta del aborto en Coahuila y la protecci\u00f3n de la vida desde la concepci\u00f3n en Sinaloa sientan precedentes no solo en M\u00e9xico sino en Am\u00e9rica Latina considero la organizaci\u00f3n Human Rights Watch.<\/p>\n\n\n\n<p class=\"wp-block-paragraph\">La organizaci\u00f3n internacional en un comunicado coloca a M\u00e9xico junto con Argentina y Uruguay como los pa\u00edses que tiene una tendencia hacia la ampliaci\u00f3n del acceso al aborto legal que abren brecha entre sus reglamentaciones y sus obligaciones internacionales de derechos humanos como resultado de los movimientos coordinados de las feministas conocido como la \u201cMarea Verde\u201d en M\u00e9xico.<\/p>\n\n\n\n<p class=\"wp-block-paragraph\">Precisa que la \u201cOla Verde\u201d como se conoce en Am\u00e9rica Latina al movimiento feminista que promueve la regulaci\u00f3n del aborto ha propiciado que el debate se centre en los derechos de la mujer y no en la facultad de los estados para despenalizar el aborto.<\/p>\n\n\n\n<p class=\"wp-block-paragraph\">Resalta el comunicado de la organizaci\u00f3n internacional que prevaleci\u00f3 el derecho de las mujeres y personas gestantes, en ambas sentencias.&nbsp;&nbsp; &nbsp;<\/p>\n\n\n\n<p class=\"wp-block-paragraph\">En un momento en que en muchas regiones del mundo como Afganist\u00e1n y Texas se producen retrocesos alarmantes para los derechos de las mujeres la Corte en M\u00e9xico env\u00eda un mensaje decisivo sobre el papel de las mujeres en la regulaci\u00f3n del aborto y muestra con contundencia el impacto de incorporar la perspectiva de g\u00e9nero en las decisiones judiciales que competen a las mujeres, en opini\u00f3n de Ximena Casas investigadora de Human Rights Warch.<\/p>\n\n\n\n<p class=\"wp-block-paragraph\">La Suprema Corte invalida la secci\u00f3n del C\u00f3digo Penal de Coahuila que castiga con uno a tres a\u00f1os de c\u00e1rcel el aborto practicado con consentimiento y exige que los jueces locales y federales se atengan al razonamiento de la corte cuando tengan que decidir sobre casos relacionados con aborto.<\/p>\n\n\n\n<p class=\"wp-block-paragraph\">Es un mensaje claro a los estados donde se penaliza el aborto que deben reformar sus leyes de conformidad con la protecci\u00f3n constitucional del derecho a las mujeres a tomar decisiones personales como quedar embarazadas o tener hijos.<\/p>\n\n\n\n<p class=\"wp-block-paragraph\">Respecto a la primera sentencia precisa que se dicta en el contexto de un recurso planteado por la Procuradur\u00eda General de la Rep\u00fablica de M\u00e9xico en noviembre de 2017 contra varias disposiciones del C\u00f3digo Penal de Coahuila con el argumento de que resultaban violatorias de la autonom\u00eda y la libertad reproductiva de las mujeres al impedir el aborto durante el primer trimestre del embarazo.&nbsp;<\/p>\n\n\n\n<p class=\"wp-block-paragraph\">Considera a Coahuila como el quinto estado donde se elimina la penalizaci\u00f3n del aborto como son la Ciudad de M\u00e9xico, Oaxaca, Hidalgo y Veracruz.<\/p>\n\n\n\n<p class=\"wp-block-paragraph\">Respecto a la segunda sentencia respondi\u00f3 a un recurso que plantearon en el 2018 miembros del Congreso de Sinaloa y la Comisi\u00f3n Nacional de los Derechos Humanos (CNDH) contra una enmienda a la Constituci\u00f3n de ese estado que hab\u00eda establecido la protecci\u00f3n del derecho a la vida desde el momento de la Concepci\u00f3n.&nbsp;<\/p>\n\n\n\n<p class=\"wp-block-paragraph\">Las investigaciones de Human Rights Watch indican que la penalizaci\u00f3n del aborto empuja a que las personas recurran a procedimientos inseguros que ponen en riesgo la salud y la vida, y profundiza la desigualdad y la discriminaci\u00f3n.<\/p>\n\n\n\n<p class=\"wp-block-paragraph\">En M\u00e9xico las estad\u00edsticas revelan que un n\u00famero desproporcionado de mujeres que enfrentan cargos penales por abortos est\u00e1n en situaci\u00f3n de pobreza y, en muchos casos, pertenecen a comunidades ind\u00edgenas, lo que coincide con los hallazgos de Human Rights Watch en otros pa\u00edses.<\/p>\n\n\n\n<p class=\"wp-block-paragraph\">El comunicado de la organizaci\u00f3n internacional dado a conocer por GIRE, la organizaci\u00f3n de derechos reproductivos mexicana, coincide que las mujeres acusadas por abortos durante las investigaciones sufren violaciones al secreto profesional, al debido proceso, y les resulta dif\u00edcil obtener representaci\u00f3n legal como ocurre en otros pa\u00edses.<\/p>\n","protected":false},"excerpt":{"rendered":"<p>Resultado de los movimientos feministas conocidos como la marea verde<\/p>\n","protected":false},"author":3,"featured_media":40056,"comment_status":"open","ping_status":"open","sticky":false,"template":"","format":"standard","meta":{"_monsterinsights_skip_tracking":false,"footnotes":""},"categories":[692,51],"tags":[],"class_list":["post-40055","post","type-post","status-publish","format-standard","has-post-thumbnail","category-692","category-ejecutivo"],"_links":{"self":[{"href":"https:\/\/redsemlac.com\/semmexico\/wp-json\/wp\/v2\/posts\/40055","targetHints":{"allow":["GET"]}}],"collection":[{"href":"https:\/\/redsemlac.com\/semmexico\/wp-json\/wp\/v2\/posts"}],"about":[{"href":"https:\/\/redsemlac.com\/semmexico\/wp-json\/wp\/v2\/types\/post"}],"author":[{"embeddable":true,"href":"https:\/\/redsemlac.com\/semmexico\/wp-json\/wp\/v2\/users\/3"}],"replies":[{"embeddable":true,"href":"https:\/\/redsemlac.com\/semmexico\/wp-json\/wp\/v2\/comments?post=40055"}],"version-history":[{"count":0,"href":"https:\/\/redsemlac.com\/semmexico\/wp-json\/wp\/v2\/posts\/40055\/revisions"}],"wp:featuredmedia":[{"embeddable":true,"href":"https:\/\/redsemlac.com\/semmexico\/wp-json\/wp\/v2\/media\/40056"}],"wp:attachment":[{"href":"https:\/\/redsemlac.com\/semmexico\/wp-json\/wp\/v2\/media?parent=40055"}],"wp:term":[{"taxonomy":"category","embeddable":true,"href":"https:\/\/redsemlac.com\/semmexico\/wp-json\/wp\/v2\/categories?post=40055"},{"taxonomy":"post_tag","embeddable":true,"href":"https:\/\/redsemlac.com\/semmexico\/wp-json\/wp\/v2\/tags?post=40055"}],"curies":[{"name":"wp","href":"https:\/\/api.w.org\/{rel}","templated":true}]}}