{"id":40053,"date":"2021-09-17T11:40:00","date_gmt":"2021-09-17T17:40:00","guid":{"rendered":"https:\/\/redsemlac.com\/semmexico\/?p=40053"},"modified":"2023-07-21T17:06:59","modified_gmt":"2023-07-21T22:06:59","slug":"entresemana-hasta-cuando-andres-manuel","status":"publish","type":"post","link":"https:\/\/redsemlac.com\/semmexico\/entresemana-hasta-cuando-andres-manuel\/","title":{"rendered":"Entresemana| \u00bfHasta cu\u00e1ndo, Andr\u00e9s Manuel?"},"content":{"rendered":"\n<p class=\"has-text-align-right wp-block-paragraph\"><strong><em>En memoria de Rodolfo Rivera V\u00e1zquez<\/em><\/strong><\/p>\n\n\n\n<p class=\"wp-block-paragraph\"><strong>Mois\u00e9s S\u00e1nchez Lim\u00f3n<\/strong><\/p>\n\n\n\n<p class=\"wp-block-paragraph\">SemM\u00e9xico, Cd. de M\u00e9xico, 17 de septiembre, 2021.- Los tiempos que corren.<\/p>\n\n\n\n<p class=\"wp-block-paragraph\">En M\u00e9xico hay quienes mueren v\u00edctimas del Covid-19, otros por enfermedades asociadas a este mal, algunos por aquellas degenerativas que se comen al organismo paulatinamente.<\/p>\n\n\n\n<p class=\"wp-block-paragraph\">Y en el gremio de los periodistas lo indignante es que hoy, bajo el r\u00e9gimen que se asume dem\u00f3crata, dizque en abierta lucha contra la corrupci\u00f3n y la deshonestidad e incluso el Duce se asume cristiano e invoca la humildad y el amor al pr\u00f3jimo, hay quienes pierden la vida en la antesala de espera de justicia, justicia a secas, sin prebendas.<\/p>\n\n\n\n<p class=\"wp-block-paragraph\">En esa antesala falleci\u00f3 Rodolfo Rivera V\u00e1zquez, en espera de justicia laboral y de que Andr\u00e9s Manuel L\u00f3pez Obrador cumpla con el juramento de defender a la Constituci\u00f3n, que implica defender a las y los mexicanos y sus derechos ciudadanos. P\u00e1rrafo tercero del art\u00edculo 1 de la llamada Carta Magna.<\/p>\n\n\n\n<p class=\"wp-block-paragraph\">Su Alteza Seren\u00edsima Andr\u00e9s Manuel sabe qui\u00e9n es Rodolfo Rivera V\u00e1zquez porque supo de la cr\u00edtica situaci\u00f3n econ\u00f3mica, laboral y, sobre todo, de salud que enfrentaba este periodista mexicano a quien la honrada, dem\u00f3crata y justiciera administraci\u00f3n federal de la 4T, con la sensible cuanto humanista Sanjuana Mart\u00ednez Montemayor, como directora de Notimex, abandon\u00f3 a su suerte en Venezuela, desconoci\u00e9ndole sus derechos laborales, obtenidos durante m\u00e1s de dos d\u00e9cadas en las que se desempe\u00f1\u00f3 como corresponsal de la Agencia de Noticias del Estado Mexicano en aquel pa\u00eds sudamericano.<\/p>\n\n\n\n<p class=\"wp-block-paragraph\">Rodolfo sufr\u00eda Parkinson y al principio del r\u00e9gimen del licenciado presidente L\u00f3pez Obrador, fue despedido junto con 19 corresponsales m\u00e1s de Notimex; echados del empleo sin remuneraci\u00f3n alguna.<\/p>\n\n\n\n<p class=\"wp-block-paragraph\">Enfermo, Rodolfo muri\u00f3 viudo y carente de recursos econ\u00f3micos, no me atrever\u00eda a decir que estaba en la miseria, pero su esposa, quien falleci\u00f3 hace unos meses, recib\u00eda una m\u00ednima pensi\u00f3n que era su sost\u00e9n.<\/p>\n\n\n\n<p class=\"wp-block-paragraph\">\u00a1Caray, Andr\u00e9s Manuel! \u00bfHasta cu\u00e1ndo sostendr\u00e1s en el cargo a Sanjuana? \u00bfHasta cu\u00e1ndo permitir\u00e1s que la inexperta secretaria del Trabajo y Previsi\u00f3n Social, Luisa Mar\u00eda Alcalde Luj\u00e1n, cumpla con su trabajo y ordene se acate la justicia laboral que ha fallado a favor de los trabajadores de la Agencia del Estado Mexicano, Notimex?<\/p>\n\n\n\n<p class=\"wp-block-paragraph\">Mire usted, lamentablemente esta labor de zapa emprendida por el Duce desde las disertaciones matutinas, mal llamadas conferencias de prensa, en contra de los periodistas y medios de comunicaci\u00f3n ha logrado que el gremio, disperso y poco solidario, salvo contadas excepciones en fuentes informativas, se disloque y desconozca la condici\u00f3n en que viven y mueren colegas como Rodolfo. Lo m\u00e1s grave: alejado de M\u00e9xico, en un pa\u00eds que le dio hospedaje y lo recibir\u00e1 en sepultura.<\/p>\n\n\n\n<p class=\"wp-block-paragraph\">S\u00ed, lamentable.<\/p>\n\n\n\n<p class=\"wp-block-paragraph\">Sin duda habr\u00e1 pronunciamientos oportunistas de sedicentes representantes gremiales que se asocian con el poder y buscan quedar bien con el vocero presidencial, cuya tarea es precisamente desmadrar cualquier intento solidario y de unidad gremial, porque eso es lo suyo, tanto que nada ha hecho por concretar esa instrucci\u00f3n enunciativa del licenciado presidente para solucionar la huelga en Notimex.<\/p>\n\n\n\n<p class=\"wp-block-paragraph\">Es posible que la semana pr\u00f3xima cuando diputados y senadores retornen del puente patrio sean enterados, del deceso de Rodolfo Rivera y hagan un pronunciamiento. Pero no alzar\u00e1n la voz ni exigir\u00e1n la remoci\u00f3n de la \u00ednclita Sanjuana y mucho menos que se solucione la huelga y se reactive a la agencia.<\/p>\n\n\n\n<p class=\"wp-block-paragraph\">A la autoridad laboral, al licenciado presidente, al Congreso de la Uni\u00f3n, a nadie desde el poder le importa este grave problema laboral que ya ha cobrado v\u00edctimas. Han muerto trabajadores de la agencia, pero el caso de Rodolfo es ejemplo de la indolencia y valemadrismo de Andr\u00e9s Manuel L\u00f3pez Obrador, depositario del Poder Ejecutivo Federal y responsable de velar por los derechos humanos de los mexicanos.<\/p>\n\n\n\n<p class=\"wp-block-paragraph\">\u00bfPor qu\u00e9 olvidaron a Rodolfo Rivera en Venezuela? \u00bfPor qu\u00e9 a Sanjuana le importa un pito la suerte de los corresponsales que le dieron brillo a Notimex en el extranjero? \u00bfPor qu\u00e9 la directora de Notimex abandon\u00f3 a Rodolfo Rivera?<\/p>\n\n\n\n<p class=\"wp-block-paragraph\">Mire usted, no se trata de incurrir en defensas franciscanas o de asumir el papel de la Madre Teresa de Calcuta, porque est\u00e1 visto que a los periodistas s\u00f3lo los defienden los periodistas \u2013y no como acto de fe ni postura general&#8211;, que el poder p\u00fablico se sirve de ellos o los insulta y estigmatiza, divide y desprecia.<\/p>\n\n\n\n<p class=\"wp-block-paragraph\"><strong>\u00bfCu\u00e1nto cuesta la vida de un periodista?, pregunto al Duce Andr\u00e9s Manuel.<\/strong><\/p>\n\n\n\n<p class=\"wp-block-paragraph\"><strong>Encontr\u00e9 un texto en el portal \u201cYo influyo\u201d. Escrito por Edelmiro Franco V., publicado el 02 de abril de 2019, recoge como cabeza la declaraci\u00f3n de Rodolfo Rivera \u201cNo puedo caminar ni hablar\u201d. Lea usted.<\/strong><\/p>\n\n\n\n<p class=\"wp-block-paragraph\">\u201cDesde 1998 Rodolfo, como reportero curtido y de piel dura surti\u00f3 el hilo de Notimex con sus notas desde Caracas y nunca dej\u00f3 de teclear en el teletipo, en la m\u00e1quina de escribir, en la tandy, en el computador y en el m\u00f3vil.<\/p>\n\n\n\n<p class=\"wp-block-paragraph\">\u201cYo no tiemblo, pero no puedo caminar ni hablar bien, me operaron el a\u00f1o pasado, pero despu\u00e9s me ca\u00ed en una de las marchas y me di un golpe en la cabeza, reca\u00ed y me tienen que operar otra vez (\u2026).<\/p>\n\n\n\n<p class=\"wp-block-paragraph\">\u201cEste fue el \u00faltimo mensaje que me envi\u00f3 este fin de semana desde Caracas, Rodolfo Rivera, corresponsal de la Agencia de Noticias del Estado Mexicano (Notimex), con cerca de 30 a\u00f1os al servicio de la agencia y quien vive el drama de la incertidumbre de su futuro laboral, como el resto de sus 19 compa\u00f1eros.<\/p>\n\n\n\n<p class=\"wp-block-paragraph\">\u201cPero la incertidumbre de los 20 corresponsales de Notimex, que vivimos desde el pasado 1 de enero, es m\u00e1s dram\u00e1tica en mi amigo Rodolfo, a quien conoc\u00ed en 1998 cuando me recibi\u00f3 la corresponsal\u00eda en Caracas, mientras Notimex orden\u00f3 mi traslado a Bogot\u00e1.<\/p>\n\n\n\n<p class=\"wp-block-paragraph\">\u201cDesde 1998 Rodolfo, como reportero curtido y de piel dura surti\u00f3 el hilo de Notimex con sus notas desde Caracas y nunca dej\u00f3 de teclear en el teletipo, en la m\u00e1quina de escribir, en la tandy, en el computador y en el m\u00f3vil.<\/p>\n\n\n\n<p class=\"wp-block-paragraph\">\u201cPero hoy el principal problema de Rodolfo, no es la incertidumbre laboral, es el avance del Parkinson en Caracas, sin atenci\u00f3n m\u00e9dica, sin seguro, sin dinero y sin sus hijos. Hoy Rodolfo, mi amigo, colega y compa\u00f1ero, libra una batalla por la vida.<\/p>\n\n\n\n<p class=\"wp-block-paragraph\">\u201cAmigo Rodolfo, desde Bogot\u00e1, y esta tribuna de las redes sociales, te digo que no estar\u00e1s solo en esta batalla por la vida, tus compa\u00f1eros estamos contigo y estoy seguro que la solidaridad de los periodistas del mundo, de las organizaciones humanitarias estar\u00e1n contigo para esta cruzada por la vida y puedas realizar la cirug\u00eda que requieres porque tu familia y las teclas te esperan\u201d.&nbsp;<\/p>\n\n\n\n<p class=\"wp-block-paragraph\">Ayer supe del deceso de Rodolfo y, como parte de esta familia del gremio period\u00edstico mexicano, me duele. Porque no se requiere ser amigos para dolerse por la partida de un colega. Y espero me comprenda usted.<\/p>\n\n\n\n<p class=\"wp-block-paragraph\">Desconozco si Edelmiro Franco logr\u00f3 apoyos para Rodolfo y lamento no haber sabido de esa convocatoria. En estos d\u00edas que corren con la maledicencia desde Palacio, los periodistas requerimos hacer efectiva la comunicaci\u00f3n entre nosotros. Solidaridad es la clave para enfrentar a la perversidad del Duce.<\/p>\n\n\n\n<p class=\"wp-block-paragraph\">En este \u00e1nimo, pregunto a&nbsp;Su Alteza Seren\u00edsima Andr\u00e9s Manuel: \u00bfhasta cu\u00e1ndo permitir\u00e1 la injusticia en Notimex? \u00bfQu\u00e9 le debe a Sanjuana? Y vaya papelazo el de la secretaria Luisa Mar\u00eda Alcalde Luj\u00e1n, de pena ajena como florero. \u00bfA\u00fan fuma como chacuaco?<\/p>\n\n\n\n<p class=\"wp-block-paragraph\">Por cierto, anoche Su Alteza Seren\u00edsima se ve\u00eda fresquecito, bien peinado y maquillado cuando,&nbsp;de la mano de la historiadora que estren\u00f3 vestido largo azul turquesa lleg\u00f3 hasta el balc\u00f3n y, bandera en ristre, areng\u00f3 con 20 vivas a la inexistente muchedumbre y, entre \u00e9stas, cit\u00f3&nbsp;Viva la honestidad. Viva nuestra soberan\u00eda. Viva la fraternidad universal (\u00bfla iglesia cristiana?) y Viva el amor al pr\u00f3jimo. \u00bfLe creemos? Por de pronto, ese amor se lo qued\u00f3 a deber a Rodolfo.&nbsp;\u00a1Caray! Digo.<\/p>\n\n\n\n<p class=\"wp-block-paragraph\"><a href=\"mailto:sanchezlimon@gmail.com\" target=\"_blank\" rel=\"noreferrer noopener\">sanchezlimon@gmail.com<\/a><\/p>\n\n\n\n<p class=\"wp-block-paragraph\"><a href=\"http:\/\/www.entresemana.mx\/\" target=\"_blank\" rel=\"noreferrer noopener\">www.entresemana.mx<\/a><\/p>\n\n\n\n<p class=\"wp-block-paragraph\"><strong>@sanchezlimon @sanchezlimon1<\/strong><\/p>\n","protected":false},"excerpt":{"rendered":"<p>En M\u00e9xico hay quienes mueren v\u00edctimas del Covid-19, otros por enfermedades asociadas a este mal, algunos por aquellas degenerativas que se comen al organismo paulatinamente.<\/p>\n","protected":false},"author":3,"featured_media":15805,"comment_status":"open","ping_status":"open","sticky":false,"template":"","format":"standard","meta":{"_monsterinsights_skip_tracking":false,"footnotes":""},"categories":[692,105,83,35],"tags":[459],"class_list":["post-40053","post","type-post","status-publish","format-standard","has-post-thumbnail","category-692","category-entresemana","category-moises-sanchez-limon","category-opinion","tag-opinion"],"_links":{"self":[{"href":"https:\/\/redsemlac.com\/semmexico\/wp-json\/wp\/v2\/posts\/40053","targetHints":{"allow":["GET"]}}],"collection":[{"href":"https:\/\/redsemlac.com\/semmexico\/wp-json\/wp\/v2\/posts"}],"about":[{"href":"https:\/\/redsemlac.com\/semmexico\/wp-json\/wp\/v2\/types\/post"}],"author":[{"embeddable":true,"href":"https:\/\/redsemlac.com\/semmexico\/wp-json\/wp\/v2\/users\/3"}],"replies":[{"embeddable":true,"href":"https:\/\/redsemlac.com\/semmexico\/wp-json\/wp\/v2\/comments?post=40053"}],"version-history":[{"count":0,"href":"https:\/\/redsemlac.com\/semmexico\/wp-json\/wp\/v2\/posts\/40053\/revisions"}],"wp:featuredmedia":[{"embeddable":true,"href":"https:\/\/redsemlac.com\/semmexico\/wp-json\/wp\/v2\/media\/15805"}],"wp:attachment":[{"href":"https:\/\/redsemlac.com\/semmexico\/wp-json\/wp\/v2\/media?parent=40053"}],"wp:term":[{"taxonomy":"category","embeddable":true,"href":"https:\/\/redsemlac.com\/semmexico\/wp-json\/wp\/v2\/categories?post=40053"},{"taxonomy":"post_tag","embeddable":true,"href":"https:\/\/redsemlac.com\/semmexico\/wp-json\/wp\/v2\/tags?post=40053"}],"curies":[{"name":"wp","href":"https:\/\/api.w.org\/{rel}","templated":true}]}}