{"id":4005,"date":"2017-09-04T16:40:55","date_gmt":"2017-09-04T16:40:55","guid":{"rendered":"https:\/\/redsemlac.com\/semmexico\/?p=4005"},"modified":"2023-07-21T14:24:36","modified_gmt":"2023-07-21T19:24:36","slug":"cinco-anos-del-gobierno-de-epn-pesadumbre","status":"publish","type":"post","link":"https:\/\/redsemlac.com\/semmexico\/cinco-anos-del-gobierno-de-epn-pesadumbre\/","title":{"rendered":"Cinco a\u00f1os del gobierno de EPN: Pesadumbre"},"content":{"rendered":"\n<p class=\"wp-block-paragraph\">Palabra de Ant\u00edgona<\/p>\n\n\n\n<h5 class=\"wp-block-heading\"> L\u00e1stima de 47 a\u00f1os de feminismo y la parafernalia digna y limpia, que no logra organizar realmente a las mujeres<\/h5>\n\n\n\n<p class=\"wp-block-paragraph\"><a href=\"https:\/\/semmexico.com\/gallery-post.php?id=2835#\">Sara Lovera<\/a><\/p>\n\n\n\n<p class=\"wp-block-paragraph\">SemM\u00e9xico, Cd. de M\u00e9xico, 4 septiembre 2017.- Esta administraci\u00f3n est\u00e1 manchada de violencia. El saldo del sexenio de Felipe Calder\u00f3n, que sac\u00f3 al ej\u00e9rcito a las calles y caminos; la crisis de paz que impera en todo el mundo y el permiso para matar que alienta nuestro deficiente sistema de justicia, donde la regla es la impunidad, ha dejado un tremendo sello color p\u00farpura a la administraci\u00f3n de Enrique Pe\u00f1a Nieto, quien acaba de entregar su 5\u00ba Informe de Gobierno.<br><br>Solamente en agresiones a periodistas y medios de comunicaci\u00f3n, la cuenta es de mil 517 en cinco a\u00f1os; 35 asesinatos de profesionales del periodismo y cuatro desapariciones. Lo grave: 99.75% de esos cr\u00edmenes est\u00e1n impunes, impunidad y agresiones contra la libertad de expresi\u00f3n. Y el signo: la simulaci\u00f3n.<br><br>No sirve ni el Mecanismo de Protecci\u00f3n para Personas Defensoras de Derechos Humanos y Periodistas, que depende de la Secretar\u00eda de Gobernaci\u00f3n, en el que se sientan organismos y personas civiles, que hacen el concierto, ni la Fiscal\u00eda Especial para la Atenci\u00f3n de Delitos Cometidos Contra la Libertad de Expresi\u00f3n, de la Procuradur\u00eda General de la Rep\u00fablica.<br><br>Los cr\u00edmenes contra mujeres periodistas, dice la revista Contral\u00ednea en un reportaje del 3 de septiembre, aument\u00f3 70%, en concordancia con la llegada creciente de mujeres a los medios de comunicaci\u00f3n.<br><br>De la misma manera, no ha cedido la violencia espec\u00edfica contra las ni\u00f1as y mujeres. Seg\u00fan la Encuesta Nacional sobre las Din\u00e1micas de las Relaciones en los Hogares (ENDIREH) realizada en 2016, la violencia contra las mujeres de 15 a\u00f1os y m\u00e1s, creci\u00f3 m\u00e1s de 20 puntos porcentuales en los \u00faltimos 10 a\u00f1os; afecta a 6 de cada 10 mujeres en la mayor\u00eda de los estados, y al comparar los resultados de 2006, 2011 y 2016 de esa encuesta, se mira c\u00f3mo aument\u00f3 la cifra de mujeres que report\u00f3 sufrir al menos un episodio de violencia en su vida.<br><br>Hasta ahora no se conoce la estrategia \u201cnueva\u201d para atemperar esta creciente ola de violencia generalizada; los homicidios dolosos han crecido cada a\u00f1o, despu\u00e9s de una declinaci\u00f3n que ven\u00eda al final del sexenio de Calder\u00f3n. Los hechos de corrupci\u00f3n no investigados o con investigaciones parciales y otros hechos tan dolorosos como la desaparici\u00f3n de 43 estudiantes en Ayotzinapa, que cumplir\u00e1 3 a\u00f1os, enrarecen el sexenio, y empa\u00f1an cualquier cosa que pudiera definirse como positiva.<br><br>Las grandes cadenas informativas del mundo definen a M\u00e9xico s\u00f3lo como un pa\u00eds violento, antidemocr\u00e1tico y sin estatura de gobernabilidad. No hemos pasado las pruebas, ni de la paz, menos de la concordia, y tampoco de la defensa o promoci\u00f3n de los Derechos Humanos. Nos encontramos en una situaci\u00f3n del todo enfrentada, sin esperanza ni credibilidad.<br><br>En ese contexto no es popular decir que hubo reformas atinadas; menos es admisible reconocer que se han creado empleos y que es un sexenio donde se ha levantado y promovido la pol\u00edtica de g\u00e9nero, como mi experiencia no hab\u00eda vivido en 40 a\u00f1os. Se trata de algunos avances, que trascender\u00e1n la coyuntura y este sentimiento de odio opositor a todo lo que hable, no de la administraci\u00f3n p\u00fablica, sino del sistema.<br><br>Estamos atrapadas. Las mujeres estamos en condiciones de avance como nunca y no es posible verlo. Se nos ha fundido m\u00e1s de un foco para pensar. Hemos llegado al colmo de mirar \u00fanicamente la superficie. Nuestro juicio depende de una abultada y permanente campa\u00f1a de desprestigio; la descalificaci\u00f3n en los llamados c\u00edrculos rojo y amarillo de la opini\u00f3n p\u00fablica, porque eso es lo que priva; no es posible mirar una sola rendija. Me temo, pero eso deben definirlo especialistas y doctores\/as en miles de especialidades, que la sociedad se est\u00e1 autodestruyendo. No hay espacio para el an\u00e1lisis profundo y serio, s\u00f3lo existe el que ahonda la desesperanza.<br><br>Son cosas que para una antigua periodista son preocupantes. No existe ni la idea, ni la intenci\u00f3n de hacer un verdadero recuento. Por ejemplo, acerca de la pol\u00edtica de g\u00e9nero en esta administraci\u00f3n. Cuando se intenta, la respuesta es: \u201c\u00bferes priista?\u201d, \u201cnada sirve, no te hagas\u201d, \u201ces pura simulaci\u00f3n y el gobierno se r\u00ede\u201d. O sea, no es posible dialogar, si las posturas son fundamentalistas y no proponen la exploraci\u00f3n; los datos objetivos y sin eludir los profundos pendientes.<br><br>Hay otras frases que penetran en la sociedad como mantequilla: las que rezan \u201cacabemos con la mafia del poder\u201d, la favorita de Andr\u00e9s Manuel L\u00f3pez Obrador, quien no nos ha dado explicaci\u00f3n sobre los personajes y grupos que recibe en su partido, acr\u00edticamente, con videos de entrega de dinero \u2013ahora ya se incorpor\u00f3 el grupo de Bejarano, \u00bflo recuerda usted?\u2013 y el grav\u00edsimo asunto de Tl\u00e1huac donde es su gente la que se hizo de grandes casas y maneja lo de los \u201cbici taxis\u201d o \u201cmoto taxis\u201d. Y tampoco responde a las cr\u00edticas a la corrupci\u00f3n el Partido de la Revoluci\u00f3n Democr\u00e1tica (PRD) y en Morena se silencia todo, como los 45 a\u00f1os del negocio de Beto Anaya; y es imposible una explicaci\u00f3n de c\u00f3mo en el PRI crecen las resistencias a la democracia y tambi\u00e9n los actos de corrupci\u00f3n; se olvidan los casos en funci\u00f3n del esc\u00e1ndalo.<br><br>Lo cierto es que nada se ha puesto a prueba como en esta administraci\u00f3n, sobre c\u00f3mo aceptar en todos los niveles que hay discriminaci\u00f3n para las mujeres y que eso mina la democracia y la productividad; yo no hab\u00eda visto nunca a un Secretario de Gobernaci\u00f3n hablar del machismo sin necesidad de un gui\u00f3n; o a un Secretario de Hacienda ahora de Relaciones Exteriores abriendo los presupuestos; ni a tantas funcionarias obligadas a estudiar feminismo y g\u00e9nero. Ni tampoco hab\u00eda visto a un presidente presidir el Sistema Nacional de Igualdad, ya s\u00e9, es pura demagogia.<br><br>Estoy segura que algo saldr\u00e1 de este experimento. En los 70 los primeros cambios legislativos de la \u00e9poca contempor\u00e1nea, como el Art\u00edculo 4\u00ba. O las primeras pol\u00edticas p\u00fablicas, han rendido frutos. Claro, no hay memoria, entonces se hizo la primera encuesta de aborto y se estudi\u00f3 la respuesta a la sexualidad humana, etc.<br><br>Ya s\u00e9 que ahora no podemos evaluar y no podemos hacerlo porque el discurso de la sociedad civil, como se llama, se concentra en las 7 asesinadas cada d\u00eda y un solo art\u00edculo de la ley de Acceso de las Mujeres a una Vida sin Violencia, el relativo a la Alerta de G\u00e9nero, sin mayor an\u00e1lisis o contexto.<br><br>Qui\u00e9n estar\u00e1 evaluando la calidad de los casi 3 millones de empleos, cosa incre\u00edble en medio de las dificultades internacionales del capitalismo; ni se ha hecho un acercamiento para saber c\u00f3mo, sin el dinero del petr\u00f3leo, crecimos igual, poco, pero igual que antes, cuando nos quej\u00e1bamos por la econom\u00eda petrolizada.<br><br>Que los 5 a\u00f1os de la administraci\u00f3n de Pe\u00f1a Nieto para las mujeres ser\u00e1 el porvenir, \u00bfser\u00e1? Seg\u00fan mi razonamiento, pero por ahora s\u00f3lo juzgado por las cifras reales de los pendientes, como el embarazo en ni\u00f1as, la violencia contra las mujeres, el lento proceso de los cambios en las aulas y por supuesto la corrupci\u00f3n.<br><br>Viajando de aqu\u00ed para all\u00e1, de ciudad en ciudad; comiendo, durmiendo, enfilando carreteras, subida en un avi\u00f3n, si acaso usara s\u00f3lo mi percepci\u00f3n dir\u00eda que aument\u00f3 el consumo; que much\u00edsima gente tiene dinero para comer en restaurantes de todos los niveles; que a pesar de los plantones en Oaxaca, est\u00e1 repleta de ventas su alameda o parque central; que miles de personas van a los museos; que hay tierras verdes y grandes y que esas mujeres que responden la Encuesta Nacional sobre las Din\u00e1micas de las Relaciones en los Hogares (ENDIREH), parece que reconocen mucho mejor sus derechos y las violencias que viven; me parece que mucho m\u00e1s que antes, cuando no ten\u00eda el fen\u00f3meno tanta publicidad y discurso.<br><br>Hay d\u00edas en que pienso que estar\u00edamos muy cerca de juntar un mill\u00f3n de mujeres en el Z\u00f3calo para denunciar la violencia, lamentablemente lo \u00fanico real son las voces de unas cuantas, que est\u00e1n ah\u00ed, denunciando, que se re\u00fanen en las instalaciones oficiales o las que se suman a las mesas de discusi\u00f3n, que ya se sabe, por experiencia, que ah\u00ed no pasa nada de nada, ese s\u00ed que es un enga\u00f1o.<br><br>En fin, que ya estamos listas y con la rodilla en el piso para iniciar la carrera de 2018, donde cada quien se acomoda a su juego para ver qu\u00e9 logra. Y realmente muy pocas movilizaciones para acabar con la impunidad, un sistema de justicia sin protestas, porque la visi\u00f3n patriarcal hace que todas las protestas se dirijan solamente a Los Pinos. L\u00e1stima de 47 a\u00f1os de feminismo y la parafernalia digna y limpia, que no logra organizar realmente a las mujeres, tanto que ni siquiera hay redes reales. Es una suerte de maleficio sistem\u00e1tico: no hay c\u00f3mo hacerle.<\/p>\n","protected":false},"excerpt":{"rendered":"<p>Palabra de Ant\u00edgona L\u00e1stima de 47 a\u00f1os de feminismo y la parafernalia digna y limpia, que no logra organizar realmente a las mujeres Sara Lovera SemM\u00e9xico, Cd. de M\u00e9xico, 4 septiembre 2017.- Esta administraci\u00f3n est\u00e1 manchada de violencia. El saldo del sexenio de Felipe Calder\u00f3n, que sac\u00f3 al ej\u00e9rcito a las calles y caminos; la [&hellip;]<\/p>\n","protected":false},"author":3,"featured_media":3824,"comment_status":"open","ping_status":"open","sticky":false,"template":"","format":"standard","meta":{"_monsterinsights_skip_tracking":false,"footnotes":""},"categories":[687,69,1],"tags":[],"class_list":["post-4005","post","type-post","status-publish","format-standard","has-post-thumbnail","category-687","category-sara-lovera","category-uncategorized"],"_links":{"self":[{"href":"https:\/\/redsemlac.com\/semmexico\/wp-json\/wp\/v2\/posts\/4005","targetHints":{"allow":["GET"]}}],"collection":[{"href":"https:\/\/redsemlac.com\/semmexico\/wp-json\/wp\/v2\/posts"}],"about":[{"href":"https:\/\/redsemlac.com\/semmexico\/wp-json\/wp\/v2\/types\/post"}],"author":[{"embeddable":true,"href":"https:\/\/redsemlac.com\/semmexico\/wp-json\/wp\/v2\/users\/3"}],"replies":[{"embeddable":true,"href":"https:\/\/redsemlac.com\/semmexico\/wp-json\/wp\/v2\/comments?post=4005"}],"version-history":[{"count":0,"href":"https:\/\/redsemlac.com\/semmexico\/wp-json\/wp\/v2\/posts\/4005\/revisions"}],"wp:featuredmedia":[{"embeddable":true,"href":"https:\/\/redsemlac.com\/semmexico\/wp-json\/wp\/v2\/media\/3824"}],"wp:attachment":[{"href":"https:\/\/redsemlac.com\/semmexico\/wp-json\/wp\/v2\/media?parent=4005"}],"wp:term":[{"taxonomy":"category","embeddable":true,"href":"https:\/\/redsemlac.com\/semmexico\/wp-json\/wp\/v2\/categories?post=4005"},{"taxonomy":"post_tag","embeddable":true,"href":"https:\/\/redsemlac.com\/semmexico\/wp-json\/wp\/v2\/tags?post=4005"}],"curies":[{"name":"wp","href":"https:\/\/api.w.org\/{rel}","templated":true}]}}