{"id":40049,"date":"2021-09-17T10:52:00","date_gmt":"2021-09-17T16:52:00","guid":{"rendered":"https:\/\/redsemlac.com\/semmexico\/?p=40049"},"modified":"2023-07-21T17:06:59","modified_gmt":"2023-07-21T22:06:59","slug":"urge-onu-a-reorientar-la-politica-de-genero-para-rescatar-la-vida-de-las-mujeres","status":"publish","type":"post","link":"https:\/\/redsemlac.com\/semmexico\/urge-onu-a-reorientar-la-politica-de-genero-para-rescatar-la-vida-de-las-mujeres\/","title":{"rendered":"Urge ONU a reorientar la pol\u00edtica de g\u00e9nero para rescatar la vida de las mujeres"},"content":{"rendered":"\n<ul class=\"wp-block-list\"><li><strong>Hoja de ruta feminista para la transformaci\u00f3n y la recuperaci\u00f3n econ\u00f3mica, los gobiernos deben apoyar a mujeres de la sociedad civil<\/strong><\/li><li><strong>Atender a millones de mujeres, sin empleo, embarazadas sin desearlo, agotadas por los cuidados y sin alternativas de desarrollo<\/strong><\/li><\/ul>\n\n\n\n<p class=\"wp-block-paragraph\"><strong>Redacci\u00f3n<\/strong><\/p>\n\n\n\n<p class=\"wp-block-paragraph\">SemM\u00e9xico\/NoticiasONU, 17 de septiembre, 2021.- Este jueves OnuMujeres public\u00f3 un plan feminista para la transformaci\u00f3n y la recuperaci\u00f3n econ\u00f3mica que se nutre de lo aprendido durante la pandemia de COVID-19 y las crisis anteriores: \u201cDespu\u00e9s de la COVID-19: Un plan feminista para la sostenibilidad y la justicia social\u201d.<\/p>\n\n\n\n<p class=\"wp-block-paragraph\">Ahora que el mundo debe decidir si perseverar en los errores del pasado o aprovechar la oportunidad para hacer las cosas de un modo distinto, el nuevo informe principal, enmarcado en el primer plan de las Naciones Unidas de este tipo, utiliza los datos, an\u00e1lisis y aportaciones m\u00e1s recientes proporcionados por m\u00e1s de 100 especialistas internacionales para plantear una visi\u00f3n y estrategias concretas que permitan situar la igualdad de g\u00e9nero, la sostenibilidad medioambiental y la justicia social en el centro de los esfuerzos mundiales de desarrollo.<\/p>\n\n\n\n<p class=\"wp-block-paragraph\">El informe detalla el modo en que la pandemia de COVID-19 ha exacerbado las desigualdades de g\u00e9nero previas y ha puesto de manifiesto las debilidades de la ya fr\u00e1gil econom\u00eda del cuidado a escala mundial.<\/p>\n\n\n\n<p class=\"wp-block-paragraph\">En 2019 y 2020, las mujeres perdieron 54 millones de empleos en todo el mundo, una situaci\u00f3n que se suma al hecho de que, incluso antes de la pandemia, asum\u00edan el triple de trabajo de cuidados no remunerado que los hombres. La degradaci\u00f3n medioambiental afecta de forma desproporcionada a las mujeres, a quienes se deja fuera de la toma de decisiones sobre las pol\u00edticas y la financiaci\u00f3n para luchar contra el cambio clim\u00e1tico.<\/p>\n\n\n\n<p class=\"wp-block-paragraph\">&nbsp;El empleo masculino se habr\u00e1 recuperado para finales de 2021, pero todav\u00eda habr\u00e1 13 millones menos de mujeres con un trabajo.<\/p>\n\n\n\n<p class=\"wp-block-paragraph\">Esta terna de crisis interconectadas \u2013la laboral, la de los cuidados y la clim\u00e1tica\u2013, socava sistem\u00e1ticamente la igualdad de g\u00e9nero y amenaza la supervivencia de los seres humanos y del planeta, pero tambi\u00e9n representa una oportunidad para cambiar de rumbo.&nbsp;<\/p>\n\n\n\n<p class=\"wp-block-paragraph\">\u201cNunca antes hab\u00eda estado tan clara la necesidad de un nuevo contrato social que aporte sostenibilidad y justicia social para toda la poblaci\u00f3n. Tenemos una oportunidad \u00fanica de romper el ciclo vicioso de la inseguridad econ\u00f3mica, la destrucci\u00f3n medioambiental y las pol\u00edticas excluyentes y de crear un mundo mejor, m\u00e1s igualitario con las mujeres y m\u00e1s sostenible.<\/p>\n\n\n\n<p class=\"wp-block-paragraph\">El Plan establece una hoja de ruta para hacer frente a estos desaf\u00edos y recuperar el terreno perdido en materia de igualdad de g\u00e9nero y derechos de las mujeres\u201d, afirm\u00f3 Pramila Patten, Directora Ejecutiva interina.<\/p>\n\n\n\n<blockquote class=\"wp-block-quote is-layout-flow wp-block-quote-is-layout-flow\"><p>\u201c<em>Despu\u00e9s de la COVID-19: Un plan feminista para la sostenibilidad y la justicia social\u201d presenta una visi\u00f3n surgida del aprendizaje de los errores del pasado para abordar las crisis interrelacionadas del clima, los cuidados y el trabajo.<\/em>\u00a0<\/p><\/blockquote>\n\n\n\n<p class=\"wp-block-paragraph\">Para abordar estas crisis transversales, ONU Mujeres reclama mejores pol\u00edticas, acciones e inversiones, que incluyen:<\/p>\n\n\n\n<p class=\"wp-block-paragraph\"><strong>Invertir en la econom\u00eda del cuidado<\/strong> y la infraestructura social, por ejemplo, con la ampliaci\u00f3n de los servicios de cuidados de calidad para crear empleo e incrementar el apoyo a las personas cuidadoras no remuneradas, como han hecho pa\u00edses como Canad\u00e1 y Argentina. La inversi\u00f3n p\u00fablica en servicios de cuidados podr\u00eda crear un 40-60% m\u00e1s de puestos de trabajo que la misma inversi\u00f3n en el sector de la construcci\u00f3n. En pa\u00edses como Brasil y Sud\u00e1frica, se han implementado tras la pandemia transferencias en efectivo para personas que trabajan en la econom\u00eda informal, dirigidas espec\u00edficamente a las mujeres.<\/p>\n\n\n\n<p class=\"wp-block-paragraph\">Aprovechar el potencial de la transici\u00f3n a la sostenibilidad medioambiental, que podr\u00eda crear hasta <strong>24 millones de empleos<\/strong> verdes en \u00e1mbitos como la energ\u00eda renovable. Las mujeres han de tener la posibilidad de acceder a la parte que les corresponde de esas oportunidades, incluida la adquisici\u00f3n de las aptitudes y la capacitaci\u00f3n necesarias.&nbsp;<\/p>\n\n\n\n<p class=\"wp-block-paragraph\">Promover el liderazgo de las mujeres en todos los espacios institucionales: desde las esferas gubernamentales a la sociedad civil y el sector privado, especialmente en la respuesta a las crisis.<\/p>\n\n\n\n<p class=\"wp-block-paragraph\">A pesar de haber estado en la primera l\u00ednea de batalla frente a la COVID-19, ya que constituyen el 70% de las personas que trabajan en la atenci\u00f3n sanitaria en todo el mundo, en la actualidad las mujeres ocupan tan s\u00f3lo el 24% de los puestos en los grupos de trabajo sobre la COVID-19 que coordinan la respuesta normativa en todo el mundo.<\/p>\n\n\n\n<p class=\"wp-block-paragraph\">Aumentar la financiaci\u00f3n a las organizaciones de mujeres. A pesar de su funci\u00f3n esencial como organismos de protecci\u00f3n que aportan una red de seguridad social en las comunidades, lamentablemente las organizaciones de mujeres est\u00e1n infra financiadas. En 2018-2019, las organizaciones dedicadas a la defensa de los derechos de las mujeres recibieron solamente el 1% de la ayuda que los pa\u00edses miembros del Comit\u00e9 de Asistencia para el Desarrollo de la Organizaci\u00f3n para la Cooperaci\u00f3n y el Desarrollo Econ\u00f3micos (CAD-OCDE) destinaron a la igualdad de g\u00e9nero, que de por s\u00ed representa una \u00ednfima fracci\u00f3n de la cuant\u00eda total.<\/p>\n\n\n\n<p class=\"wp-block-paragraph\">Para financiar estas medidas, es urgente poner en marcha pol\u00edticas macroecon\u00f3micas transformadoras, incluidos impuestos progresivos y, especialmente para los pa\u00edses de ingreso bajo, cooperaci\u00f3n internacional y alivio de la deuda. Tambi\u00e9n ser\u00e1 fundamental lograr un cambio en las relaciones de poder para amplificar las voces de los grupos hist\u00f3ricamente excluidos y garantizar la incorporaci\u00f3n eficaz de la perspectiva de g\u00e9nero en todos los \u00e1mbitos.<\/p>\n","protected":false},"excerpt":{"rendered":"<p>Hoja de ruta feminista para la transformaci\u00f3n y la recuperaci\u00f3n econ\u00f3mica, los gobiernos deben apoyar a mujeres de la sociedad civil<\/p>\n","protected":false},"author":3,"featured_media":40051,"comment_status":"open","ping_status":"open","sticky":false,"template":"","format":"standard","meta":{"_monsterinsights_skip_tracking":false,"footnotes":""},"categories":[692,51],"tags":[],"class_list":["post-40049","post","type-post","status-publish","format-standard","has-post-thumbnail","category-692","category-ejecutivo"],"_links":{"self":[{"href":"https:\/\/redsemlac.com\/semmexico\/wp-json\/wp\/v2\/posts\/40049","targetHints":{"allow":["GET"]}}],"collection":[{"href":"https:\/\/redsemlac.com\/semmexico\/wp-json\/wp\/v2\/posts"}],"about":[{"href":"https:\/\/redsemlac.com\/semmexico\/wp-json\/wp\/v2\/types\/post"}],"author":[{"embeddable":true,"href":"https:\/\/redsemlac.com\/semmexico\/wp-json\/wp\/v2\/users\/3"}],"replies":[{"embeddable":true,"href":"https:\/\/redsemlac.com\/semmexico\/wp-json\/wp\/v2\/comments?post=40049"}],"version-history":[{"count":0,"href":"https:\/\/redsemlac.com\/semmexico\/wp-json\/wp\/v2\/posts\/40049\/revisions"}],"wp:featuredmedia":[{"embeddable":true,"href":"https:\/\/redsemlac.com\/semmexico\/wp-json\/wp\/v2\/media\/40051"}],"wp:attachment":[{"href":"https:\/\/redsemlac.com\/semmexico\/wp-json\/wp\/v2\/media?parent=40049"}],"wp:term":[{"taxonomy":"category","embeddable":true,"href":"https:\/\/redsemlac.com\/semmexico\/wp-json\/wp\/v2\/categories?post=40049"},{"taxonomy":"post_tag","embeddable":true,"href":"https:\/\/redsemlac.com\/semmexico\/wp-json\/wp\/v2\/tags?post=40049"}],"curies":[{"name":"wp","href":"https:\/\/api.w.org\/{rel}","templated":true}]}}