{"id":40047,"date":"2021-09-18T08:49:00","date_gmt":"2021-09-18T14:49:00","guid":{"rendered":"https:\/\/redsemlac.com\/semmexico\/?p=40047"},"modified":"2023-07-21T17:06:58","modified_gmt":"2023-07-21T22:06:58","slug":"desde-la-mano-izquierda-el-aborto-en-san-luis-potosi","status":"publish","type":"post","link":"https:\/\/redsemlac.com\/semmexico\/desde-la-mano-izquierda-el-aborto-en-san-luis-potosi\/","title":{"rendered":"Desde la Mano Izquierda| El aborto en San Luis Potos\u00ed"},"content":{"rendered":"\n<p class=\"wp-block-paragraph\"><strong>Claudia Espinosa Almaguer<\/strong><\/p>\n\n\n\n<p class=\"wp-block-paragraph\">SemM\u00e9xico, San Luis Potos\u00ed, SLP, 18 de septiembre, 2021.-El pasado 7 de septiembre la Suprema Corte de Justicia de la Naci\u00f3n declar\u00f3 que <strong>es inconstitucional criminalizar el aborto de manera absoluta<\/strong>, estableciendo una posici\u00f3n a favor de garantizar el derecho a decidir de las mujeres sin ser sancionadas penalmente por ello.<\/p>\n\n\n\n<p class=\"wp-block-paragraph\">Aclaremos algo antes de comenzar, esta decisi\u00f3n es sobre todo <strong>una deuda hist\u00f3rica<\/strong> que reconoce una parte de la autonom\u00eda reproductiva de 65 millones de mujeres mexicanas y se debe al <strong>Movimiento Feminista de M\u00e9xico<\/strong>. Sara Lovera lo escribi\u00f3 en el mes de julio, hablamos de una lucha que data de hace cien a\u00f1os. Algo m\u00e1s, es una buena noticia de cara a una fecha relevante, el <strong>28 de septiembre<\/strong> ser\u00e1 <strong>D\u00eda de Acci\u00f3n Global para el Acceso al Aborto Legal y Seguro<\/strong>, otra conmemoraci\u00f3n feminista que tiene su origen en el Quinto Encuentro Feminista Latinoamericano y del Caribe de 1990.<\/p>\n\n\n\n<p class=\"wp-block-paragraph\">Hablemos de aborto entonces, porque en <strong>San Luis Potos\u00ed<\/strong> se comparte una situaci\u00f3n jur\u00eddica muy similar a la que dio pie a esta resoluci\u00f3n. Vamos a ver, para poner un contexto pol\u00edtico y temporal podr\u00edamos se\u00f1alar que a partir de la reforma que permiti\u00f3 la interrupci\u00f3n legal del embarazo en la hoy Ciudad de M\u00e9xico all\u00e1 por abril de 2007, hubo una reacci\u00f3n desde los congresos estatales de por lo menos 19 entidades federativas que modificaron sus constituciones para establecer la protecci\u00f3n de la vida desde la concepci\u00f3n.<\/p>\n\n\n\n<p class=\"wp-block-paragraph\">Ese fue el caso de San Luis Potos\u00ed que hizo su <strong>adici\u00f3n en el art\u00edculo 16<\/strong> constitucional mediante la publicaci\u00f3n del Decreto 833 del 3 de septiembre de 2009 que textualmente habla de una \u201cnecesidad\u201d desde los grandes sectores de la sociedad a \u201cdesear con mayor fuerza\u201d la definici\u00f3n de conceptos en la b\u00fasqueda de un bienestar final lo que se hab\u00eda agudizado en M\u00e9xico a ra\u00edz de los debates por la despenalizaci\u00f3n de la interrupci\u00f3n voluntaria del embarazo.<\/p>\n\n\n\n<p class=\"wp-block-paragraph\">Esto fue como decir que siendo presuntamente m\u00e1s las \u201crepresentaciones sociales\u201d que no quer\u00edan correr el riesgo de la legalizaci\u00f3n entonces mejor dar un manotazo a la mesa: \u201caqu\u00ed pensamos as\u00ed\u201d y el aborto es delito en todo momento menos las excepciones que ya establec\u00eda el propio c\u00f3digo penal. Sin embargo, estas no le bastaron a <strong>Hilda<\/strong> Deyanira L\u00f3pez de la Cruz cuando al presentar un aborto espont\u00e1neo, en lugar de recibir atenci\u00f3n m\u00e9dica adecuada, <strong>fue acusada<\/strong> por el personal del hospital que la atendi\u00f3, y se le inici\u00f3 una averiguaci\u00f3n previa que caus\u00f3 su detenci\u00f3n a\u00f1os despu\u00e9s, cuyo caso gener\u00f3 una recomendaci\u00f3n desde la Comisi\u00f3n de Derechos Humanos, bastante limitada para la violaci\u00f3n cometida.<\/p>\n\n\n\n<p class=\"wp-block-paragraph\">Desde entonces el <strong>Estado mantiene vigente el art\u00edculo 16 ya mencionado y tambi\u00e9n un tipo penal de aborto <\/strong>que hoy abarca los art\u00edculos 148 a 150 del c\u00f3digo penal. All\u00ed se indica que comete el delito de aborto quien causa la muerte del producto de la concepci\u00f3n en cualquier momento del embarazo y se sanciona a la mujer que procure su aborto o consienta que otro la haga abortar con una pena de uno a tres a\u00f1os de prisi\u00f3n y una sanci\u00f3n de 8,962 a 26,886 pesos.<\/p>\n\n\n\n<p class=\"wp-block-paragraph\">En lo pol\u00edtico, han sido varias las ocasiones en que diversas actoras y colectivas han presentado al congreso local iniciativas para modificar tanto el art\u00edculo constitucional como el delito, <strong>con la legislatura entrante sumar\u00e1n ya cinco que se negar\u00e1n en redondo a producir la adecuaci\u00f3n jur\u00eddica<\/strong> en coherencia con la Constituci\u00f3n Pol\u00edtica de los Estados Unidos Mexicanos, poniendo los deseos y las creencias ajenas por encima de los derechos de las mujeres.<\/p>\n\n\n\n<p class=\"wp-block-paragraph\"><strong>El poder seguir\u00e1 siendo profundamente mis\u00f3gino.<\/strong><\/p>\n\n\n\n<p class=\"wp-block-paragraph\">Pero, adem\u00e1s, <strong>resta mucho que la discusi\u00f3n social est\u00e9 dominada por varones<\/strong>, a nivel nacional y local, ante la decisi\u00f3n de la Corte en el caso de Coahuila, la prensa corri\u00f3 a preguntarle a los representantes de la iglesia cat\u00f3lica cuyos obispos han hablado hasta de \u201cmachismo cultural\u201d, de \u201ctrampas para las mujeres desde el patriarcado\u201d <strong>entre otras usuras francamente vergonzosas del lenguaje de la teor\u00eda feminista.<\/strong> No se quiere asumir a M\u00e9xico como un Estado laico lo cual a la suma de prejuicios ha dado con el lamentable vicio en San Luis de ir a preguntarle al cura sobre los derechos de las mujeres.<\/p>\n\n\n\n<p class=\"wp-block-paragraph\">Dado lo pernicioso que es partir desde las mentiras, aclaremos algo: la expectativa jur\u00eddica no es \u201cderogar\u201d el delito de aborto, es decir, <strong>no se pretende dejar sin efecto, quitar o borrar, todos los art\u00edculos del c\u00f3digo penal,<\/strong> porque ah\u00ed tambi\u00e9n est\u00e1 la sanci\u00f3n a quien cause el aborto contra la voluntad de la madre, lo cual s\u00ed es com\u00fan en situaciones de violencia machista y feminicida.<\/p>\n\n\n\n<p class=\"wp-block-paragraph\">Pero s\u00ed que <strong>se debe despenalizar el aborto voluntario dentro de las primeras doce semanas del embarazo, tanto para producir una pol\u00edtica de salud que permita m\u00e9todos seguros como para garantizar la autonom\u00eda reproductiva<\/strong> de las mujeres en la entidad, en deuda hist\u00f3rica con aquellas que han abortado de manera clandestina o que se han visto obligadas a viajar a la Ciudad de M\u00e9xico porque su Estado en lugar de protegerlas las criminaliza con tal de no querer saber que existen. A m\u00e1s ver.<\/p>\n","protected":false},"excerpt":{"rendered":"<p>El poder seguir\u00e1 siendo profundamente mis\u00f3gino.<\/p>\n","protected":false},"author":3,"featured_media":36870,"comment_status":"open","ping_status":"open","sticky":false,"template":"","format":"standard","meta":{"_monsterinsights_skip_tracking":false,"footnotes":""},"categories":[692,131,35],"tags":[459],"class_list":["post-40047","post","type-post","status-publish","format-standard","has-post-thumbnail","category-692","category-claudia-almaguer","category-opinion","tag-opinion"],"_links":{"self":[{"href":"https:\/\/redsemlac.com\/semmexico\/wp-json\/wp\/v2\/posts\/40047","targetHints":{"allow":["GET"]}}],"collection":[{"href":"https:\/\/redsemlac.com\/semmexico\/wp-json\/wp\/v2\/posts"}],"about":[{"href":"https:\/\/redsemlac.com\/semmexico\/wp-json\/wp\/v2\/types\/post"}],"author":[{"embeddable":true,"href":"https:\/\/redsemlac.com\/semmexico\/wp-json\/wp\/v2\/users\/3"}],"replies":[{"embeddable":true,"href":"https:\/\/redsemlac.com\/semmexico\/wp-json\/wp\/v2\/comments?post=40047"}],"version-history":[{"count":0,"href":"https:\/\/redsemlac.com\/semmexico\/wp-json\/wp\/v2\/posts\/40047\/revisions"}],"wp:featuredmedia":[{"embeddable":true,"href":"https:\/\/redsemlac.com\/semmexico\/wp-json\/wp\/v2\/media\/36870"}],"wp:attachment":[{"href":"https:\/\/redsemlac.com\/semmexico\/wp-json\/wp\/v2\/media?parent=40047"}],"wp:term":[{"taxonomy":"category","embeddable":true,"href":"https:\/\/redsemlac.com\/semmexico\/wp-json\/wp\/v2\/categories?post=40047"},{"taxonomy":"post_tag","embeddable":true,"href":"https:\/\/redsemlac.com\/semmexico\/wp-json\/wp\/v2\/tags?post=40047"}],"curies":[{"name":"wp","href":"https:\/\/api.w.org\/{rel}","templated":true}]}}