{"id":40039,"date":"2021-09-16T12:03:00","date_gmt":"2021-09-16T18:03:00","guid":{"rendered":"https:\/\/redsemlac.com\/semmexico\/?p=40039"},"modified":"2023-07-21T17:06:59","modified_gmt":"2023-07-21T22:06:59","slug":"necesario-transparentar-la-ejecucion-de-los-programas-sociales-se-les-ha-dado-un-uso-clientelar","status":"publish","type":"post","link":"https:\/\/redsemlac.com\/semmexico\/necesario-transparentar-la-ejecucion-de-los-programas-sociales-se-les-ha-dado-un-uso-clientelar\/","title":{"rendered":"Necesario transparentar la ejecuci\u00f3n de los programas sociales; se les ha dado un uso clientelar"},"content":{"rendered":"\n<ul class=\"wp-block-list\"><li><strong>Instituto de Estudios sobre Desigualdad,&nbsp;67% de los hogares en pobreza extrema recib\u00edan al menos un programa social en 2016, hoy, baj\u00f3 al 43%<\/strong><\/li><\/ul>\n\n\n\n<ul class=\"wp-block-list\"><li><strong>Los programas sociales se elevaron a rango constitucional, su entrega no puede ser condicionada<\/strong><\/li><\/ul>\n\n\n\n<p class=\"wp-block-paragraph\"><strong>Redacci\u00f3n<\/strong><\/p>\n\n\n\n<p class=\"wp-block-paragraph\">SemM\u00e9xico, Cd. de M\u00e9xico, 16 de septiembre, 2021.- Ante los estragos que ha registrado la econom\u00eda en nuestro pa\u00eds, la atenci\u00f3n a trav\u00e9s de los programas sociales ha sido insuficiente y discrecional. De&nbsp;acuerdo con el&nbsp;Instituto de Estudios sobre Desigualdad, en 2016, el&nbsp;67% de los hogares en pobreza extrema recib\u00edan al menos un programa social; hoy, esa cifra ha bajado al 43%.<\/p>\n\n\n\n<p class=\"wp-block-paragraph\">Los programas sociales insignia de la actual administraci\u00f3n se han caracterizado por la falta de transparencia y un manejo clientelar, mientras que los&nbsp;Servidores de la Naci\u00f3n&nbsp;se han convertido en&nbsp;promotores del voto&nbsp;a favor de Morena, se\u00f1alaron los senadores del Grupo Parlamentario del PRD (GPPRD)&nbsp;Juan Manuel F\u00f3cil P\u00e9rez y Antonio Garc\u00eda Conejo.<\/p>\n\n\n\n<p class=\"wp-block-paragraph\">\u201cMe llam\u00f3 la atenci\u00f3n de su participaci\u00f3n es c\u00f3mo quiere resaltar que no se ha hecho clientelismo electoral con los programas sociales. Difiero totalmente. La verdad es que hay mucho clientelismo con los programas sociales, me&nbsp;decepciona&nbsp;ver que cuando estuvieron en el PRD criticaban que los partidos en el gobierno&nbsp;utilizaran los programas sociales para condicionar el voto de la gente\u201d, indic\u00f3 el senador&nbsp;Juan Manuel F\u00f3cil.<\/p>\n\n\n\n<p class=\"wp-block-paragraph\">Durante la&nbsp;comparecencia, Javier May Rodr\u00edguez, secretario de Bienestar, F\u00f3cil P\u00e9rez precis\u00f3 que de acuerdo con&nbsp;datos del Consejo Nacional de Evaluaci\u00f3n de la Pol\u00edtica de Desarrollo Social (Coneval), la&nbsp;poblaci\u00f3n en pobreza creci\u00f3 en 3.8 millones, pasando de 51.9 55.7 millones, en los \u00faltimos dos a\u00f1os.<\/p>\n\n\n\n<p class=\"wp-block-paragraph\">\u201cTambi\u00e9n quiero decirle secretario que&nbsp;hay gente que est\u00e1 en Sembrando Vida y no siembra nada; hay gente que mete a familiares y trabajadores, que tienen m\u00e1s de 2.5 hect\u00e1reas de terreno. Este programa no es para los m\u00e1s pobres esto es para los m\u00e1s ricos, porque es de 2.5 hect\u00e1reas o m\u00e1s y para que tengamos una idea general, el promedio de propiedad en M\u00e9xico, es de 1.5 hect\u00e1reas\u201d, dijo.<\/p>\n\n\n\n<p class=\"wp-block-paragraph\">Como parte de su intervenci\u00f3n, el senador&nbsp;Antonio Garc\u00eda Conejo, entreg\u00f3 al secretario de Bienestar una serie de documentos en los que se da constancia de las&nbsp;anomal\u00edas detectadas en el Estado de Michoac\u00e1n, durante las pasadas elecciones, en donde los Servidores de la Naci\u00f3n, fundieron como promotores del voto a favor de Morena.<\/p>\n\n\n\n<p class=\"wp-block-paragraph\">\u201cLe voy a entregar una carpeta, nada m\u00e1s para que usted est\u00e9 enterado, quiz\u00e1 no fue a lo mejor en su periodo o en su tiempo, pero aqu\u00ed, por lo menos&nbsp;le voy a entregar siete actas de escrutinio donde su personal, Servidores o vividores de la Naci\u00f3n,&nbsp;fueron representantes en las casillas y estuvieron operando\u201d, denunci\u00f3.<\/p>\n\n\n\n<p class=\"wp-block-paragraph\">Garc\u00eda Conejo record\u00f3 que&nbsp;elevar a rango constitucional los programas sociales, fue una reforma aprobada por todas las fuerzas pol\u00edticas en el Congreso&nbsp;de la Uni\u00f3n, por lo que no se debe de condicionar su entrega. Adem\u00e1s, precis\u00f3, los apoyos deben ir acompa\u00f1ados de pol\u00edticas p\u00fablicas que fomenten la inversi\u00f3n y el empleo.<\/p>\n","protected":false},"excerpt":{"rendered":"<p>Instituto de Estudios sobre Desigualdad,\u00a067% de los hogares en pobreza extrema recib\u00edan al menos un programa social en 2016, hoy, baj\u00f3 al 43%<\/p>\n","protected":false},"author":3,"featured_media":40040,"comment_status":"open","ping_status":"open","sticky":false,"template":"","format":"standard","meta":{"_monsterinsights_skip_tracking":false,"footnotes":""},"categories":[692,50],"tags":[],"class_list":["post-40039","post","type-post","status-publish","format-standard","has-post-thumbnail","category-692","category-congreso"],"_links":{"self":[{"href":"https:\/\/redsemlac.com\/semmexico\/wp-json\/wp\/v2\/posts\/40039","targetHints":{"allow":["GET"]}}],"collection":[{"href":"https:\/\/redsemlac.com\/semmexico\/wp-json\/wp\/v2\/posts"}],"about":[{"href":"https:\/\/redsemlac.com\/semmexico\/wp-json\/wp\/v2\/types\/post"}],"author":[{"embeddable":true,"href":"https:\/\/redsemlac.com\/semmexico\/wp-json\/wp\/v2\/users\/3"}],"replies":[{"embeddable":true,"href":"https:\/\/redsemlac.com\/semmexico\/wp-json\/wp\/v2\/comments?post=40039"}],"version-history":[{"count":0,"href":"https:\/\/redsemlac.com\/semmexico\/wp-json\/wp\/v2\/posts\/40039\/revisions"}],"wp:featuredmedia":[{"embeddable":true,"href":"https:\/\/redsemlac.com\/semmexico\/wp-json\/wp\/v2\/media\/40040"}],"wp:attachment":[{"href":"https:\/\/redsemlac.com\/semmexico\/wp-json\/wp\/v2\/media?parent=40039"}],"wp:term":[{"taxonomy":"category","embeddable":true,"href":"https:\/\/redsemlac.com\/semmexico\/wp-json\/wp\/v2\/categories?post=40039"},{"taxonomy":"post_tag","embeddable":true,"href":"https:\/\/redsemlac.com\/semmexico\/wp-json\/wp\/v2\/tags?post=40039"}],"curies":[{"name":"wp","href":"https:\/\/api.w.org\/{rel}","templated":true}]}}