{"id":40036,"date":"2021-09-16T11:00:00","date_gmt":"2021-09-16T17:00:00","guid":{"rendered":"https:\/\/redsemlac.com\/semmexico\/?p=40036"},"modified":"2023-07-21T17:06:21","modified_gmt":"2023-07-21T22:06:21","slug":"demanda-penal-contra-dirigente-sindical-de-notimex-audiencia-manana-clamor-por-justicia","status":"publish","type":"post","link":"https:\/\/redsemlac.com\/semmexico\/demanda-penal-contra-dirigente-sindical-de-notimex-audiencia-manana-clamor-por-justicia\/","title":{"rendered":"Demanda penal contra dirigente sindical de Notimex: audiencia ma\u00f1ana, clamor por justicia"},"content":{"rendered":"\n<ul class=\"wp-block-list\"><li><strong>Inopinadamente el conflicto sindical justificado por la 4T y la desaparici\u00f3n de la agencia de noticias<\/strong><\/li><li><strong>Contra los medios de comunicaci\u00f3n un gobierno incongruente y antisindical: ah\u00ed La Jornada<\/strong><\/li><\/ul>\n\n\n\n<p class=\"wp-block-paragraph\"><strong>Judith Calder\u00f3n G\u00f3mez<\/strong><\/p>\n\n\n\n<p class=\"wp-block-paragraph\">SemM\u00e9xico, Cd. de M\u00e9xico, 16 de septiembre, 2021.- Los noventa afiliados \u2013la mayor\u00eda mujeres- al Sindicato \u00danico de Trabajadores de la Agencia de Noticias del Estado Mexicano (Sutnotimex) cumplieron un a\u00f1o y medio en huelga para exigir que se les restituya el contrato colectivo de trabajo (CCT) que desconoci\u00f3 la empresa.<\/p>\n\n\n\n<p class=\"wp-block-paragraph\">La directora Sanjuana Mart\u00ednez Montemayor adem\u00e1s de que se niega a cumplirlo, durante varios meses continu\u00f3 operando esa agencia, desconociendo la huelga \u2013que inici\u00f3 el 21 de febrero de 2020. Impuls\u00f3 la creaci\u00f3n de un sindicato blanco y despidi\u00f3 a m\u00e1s de cien sindicalizados.<\/p>\n\n\n\n<p class=\"wp-block-paragraph\">Hoy ataca a la secretaria general de esa agrupaci\u00f3n, Adriana Urrea Torres, quien, a causa de una demanda penal, est\u00e1 citada para el pr\u00f3ximo 17 de septiembre, a las 12 horas, a presentarse ante un juez de control con sede en el Reclusorio Sur para que responda a la acusaci\u00f3n del delito de corrupci\u00f3n. Adem\u00e1s, el director jur\u00eddico de esa agencia, V\u00edctor Fern\u00e1ndez dej\u00f3 entrever una amenaza: si no acude, ser\u00e1 objeto de medidas precautorias. Esta informaci\u00f3n fue difundida por el peri\u00f3dico La Jornada, cuya directora Carmen Lira Saade le ha dado voz y apoyo a Sanjuana Mart\u00ednez.<\/p>\n\n\n\n<p class=\"wp-block-paragraph\">A la pregunta de si cuentan con el apoyo del presidente Andr\u00e9s Manuel L\u00f3pez Obrador (AMLO), los huelguistas responden \u201cnunca nos escucha\u201d, estuvieron varios d\u00edas en un plant\u00f3n a las puertas de palacio nacional y tuvieron que retirarse ante el riesgo de que los desalojaran. De acuerdo con el manual de operaciones de esa agencia, es el presidente de la Rep\u00fablica el que designa al director de la agencia y lo ratifica el Senado.<\/p>\n\n\n\n<p class=\"wp-block-paragraph\">En enero de 2020 ya no se renov\u00f3 el contrato a 22 corresponsales internacionales, -se les abandon\u00f3 a su suerte en los pa\u00edses donde viv\u00edan, sin pasaje de avi\u00f3n o indemnizaci\u00f3n. Uno de los casos m\u00e1s impactantes es el del corresponsal de Venezuela Rodolfo Rivera quien despu\u00e9s de 28 a\u00f1os de servicio, m\u00e1s de 72 a\u00f1os de edad y enfermo de Parkinson se qued\u00f3 sin trabajo. Posteriormente, corrieron a los corresponsales nacionales.<\/p>\n\n\n\n<h2 class=\"wp-block-heading\">La represi\u00f3n en el peri\u00f3dico La Jornada<\/h2>\n\n\n\n<p class=\"wp-block-paragraph\">En el peri\u00f3dico La Jornada, Lira Saade ha hecho lo mismo: desaparici\u00f3n del CCT, afectando a 269 sindicalizados despidos de m\u00e1s de 18 trabajadores e inicio de demandas penales contra tres ex trabajadores, entre ellos los l\u00edderes Leonardo Mondrag\u00f3n y Judith Calder\u00f3n G\u00f3mez. En este caso involucraron tambi\u00e9n a Alejandro Caballero Calder\u00f3n, de 21 a\u00f1os de edad, hijo de Judith, quien despu\u00e9s de tres a\u00f1os un juez resolvi\u00f3 que no ten\u00eda responsabilidad alguna, porque no trabajaba en ese sitio. Y todo fue tambi\u00e9n a partir de una huelga para exigir la restituci\u00f3n del CCT (realizada en 2017).<\/p>\n\n\n\n<p class=\"wp-block-paragraph\"><strong>Con edificio propio, Notimex renta pisos<\/strong><\/p>\n\n\n\n<p class=\"wp-block-paragraph\">En un recorrido por la agencia Notimex nos recibe uno de los huelguistas, Luis Antonio Garza Origel, editor durante 14 a\u00f1os. Es delgado, moreno, de aproximadamente 1.65 metros de estatura. Tiene esposa e hijo. Demanda que se restituya el CCT y que regresen a laborar. Hasta ahora han logrado una resoluci\u00f3n que ordena su reinstalaci\u00f3n, pero la directora no la ha acatado.<\/p>\n\n\n\n<p class=\"wp-block-paragraph\">Garza Origel estaba de guardia en la entrada del edificio de Notimex en el Eje de Baja California 200, a dos calles de la avenida Insurgentes, su tarea sindical es vigilar y cambiar el n\u00famero de d\u00edas transcurridos de la huelga: 558 para el 31 de agosto de 2021 y tiene cerca el tel\u00e9fono de la polic\u00eda en esa zona y del 911 por si intentan agredirlos o desalojarlos.<\/p>\n\n\n\n<p class=\"wp-block-paragraph\">La hoja con los n\u00fameros de los d\u00edas en huelga se cambia como en un calendario, pero eso no detalla los momentos de angustia, las enfermedades, las lluvias que han soportado. Los hombres hacen guardia en las noches y las mujeres en el transcurso del d\u00eda. Dejan los hogares sin ingresos, algunos de sus hijos abandonaron la escuela y todo se recrudeci\u00f3 durante 2020, primer a\u00f1o de la pandemia por Covid-19. Es el c\u00f3nyuge, la pareja, los hermanos y amistades quienes les dan sustento. Los ahorros, si los ten\u00edan, se agotaron.<\/p>\n\n\n\n<p class=\"wp-block-paragraph\">En ese campamento, con el paso de a\u00f1o y medio, colocaron adem\u00e1s de las casas de campa\u00f1a una lona que los proteja de la lluvia, una mesa y varias sillas donde nos atienden y dan informaci\u00f3n. Sobre unos huacales apilados venden dulces, aguas, cigarros, frutas, cubrebocas. Algunas compa\u00f1eras colocaron all\u00ed sus cat\u00e1logos de productos del hogar o de belleza, por si alguien quiere comprar.<\/p>\n\n\n\n<p class=\"wp-block-paragraph\">A un costado, en la calle de Tlacotalpan y el eje mencionado, est\u00e1 la entrada al estacionamiento, donde hacen guardia Laura Navarro y Juan Carlos Mej\u00eda, quienes laboraron 38 y 25 a\u00f1os, respectivamente. Como a todos los huelguistas, \u201cles dieron una patada y los pusieron en la calle\u201d. Despedidos sin indemnizaci\u00f3n y ahora, a pesar de que ganaron un juicio, no se concreta su reinstalaci\u00f3n, porque necesitar\u00edan dar por terminada la huelga y eso significa dejar de luchar por el CCT, explica Garza Origel.<\/p>\n\n\n\n<p class=\"wp-block-paragraph\">Hay otro campamento en la calle de Morena, colonia del Valle; all\u00ed se ubica el edificio propiedad de Notimex, tiene varios pisos, mobiliario, equipo de c\u00f3mputo y autos estacionados. Entre 2016 y 2017 las autoridades de la agencia decidieron salir de ese lugar y se fueron a rentar varios pisos al de Baja California.<\/p>\n\n\n\n<p class=\"wp-block-paragraph\">Hay otra casa de campa\u00f1a en la calle de \u00c1frica, colonia del Carmen Coyoac\u00e1n. All\u00ed Sanjuana Mart\u00ednez habilit\u00f3 una oficina alterna cuando inici\u00f3 la huelga; esa tarde de invierno fue el 21 de febrero de 2020, a las 18 horas, detall\u00f3 Garza Origel.<\/p>\n","protected":false},"excerpt":{"rendered":"<p>Inopinadamente el conflicto sindical justificado por la 4T y la desaparici\u00f3n de la agencia de noticias<\/p>\n","protected":false},"author":3,"featured_media":40037,"comment_status":"open","ping_status":"open","sticky":false,"template":"","format":"standard","meta":{"_monsterinsights_skip_tracking":false,"footnotes":""},"categories":[692,55],"tags":[],"class_list":["post-40036","post","type-post","status-publish","format-standard","has-post-thumbnail","category-692","category-periodistas"],"_links":{"self":[{"href":"https:\/\/redsemlac.com\/semmexico\/wp-json\/wp\/v2\/posts\/40036","targetHints":{"allow":["GET"]}}],"collection":[{"href":"https:\/\/redsemlac.com\/semmexico\/wp-json\/wp\/v2\/posts"}],"about":[{"href":"https:\/\/redsemlac.com\/semmexico\/wp-json\/wp\/v2\/types\/post"}],"author":[{"embeddable":true,"href":"https:\/\/redsemlac.com\/semmexico\/wp-json\/wp\/v2\/users\/3"}],"replies":[{"embeddable":true,"href":"https:\/\/redsemlac.com\/semmexico\/wp-json\/wp\/v2\/comments?post=40036"}],"version-history":[{"count":0,"href":"https:\/\/redsemlac.com\/semmexico\/wp-json\/wp\/v2\/posts\/40036\/revisions"}],"wp:featuredmedia":[{"embeddable":true,"href":"https:\/\/redsemlac.com\/semmexico\/wp-json\/wp\/v2\/media\/40037"}],"wp:attachment":[{"href":"https:\/\/redsemlac.com\/semmexico\/wp-json\/wp\/v2\/media?parent=40036"}],"wp:term":[{"taxonomy":"category","embeddable":true,"href":"https:\/\/redsemlac.com\/semmexico\/wp-json\/wp\/v2\/categories?post=40036"},{"taxonomy":"post_tag","embeddable":true,"href":"https:\/\/redsemlac.com\/semmexico\/wp-json\/wp\/v2\/tags?post=40036"}],"curies":[{"name":"wp","href":"https:\/\/api.w.org\/{rel}","templated":true}]}}