{"id":40027,"date":"2021-09-16T08:00:00","date_gmt":"2021-09-16T14:00:00","guid":{"rendered":"https:\/\/redsemlac.com\/semmexico\/?p=40027"},"modified":"2023-07-21T17:06:21","modified_gmt":"2023-07-21T22:06:21","slug":"un-homenaje-a-clara-campoamor-en-el-90-aniversario-del-voto-femenino","status":"publish","type":"post","link":"https:\/\/redsemlac.com\/semmexico\/un-homenaje-a-clara-campoamor-en-el-90-aniversario-del-voto-femenino\/","title":{"rendered":"Un homenaje a Clara Campoamor en el 90 aniversario del voto femenino"},"content":{"rendered":"\n<ul class=\"wp-block-list\"><li><strong>Estreno de la obra \u2019El pecado mortal de Madame Campoamor\u2019, dirigida por Mario Hern\u00e1ndez, que rescata la historia de la conquista del sufragio femenino en Espa\u00f1a<\/strong><\/li><\/ul>\n\n\n\n<p class=\"wp-block-paragraph\">&nbsp;Redacci\u00f3n<\/p>\n\n\n\n<p class=\"wp-block-paragraph\">SemM\u00e9xico\/ AmecoPress, Madrid, 16 de \u00a0septiembre, 20 21.- Mario Hern\u00e1ndez reconstruye en \u2018El pecado mortal de Madame Campoamor\u2019, que estar\u00e1 del 15 al 18 de septiembre en el Teatro del Barrio, la lucha pol\u00edtica de Clara Campoamor bebiendo de fuentes directas: por un lado, los enfrentamientos parlamentarios que tuvo el Partido Radical con Victoria Kent en torno al voto de las mujeres; por otro, los libros que escribi\u00f3 la propia pol\u00edtica feminista, fundamentalmente \u2018El voto femenino y yo, mi pecado mortal\u2019.<\/p>\n\n\n\n<p class=\"wp-block-paragraph\">En el montaje, ganador del premio Teatro Joven Calamonte 2019, Victoria Kent, o m\u00e1s bien su esp\u00edritu, se aparece a Campoamor cuando \u00e9sta vive los \u00faltimos d\u00edas de su vida. Una narraci\u00f3n que evoca a Dickens y su \u2018Cuento de Navidad\u2019, adem\u00e1s de rendir un tributo al teatro radiof\u00f3nico en su lenguaje esc\u00e9nico. Figuran en el elenco Elena Rey, Jos\u00e9 Fern\u00e1ndez, Irene Coloma y el propio Mario Hern\u00e1ndez. Los recursos lum\u00ednicos y sonoros representan la ferocidad de los enfrentamientos parlamentarios, la enorme presi\u00f3n medi\u00e1tica y las cicatrices, que marcaron a Campoamor, al luchar por los derechos de la mujer.<\/p>\n\n\n\n<h3 class=\"wp-block-heading\">Noventa a\u00f1os del voto femenino<\/h3>\n\n\n\n<p class=\"wp-block-paragraph\">El 1 de octubre de 1931 se aprob\u00f3 el sufragio femenino en Espa\u00f1a. Las mujeres obten\u00edan el derecho al voto tras a\u00f1os de discriminaci\u00f3n que hab\u00eda sido com\u00fan en los sistemas pol\u00edticos de todos los pa\u00edses del mundo. En Espa\u00f1a se lograba gracias a las revueltas de las sufragistas en la calle, pero tambi\u00e9n la lucha pol\u00edtica que ejerci\u00f3 en la esfera institucional una figura muy dif\u00edcil de encasillar y muy adelantada a su tiempo: Clara Campoamor. Junto con Victoria Kent y Margarita Nelken, una de las tres diputadas de las Cortes Constituyentes que se crearon tras la dimisi\u00f3n de Alfonso XIII.<\/p>\n\n\n\n<p class=\"wp-block-paragraph\">S\u00f3lo Campoamor defendi\u00f3 que las mujeres ten\u00edan el mismo derecho a votar que los hombres, y lo hizo tambi\u00e9n en contra de su propio partido, el Partido Radical, en el que se integr\u00f3 cuando el Partido Socialista no la dej\u00f3 participar en la Comisi\u00f3n Constituyente. Su posici\u00f3n era m\u00e1s pura, filos\u00f3fica y abstracta que la de Nelken, que se mostr\u00f3 contraria al sufragio femenino, y Kent, que defendi\u00f3, pragm\u00e1ticamente, que, de aprobarse el voto femenino, s\u00f3lo deb\u00edan votar las universitarias. Al defender sus argumentos se bas\u00f3 en una encuesta que hab\u00eda realizado Acci\u00f3n Popular, el partido cat\u00f3lico de Gil Robles, donde afirm\u00f3 que las mujeres se regir\u00edan por \u201cconsignas del confesionario\u201d, es decir, estar\u00edan controladas en las urnas por los maridos y los curas, y sus votos ir\u00edan al partido de Gil Robles. Por este motivo, apoy\u00f3 el voto femenino.<\/p>\n\n\n\n<p class=\"wp-block-paragraph\">La decisi\u00f3n final fue re\u00f1ida: 161 votos a favor frente a 131 en contra. As\u00ed, en el a\u00f1o 1931, Espa\u00f1a se convert\u00eda en el sexto pa\u00eds en lograr el voto femenino -el primero fue Nueva Zelanda, luego llegaron los n\u00f3rdicos y Rusia, donde el voto femenino estaba en uno de los estatutos de la revoluci\u00f3n bolchevique-. Sin embargo, durar\u00eda poco por el estallido de la Guerra Civil. En 1966, se habilita un seudo derecho que solo aplica a padres y mujeres casadas y en 1977 se vuelve al voto libre. Entre tanto, Campoamor se hab\u00eda marchado al exilio a principios de la contienda, y nunca volvi\u00f3.<\/p>\n","protected":false},"excerpt":{"rendered":"<p>Estreno de la obra \u2019El pecado mortal de Madame Campoamor\u2019, dirigida por Mario Hern\u00e1ndez, que rescata la historia de la conquista del sufragio femenino en Espa\u00f1a<\/p>\n","protected":false},"author":3,"featured_media":40029,"comment_status":"open","ping_status":"open","sticky":false,"template":"","format":"standard","meta":{"_monsterinsights_skip_tracking":false,"footnotes":""},"categories":[692,54],"tags":[],"class_list":["post-40027","post","type-post","status-publish","format-standard","has-post-thumbnail","category-692","category-mujeres"],"_links":{"self":[{"href":"https:\/\/redsemlac.com\/semmexico\/wp-json\/wp\/v2\/posts\/40027","targetHints":{"allow":["GET"]}}],"collection":[{"href":"https:\/\/redsemlac.com\/semmexico\/wp-json\/wp\/v2\/posts"}],"about":[{"href":"https:\/\/redsemlac.com\/semmexico\/wp-json\/wp\/v2\/types\/post"}],"author":[{"embeddable":true,"href":"https:\/\/redsemlac.com\/semmexico\/wp-json\/wp\/v2\/users\/3"}],"replies":[{"embeddable":true,"href":"https:\/\/redsemlac.com\/semmexico\/wp-json\/wp\/v2\/comments?post=40027"}],"version-history":[{"count":0,"href":"https:\/\/redsemlac.com\/semmexico\/wp-json\/wp\/v2\/posts\/40027\/revisions"}],"wp:featuredmedia":[{"embeddable":true,"href":"https:\/\/redsemlac.com\/semmexico\/wp-json\/wp\/v2\/media\/40029"}],"wp:attachment":[{"href":"https:\/\/redsemlac.com\/semmexico\/wp-json\/wp\/v2\/media?parent=40027"}],"wp:term":[{"taxonomy":"category","embeddable":true,"href":"https:\/\/redsemlac.com\/semmexico\/wp-json\/wp\/v2\/categories?post=40027"},{"taxonomy":"post_tag","embeddable":true,"href":"https:\/\/redsemlac.com\/semmexico\/wp-json\/wp\/v2\/tags?post=40027"}],"curies":[{"name":"wp","href":"https:\/\/api.w.org\/{rel}","templated":true}]}}