{"id":4000,"date":"2017-09-18T16:37:46","date_gmt":"2017-09-18T16:37:46","guid":{"rendered":"https:\/\/redsemlac.com\/semmexico\/?p=4000"},"modified":"2023-07-21T14:25:14","modified_gmt":"2023-07-21T19:25:14","slug":"madres-sujeto-politico","status":"publish","type":"post","link":"https:\/\/redsemlac.com\/semmexico\/madres-sujeto-politico\/","title":{"rendered":"Madres: sujeto pol\u00edtico"},"content":{"rendered":"\n<p class=\"wp-block-paragraph\">Palabra de Ant\u00edgona<\/p>\n\n\n\n<h5 class=\"wp-block-heading\"> Las j\u00f3venes, desesperadas<\/h5>\n\n\n\n<p class=\"wp-block-paragraph\"><a href=\"https:\/\/semmexico.com\/gallery-post.php?id=2972#\">Sara Lovera<\/a><\/p>\n\n\n\n<p class=\"wp-block-paragraph\">SemM\u00e9xico, 18 septiembre 2017.- El asesinato de Mara Fernanda Castilla moviliz\u00f3 a mujeres y hombres, miles de miles y la mayor\u00eda j\u00f3venes, en 13 entidades del pa\u00eds hasta el cierre de SemM\u00e9xico la madrugada del 18 de septiembre. La indignaci\u00f3n est\u00e1 creciendo.<br><br>En las ciudades de Xalapa, Puebla, Torre\u00f3n, Chihuahua, Ciudad Ju\u00e1rez, San Crist\u00f3bal de las Casas, M\u00e9rida, Guadalajara, Morelia, Chilpancingo, Veracruz puerto, Oaxaca y la Ciudad de M\u00e9xico, marcharon pac\u00edficamente; un grupo de separatistas, j\u00f3venes desesperadas ante la falta de justicia ubican la raz\u00f3n de su protesta en hombres concretos.<br><br>Son estas j\u00f3venes las que est\u00e1n dando un nuevo rostro a la protesta. En los hombres aparece el miedo. Su permiso para matar, sin consecuencias, se acaba, est\u00e1 en el borde. Nadie tiene porque conocer a quienes se han solidarizado, si el viejo feminismo fustiga a los medios sistem\u00e1ticamente.<br><br>En la calle un grito casi \u00fanico: alerta de g\u00e9nero por la violencia contra las mujeres, en todo el pa\u00eds. Es decir, poner fin a la impunidad. Aunque la Alerta es un dispositivo de emergencia, la emergencia parece haber llegado a todos lados.<br><br>Esta es la voz que se extendi\u00f3 en todos los rincones, vi la reproducci\u00f3n de las marchas, no s\u00f3lo en las redes sociales, 25 veces en la televisi\u00f3n; es primera plana en varios diarios esta madrugada, virtuales e impresos. As\u00ed el dolor se hunde como un aguij\u00f3n en el cerebro: \u00a1NI UNA M\u00c1S!<br><br>La desaparici\u00f3n y los asesinatos de j\u00f3venes mujeres; la impunidad y el Estado rebasado por esta realidad, hace totalmente inoperante la pol\u00edtica p\u00fablica; supera esa actitud tibia y con miedo, de dirigentes y dirigentas, que no saben qu\u00e9 hacer: han sido incapaces de educar y obligar a su funcionariado a dejar de juzgar a las asesinadas, violadas, secuestradas, hostigadas, para dar paso a la atenci\u00f3n y a la prevenci\u00f3n sin prejuicios.<br><br>Procuran \u201ccapacitaciones\u201d desde la tecnocracia; tallercitos de tres horas en una tarde, sin procurar el cambio de conducta; convenios que los gobernadores ni leen, ni nadie se los hace leer; medios de comunicaci\u00f3n oficiales sin \u00f3rdenes de trabajo en acuerdo con la Constituci\u00f3n.&nbsp;<br><br>Medios que ahora se desgarran las vestiduras por la agresi\u00f3n o rechazo a Jenaro Villamil, que fue expulsado de un contingente \u00bfdeber\u00edan conocerlo? Pues no. Nadie conoce a quienes hablan y act\u00faan en c\u00edrculos conc\u00e9ntricos.<br><br>Las marchas son apenas el dintel de la indignaci\u00f3n. Ahora aparecen nuevas actoras pol\u00edticas, surgidas de la incapacidad oficial para detener las violencias, son las madres, la de Lesvy, la de Mara, otras muchas que empiezan a tomar el tim\u00f3n para decir \u00a1Basta!<br><br>Ojo, las madres que en algunos pa\u00edses, como M\u00e9xico, no se cansaron durante 40 a\u00f1os buscando a los desaparecidos de la guerra sucia, con Rosario Ibarra a la cabeza; las madres que buscan a las desaparecidas en las fosas de Veracruz; las organizadas en Coahuila; las que hoy no se cansan en tr\u00e1mites y exigencias en las procuradur\u00edas; las madres de Ju\u00e1rez, otra vez, las madres sangradas, desesperadas, y pronto surgir\u00e1n las abuelas y las hermanas, no es suficiente el discurso pol\u00edtico, ni los observatorios que llevan cuentas higi\u00e9nicas.<br><br>Ya no valen los golpes de pecho televisivos, asociados, redes sociales que rebasan el contenido de las marchas por la discusi\u00f3n si los hombres quer\u00edan un lugar en el contingente; ni los que acaban de descubrir que hay violencia machista. Ni los que hablan de la Alerta de G\u00e9nero sin conocer la ley que obliga a un sistema integral; ni los abogados que ni idea tienen de las convenciones que est\u00e1n ahora en la Constituci\u00f3n y que piensan, cuando son llamados a juzgar a un violador, piensan, piensan, piensan, \u00bfqu\u00e9 har\u00eda esta chica para merecerlo?<br><br>Esta es la cuesti\u00f3n. La violencia contra las mujeres, protagonista de los informes period\u00edsticos de hoy, no es sentida como un asunto de Estado, que es necesario parar. Que llega para ser ariete de pol\u00edtica o discurso pasajero. No es posible que todav\u00eda ni la empresa de taxis, ni la polic\u00eda ni los gobiernos respondan o sean responsables. Y es una desgracia que en el mar de la indiferencia social no se obligue a cumplir lo que se ofrece, ni se hagan revisiones sistem\u00e1ticas de los sistemas integrales que tienen que operar.<br><br>La alerta de g\u00e9nero, s\u00f3lo en 11 entidades para algunos de sus municipios, el 3.3 por ciento en todo M\u00e9xico, es al menos, una peque\u00f1a l\u00ednea de una enciclopedia. Tenemos que exigir que se cumpla la ley, integralmente, que operen las procuradur\u00edas y las fiscal\u00edas; que integralmente los gobiernos hagan prevenci\u00f3n; que haya multas y penalidades a las voces indignas de las radios y las televisiones; que el sistema oficial de las televisiones y radios p\u00fablicas hablan con lenguaje inclusivo y hagan series educativas para cambiar la cabeza a los machos; que los curas cierren la boca y dejen de joder; que las funcionarias de los institutos y secretar\u00edas de la mujer salgan a las calles con los violent\u00f3metros del IPN y las pel\u00edculas que financian, a todos los rincones; que las presidencias municipales cumplan y que sientan los machos\/violadores\/asesinos que en M\u00e9xico se acab\u00f3 el permiso para matar.<br><br>Me quedo as\u00ed. Pensando que no ser\u00e1 sencillo, pero como gritaban las ni\u00f1as y j\u00f3venes de M\u00e9xico ayer. Ni una m\u00e1s.<br><br><\/p>\n","protected":false},"excerpt":{"rendered":"<p>Palabra de Ant\u00edgona Las j\u00f3venes, desesperadas Sara Lovera SemM\u00e9xico, 18 septiembre 2017.- El asesinato de Mara Fernanda Castilla moviliz\u00f3 a mujeres y hombres, miles de miles y la mayor\u00eda j\u00f3venes, en 13 entidades del pa\u00eds hasta el cierre de SemM\u00e9xico la madrugada del 18 de septiembre. La indignaci\u00f3n est\u00e1 creciendo. En las ciudades de Xalapa, [&hellip;]<\/p>\n","protected":false},"author":3,"featured_media":3824,"comment_status":"open","ping_status":"open","sticky":false,"template":"","format":"standard","meta":{"_monsterinsights_skip_tracking":false,"footnotes":""},"categories":[687,69,1],"tags":[],"class_list":["post-4000","post","type-post","status-publish","format-standard","has-post-thumbnail","category-687","category-sara-lovera","category-uncategorized"],"_links":{"self":[{"href":"https:\/\/redsemlac.com\/semmexico\/wp-json\/wp\/v2\/posts\/4000","targetHints":{"allow":["GET"]}}],"collection":[{"href":"https:\/\/redsemlac.com\/semmexico\/wp-json\/wp\/v2\/posts"}],"about":[{"href":"https:\/\/redsemlac.com\/semmexico\/wp-json\/wp\/v2\/types\/post"}],"author":[{"embeddable":true,"href":"https:\/\/redsemlac.com\/semmexico\/wp-json\/wp\/v2\/users\/3"}],"replies":[{"embeddable":true,"href":"https:\/\/redsemlac.com\/semmexico\/wp-json\/wp\/v2\/comments?post=4000"}],"version-history":[{"count":0,"href":"https:\/\/redsemlac.com\/semmexico\/wp-json\/wp\/v2\/posts\/4000\/revisions"}],"wp:featuredmedia":[{"embeddable":true,"href":"https:\/\/redsemlac.com\/semmexico\/wp-json\/wp\/v2\/media\/3824"}],"wp:attachment":[{"href":"https:\/\/redsemlac.com\/semmexico\/wp-json\/wp\/v2\/media?parent=4000"}],"wp:term":[{"taxonomy":"category","embeddable":true,"href":"https:\/\/redsemlac.com\/semmexico\/wp-json\/wp\/v2\/categories?post=4000"},{"taxonomy":"post_tag","embeddable":true,"href":"https:\/\/redsemlac.com\/semmexico\/wp-json\/wp\/v2\/tags?post=4000"}],"curies":[{"name":"wp","href":"https:\/\/api.w.org\/{rel}","templated":true}]}}