{"id":39959,"date":"2021-09-13T14:05:08","date_gmt":"2021-09-13T20:05:08","guid":{"rendered":"https:\/\/redsemlac.com\/semmexico\/?p=39959"},"modified":"2023-07-21T17:06:24","modified_gmt":"2023-07-21T22:06:24","slug":"cinco-mujeres-asesinadas-en-oaxaca-en-una-semana","status":"publish","type":"post","link":"https:\/\/redsemlac.com\/semmexico\/cinco-mujeres-asesinadas-en-oaxaca-en-una-semana\/","title":{"rendered":"Cinco mujeres asesinadas en Oaxaca en una semana"},"content":{"rendered":"\n<ul class=\"wp-block-list\"><li><strong>La Fiscal\u00eda General del Estado aplica protocolo, no hay resultados ni detenidos<\/strong><\/li><\/ul>\n\n\n\n<p class=\"wp-block-paragraph\"><strong>Patricia Brise\u00f1o<\/strong><\/p>\n\n\n\n<p class=\"wp-block-paragraph\">SemM\u00e9xico, Oaxaca, Oax., 13 de septiembre, 2021.- Dos mujeres fueron asesinadas este domingo en distintas localidades de Oaxaca, en ambos casos, la Fiscal\u00eda General del Estado (FGE) aplicar\u00e1 el protocolo de actuaci\u00f3n en los casos de feminicidio.&nbsp;<\/p>\n\n\n\n<p class=\"wp-block-paragraph\">De acuerdo con la autoridad ministerial estos dos feminicidios se agregan a otros tres reportados durante la semana, lo que resulta en cinco mujeres muertas con violencia.<\/p>\n\n\n\n<p class=\"wp-block-paragraph\">La ma\u00f1ana de hoy domingo una joven \u2013identificada como Karla Margarita Guadalupe de 23 a\u00f1os de edad&#8211; fue ejecutada afuera de una tienda de conveniencia en San Juan Bautista Tuxtepec, en la regi\u00f3n de la Cuenca del Papaloapan.<\/p>\n\n\n\n<p class=\"wp-block-paragraph\">Seg\u00fan las primeras diligencias, la v\u00edctima recibi\u00f3 una decena de disparos de proyectil por un par de sujetos que la interceptaron a la salida del establecimiento. Se logr\u00f3 conocer que la chica era madre soltera y fue ex empleada de un bar.&nbsp;<\/p>\n\n\n\n<p class=\"wp-block-paragraph\">Tambi\u00e9n este domingo se localiz\u00f3 el cuerpo sin vida de una mujer, de unos 25 a\u00f1os, un probable feminicidio en un domicilio particular, en inmediaciones del centro tur\u00edstico de Santa Mar\u00eda El Tule, en la periferia de la capital.<\/p>\n\n\n\n<p class=\"wp-block-paragraph\">En este mismo contexto, el Instituto de Servicios Periciales de la Fiscal\u00eda inform\u00f3 que tras los an\u00e1lisis practicados en el cuerpo de una mujer encontrado en el r\u00edo Santa Catarina, del municipio de San Juan Cacahuatepec, se identific\u00f3 a Maribel R. H., de 18 a\u00f1os de edad, reportada como desaparecida desde el cinco de septiembre pasado, en la regi\u00f3n de la Costa.<\/p>\n\n\n\n<p class=\"wp-block-paragraph\">Seg\u00fan el testimonio de la familia, Maribel se report\u00f3 al t\u00e9rmino de su jornada de trabajo, ubicado en Santa Mar\u00eda Zacatepec, para avisar que iba rumbo a casa, pero no lleg\u00f3, por lo que iniciaron la b\u00fasqueda de la chica.<\/p>\n\n\n\n<p class=\"wp-block-paragraph\">El s\u00e1bado fue localizada muerta Yesenia Guadalupe A. E., reportada como desaparecida el 30 de agosto pasado en el municipio de Juchit\u00e1n de Zaragoza, regi\u00f3n del Istmo de Tehuantepec.<\/p>\n\n\n\n<p class=\"wp-block-paragraph\">La familia, originaria de Comit\u00e1n, Chiapas, inform\u00f3 que la v\u00edctima fue secuestrada y sus plagiarios ped\u00edan un mill\u00f3n de pesos para su liberaci\u00f3n, pero al no poder reunir el dinero, la asesinaron.<\/p>\n\n\n\n<p class=\"wp-block-paragraph\">En el curso de la semana, las corporaciones policiacas y ministeriales iniciaron la carpeta de investigaci\u00f3n por probable feminicidio de una joven de unos 25 a\u00f1os, asesinada a balazos en el paraje Los Ocotes, en el municipio de Ejutla de Crespo, en la regi\u00f3n de Valles Centrales.<\/p>\n","protected":false},"excerpt":{"rendered":"<p>La Fiscal\u00eda General del Estado aplica protocolo, no hay resultados ni detenidos<\/p>\n","protected":false},"author":3,"featured_media":39960,"comment_status":"open","ping_status":"open","sticky":false,"template":"","format":"standard","meta":{"_monsterinsights_skip_tracking":false,"footnotes":""},"categories":[692,47,48],"tags":[149,146,142],"class_list":["post-39959","post","type-post","status-publish","format-standard","has-post-thumbnail","category-692","category-no-mas-impunidad","category-no-mas-impunidad-no-mas-impunidad","tag-mujeres","tag-oaxaca","tag-violencia"],"_links":{"self":[{"href":"https:\/\/redsemlac.com\/semmexico\/wp-json\/wp\/v2\/posts\/39959","targetHints":{"allow":["GET"]}}],"collection":[{"href":"https:\/\/redsemlac.com\/semmexico\/wp-json\/wp\/v2\/posts"}],"about":[{"href":"https:\/\/redsemlac.com\/semmexico\/wp-json\/wp\/v2\/types\/post"}],"author":[{"embeddable":true,"href":"https:\/\/redsemlac.com\/semmexico\/wp-json\/wp\/v2\/users\/3"}],"replies":[{"embeddable":true,"href":"https:\/\/redsemlac.com\/semmexico\/wp-json\/wp\/v2\/comments?post=39959"}],"version-history":[{"count":0,"href":"https:\/\/redsemlac.com\/semmexico\/wp-json\/wp\/v2\/posts\/39959\/revisions"}],"wp:featuredmedia":[{"embeddable":true,"href":"https:\/\/redsemlac.com\/semmexico\/wp-json\/wp\/v2\/media\/39960"}],"wp:attachment":[{"href":"https:\/\/redsemlac.com\/semmexico\/wp-json\/wp\/v2\/media?parent=39959"}],"wp:term":[{"taxonomy":"category","embeddable":true,"href":"https:\/\/redsemlac.com\/semmexico\/wp-json\/wp\/v2\/categories?post=39959"},{"taxonomy":"post_tag","embeddable":true,"href":"https:\/\/redsemlac.com\/semmexico\/wp-json\/wp\/v2\/tags?post=39959"}],"curies":[{"name":"wp","href":"https:\/\/api.w.org\/{rel}","templated":true}]}}