{"id":39942,"date":"2021-09-13T09:50:07","date_gmt":"2021-09-13T15:50:07","guid":{"rendered":"https:\/\/redsemlac.com\/semmexico\/?p=39942"},"modified":"2023-07-21T17:06:25","modified_gmt":"2023-07-21T22:06:25","slug":"condena-senadora-nancy-sanchez-arredondo-abusos-y-vejaciones-contra-migrantes","status":"publish","type":"post","link":"https:\/\/redsemlac.com\/semmexico\/condena-senadora-nancy-sanchez-arredondo-abusos-y-vejaciones-contra-migrantes\/","title":{"rendered":"Condena senadora Nancy S\u00e1nchez Arredondo abusos y vejaciones contra migrantes"},"content":{"rendered":"\n<ul class=\"wp-block-list\"><li><strong>Por ning\u00fan motivo se debe tolerar cualquier tipo de agresi\u00f3n a estos hombres, mujeres y ni\u00f1os, afirma&nbsp;<\/strong><\/li><\/ul>\n\n\n\n<p class=\"wp-block-paragraph\"><strong>Redacci\u00f3n<\/strong><\/p>\n\n\n\n<p class=\"wp-block-paragraph\">SemM\u00e9xico\/Ceprovysa. 13 de septiembre 2021.- La senadora Nancy S\u00e1nchez Arredondo, de Morena, exhort\u00f3 a las autoridades mexicanas a respetar los acuerdos que se tienen signados en materia de derechos humanos y evitar abusos y vejaciones en contra de los migrantes centroamericanos que intentan cruzar por el pa\u00eds para llegar a Estados Unidos.&nbsp;<\/p>\n\n\n\n<p class=\"wp-block-paragraph\">&nbsp;\u201cDebemos dejar muy claro y de manera firme, que por ning\u00fan motivo se debe tolerar cualquier tipo de agresi\u00f3n a estos hombres, mujeres y ni\u00f1os, quienes no salen a pasear, ni dejan su pa\u00eds de origen por gusto, sino que lo hacen para salvar su propia existencia y las de sus familias de situaciones de pobreza y violencia extrema\u201d, se\u00f1al\u00f3.<\/p>\n\n\n\n<p class=\"wp-block-paragraph\">Durante su participaci\u00f3n en la sesi\u00f3n de la Comisi\u00f3n de Asuntos Fronterizos y Migratorios, la legisladora bajacaliforniana expres\u00f3 que se tiene que reconocer que se cometieron graves errores a trav\u00e9s del uso excesivo de la fuerza p\u00fablica en Chiapas.<\/p>\n\n\n\n<p class=\"wp-block-paragraph\">Por ello, exhort\u00f3 a sus compa\u00f1eras y compa\u00f1eros legisladores a hacer un en\u00e9rgico llamado de atenci\u00f3n, para evitar nuevas confrontaciones ante la llegada de m\u00e1s migrantes, producto de la dif\u00edcil situaci\u00f3n pol\u00edtica, econ\u00f3mica y social de sus respetivos lugares de origen.<\/p>\n\n\n\n<p class=\"wp-block-paragraph\">No olvidemos, advirti\u00f3, que en las caravanas vienen menores acompa\u00f1ados y no acompa\u00f1ados, por lo que hay que exhortar a nuestras autoridades migratorias para cumplir con los compromisos sobre asistencia, protecci\u00f3n, cuidado y atenciones de ni\u00f1as, ni\u00f1os y adolescentes a los que M\u00e9xico se ha comprometido.&nbsp;&nbsp;<\/p>\n\n\n\n<p class=\"wp-block-paragraph\">&nbsp;\u201cDebemos tomar seriamente el llamado de la Oficina en M\u00e9xico del Alto Comisionado de las Naciones Unidas para los Refugiados (ACNUR), de la Organizaci\u00f3n Internacional para las Migraciones (OIM) y de la Oficina en M\u00e9xico del Alto Comisionado de las Naciones Unidas para los Derechos Humanos (ONU-DH)\u201d, expres\u00f3.<\/p>\n\n\n\n<p class=\"wp-block-paragraph\">Refiri\u00f3 que de acuerdo con datos del Fondo de las Naciones Unidas para la Infancia (UNICEF), en muchos de los albergues a lo largo de nuestro pa\u00eds, los ni\u00f1os, ni\u00f1as y adolescentes representan al menos, 30 por ciento de la poblaci\u00f3n migrante \u201cy lo m\u00e1s lamentable es que la mitad de estos menores, viajan completamente solos\u201d.<\/p>\n\n\n\n<p class=\"wp-block-paragraph\">No se debe extender en territorio mexicano, la pesadilla que muchos de \u201cesos hermanos extranjeros viven y que no emigran por gusto, sino que huyen de la violencia y pobreza en su pa\u00eds, concluy\u00f3 la senadora.<\/p>\n","protected":false},"excerpt":{"rendered":"<p>Por ning\u00fan motivo se debe tolerar cualquier tipo de agresi\u00f3n a estos hombres, mujeres y ni\u00f1os, afirma\u00a0<\/p>\n","protected":false},"author":3,"featured_media":39943,"comment_status":"open","ping_status":"open","sticky":false,"template":"","format":"standard","meta":{"_monsterinsights_skip_tracking":false,"footnotes":""},"categories":[692,50],"tags":[],"class_list":["post-39942","post","type-post","status-publish","format-standard","has-post-thumbnail","category-692","category-congreso"],"_links":{"self":[{"href":"https:\/\/redsemlac.com\/semmexico\/wp-json\/wp\/v2\/posts\/39942","targetHints":{"allow":["GET"]}}],"collection":[{"href":"https:\/\/redsemlac.com\/semmexico\/wp-json\/wp\/v2\/posts"}],"about":[{"href":"https:\/\/redsemlac.com\/semmexico\/wp-json\/wp\/v2\/types\/post"}],"author":[{"embeddable":true,"href":"https:\/\/redsemlac.com\/semmexico\/wp-json\/wp\/v2\/users\/3"}],"replies":[{"embeddable":true,"href":"https:\/\/redsemlac.com\/semmexico\/wp-json\/wp\/v2\/comments?post=39942"}],"version-history":[{"count":0,"href":"https:\/\/redsemlac.com\/semmexico\/wp-json\/wp\/v2\/posts\/39942\/revisions"}],"wp:featuredmedia":[{"embeddable":true,"href":"https:\/\/redsemlac.com\/semmexico\/wp-json\/wp\/v2\/media\/39943"}],"wp:attachment":[{"href":"https:\/\/redsemlac.com\/semmexico\/wp-json\/wp\/v2\/media?parent=39942"}],"wp:term":[{"taxonomy":"category","embeddable":true,"href":"https:\/\/redsemlac.com\/semmexico\/wp-json\/wp\/v2\/categories?post=39942"},{"taxonomy":"post_tag","embeddable":true,"href":"https:\/\/redsemlac.com\/semmexico\/wp-json\/wp\/v2\/tags?post=39942"}],"curies":[{"name":"wp","href":"https:\/\/api.w.org\/{rel}","templated":true}]}}