{"id":3994,"date":"2017-10-02T16:33:07","date_gmt":"2017-10-02T16:33:07","guid":{"rendered":"https:\/\/redsemlac.com\/semmexico\/?p=3994"},"modified":"2023-07-21T14:25:13","modified_gmt":"2023-07-21T19:25:13","slug":"octubre-mes-del-cancer-de-mama","status":"publish","type":"post","link":"https:\/\/redsemlac.com\/semmexico\/octubre-mes-del-cancer-de-mama\/","title":{"rendered":"Octubre: Mes del C\u00e1ncer de Mama"},"content":{"rendered":"\n<p class=\"wp-block-paragraph\">Palabra de Ant\u00edgona<\/p>\n\n\n\n<h5 class=\"wp-block-heading\"> El gobierno de \u201cel Bronco\u201d, sexualiza sin miramientos<\/h5>\n\n\n\n<p class=\"wp-block-paragraph\"><a href=\"https:\/\/semmexico.com\/gallery-post.php?id=3081#\">Sara Lovera<\/a><\/p>\n\n\n\n<p class=\"wp-block-paragraph\">SemM\u00e9xico, 2 octubre 2017.- Hoy tenemos la certeza de que el c\u00e1ncer de mama es la mayor causa de muertes por esta enfermedad en mujeres. La dimensi\u00f3n del problema rebasa a la imaginaci\u00f3n. Probablemente se trata de una lucha institucional y de la poblaci\u00f3n que nos obliga a redoblar cada esfuerzo. Se trata de la p\u00e9rdida de vidas m\u00e1s acuciante del hoy.<br><br>Sabemos que el c\u00e1ncer de mama es la neoplasia m\u00e1s frecuente en la poblaci\u00f3n mundial, y la primera causa de tumores entre las mujeres, con un estimado de un mill\u00f3n 671 mil 149 nuevos casos diagnosticados anualmente, y con una prevalencia de seis millones 232 mil 108 mujeres que en el mundo viven esta situaci\u00f3n.<br><br>En M\u00e9xico, seg\u00fan datos de INEGI difundidos en febrero \u00faltimo, la muerte por c\u00e1ncer de mama en mujeres de 20 a\u00f1os y m\u00e1s es de 15 mujeres productivas por cada cien mil habitantes mayores de 10 a\u00f1os. Se trata de la segunda causa de muerte en mujeres, m\u00e1s de 23 mil cada a\u00f1o. Tremendo.<br><br>La OMS sostiene que hoy la tendencia de la mortalidad es ascendente debido a una mayor incidencia de la enfermedad, por el aumento de la esperanza de vida al nacimiento, cambios de estilos de vida y la relaci\u00f3n entre el c\u00e1ncer y la obesidad. Estas son las l\u00edneas de prevenci\u00f3n y no la desviaci\u00f3n machista y ofensiva que, les cuento, ha dejado en evidencia al gobierno de Nuevo Le\u00f3n.<br><br>Los gobiernos, la sociedad, tienen la obligaci\u00f3n de expresarse con gran respeto y preocupaci\u00f3n. Pero tambi\u00e9n por razones econ\u00f3micas, ya que la morbilidad es alt\u00edsima. La hospitalizaci\u00f3n y los nuevos casos cada a\u00f1o, representan una sangr\u00eda de recursos. Urge entonces prevenir. El INEGI sostiene que 3 de cada 10 mujeres son hospitalizadas y atendidas por el sistema de salud a causa del c\u00e1ncer de mama. Los datos son estables, a pesar de m\u00faltiples campa\u00f1as, desde 2007.<br><br>Pero \u00bfQu\u00e9 pasa? Que en estos d\u00edas se redoblan las campa\u00f1as de prevenci\u00f3n, porque junto al tremendo fen\u00f3meno, se sabe que al detectarla a tiempo, es curable; muchas mujeres son salvadas, y sobreviven en condiciones de vida aceptables. Prevenir es lo m\u00e1s importante y eficaz.<br><br>Por ello extra\u00f1a la campa\u00f1a del gobierno de Nuevo Le\u00f3n \u2013que ahora dicen fue un error- , campa\u00f1a evidentemente irresponsable y donde se lanz\u00f3 un mensaje de doble sentido. Dos melones en la imagen, es decir llevado al nivel de una idea sexista muy popular y banalizada.<br><br>La respuesta en redes sociales &#8211; dice la revista Proceso &#8211; fue gigante. Criticada profusamente por la ciudadan\u00eda, que ha dejado clara la insensibilidad del Gobierno de Nuevo Le\u00f3n. Imagen, como se nombra ahora, viralizada; con reacci\u00f3n en cadena, de las redes sociales a los medios formales de comunicaci\u00f3n.<br><br>La campa\u00f1a sobre la prevenci\u00f3n del c\u00e1ncer de mama del gobierno de Jaime Rodr\u00edguez Calder\u00f3n \u201cel Bronco\u201d, eligi\u00f3 acompa\u00f1ar la frase \u201cOctubre. Mes de la sensibilizaci\u00f3n sobre el c\u00e1ncer de mama\u201d con un par de melones rematados por una estrella, reprobada y con muchos comentarios.<br><br>Opiniones de algunas m\u00e9dicas, como M\u00f3nica Jassis de Baja California Sur, que la consider\u00f3 indignante. O las de la periodista Erika Cervantes, y el asombro de otras muchas.<br><br>Y ante la reacci\u00f3n negativa, la campa\u00f1a, se dijo oficialmente, fue retirada de las redes sociales por el gobierno estatal; sin embargo, se mantiene en su Facebook y se \u201cviraliz\u00f3\u201d. Esto evidencia que ya ning\u00fan gobierno que tenga una visi\u00f3n discriminatoria hacia las mujeres puede ocultarse. Ni podr\u00e1 ser impune, al menos medi\u00e1ticamente. En otra imagen de la misma campa\u00f1a, pod\u00eda verse un sost\u00e9n en un tendedero con la frase \u201cOctubre Rosa. C\u00e1ncer de mama\u201d.<br><br>En ambos casos, se\u00f1ala Proceso, y puede verse en las p\u00e1ginas oficiales del gobierno, ya no podr\u00e1 ocultarse, aunque se incluya el ya bien identificado mo\u00f1o rosa que implica la lucha contra el c\u00e1ncer de mama.<br><br>Una de las cr\u00edticas a la campa\u00f1a se\u00f1ala \u201cque tener senos grandes no tiene nada que ver con el c\u00e1ncer\u201d y en cambio, hay otros elementos sustantivos, desarrollados durante a\u00f1os por las y los cient\u00edficos y los y las comunicadoras. C\u00e1ncer de mama no tiene nada que ver con el f\u00edsico y s\u00ed requiere de medidas de prevenci\u00f3n, tanto individuales como colectivas e institucionales.<br>Y aunque a trav\u00e9s del \u00e1rea de comunicaci\u00f3n del gobierno, Rodr\u00edguez Calder\u00f3n explic\u00f3 que la publicaci\u00f3n fue subida por error y que ya fue dada de baja, se evidenci\u00f3 esta mirada que ejemplifica lo poco que se ha logrado con los gobiernos de los estados en materia de reconocer y asumir como indeseable la desigualdad entre hombres y mujeres; es resultado lamentable de la indiferencia y la contrataci\u00f3n de quienes hacen publicidad sin tener elementos de an\u00e1lisis sobre la condici\u00f3n de las mujeres, ni conocen el sentido de respeto de g\u00e9nero.<br><br>Publicado por Vanguardia, el diario m\u00e1s serio de Coahuila, se dice que nada repara que abajo del indignante cartel con los logos del Gobierno de Nuevo Le\u00f3n y la campa\u00f1a de prevenci\u00f3n \u201ccinco minutos que salvan vidas\u201d, lo que se puso en evidencia fue el car\u00e1cter mis\u00f3gino y machista del gobierno de Nuevo Le\u00f3n.<br><br>Liz S\u00e1nchez, encargada del \u00e1rea de Educaci\u00f3n de la asociaci\u00f3n Ciudadanos en Apoyo a los Derechos Humanos (Cadhac), lament\u00f3 el matiz machista de la campa\u00f1a que tiende a cosificar a las mujeres.<br><br>Agreg\u00f3 que \u201ces una manera muy denigrante de abordar una problem\u00e1tica tan grave como es el c\u00e1ncer de mama. Adem\u00e1s se identifica lamentablemente ese tinte de violencia contra las mujeres que ha estado presente en muchos comentarios y declaraciones del gobernador\u201d, recuerda.<br><br>La reacci\u00f3n en cadena incluy\u00f3 otro comentario: \u201cal ver esa imagen veo la l\u00f3gica machista de la burla, cosificaci\u00f3n y sexualizaci\u00f3n de las mujeres, m\u00e1s grave cuando hace ver que se trat\u00f3 como una cuesti\u00f3n de placer, al asociar los melones con los senos\u201d.<br><br>Adem\u00e1s, todav\u00eda peor porque se hizo con total falta de profundidad e imaginaci\u00f3n. La campa\u00f1a es plagio de una campa\u00f1a que hubo en Canad\u00e1, hoy en Nuevo Le\u00f3n; reproducida por el estado y la Secretar\u00eda de Salud.<br><br><br>Informaci\u00f3n estad\u00edstica&nbsp;<br><br>En M\u00e9xico en 2014, se registraron 11,372 casos nuevos de c\u00e1ncer de mama con una tasa de incidencia de 22.56 por 100,000 habitantes mayores de 10 a\u00f1os.<br><br>En el grupo espec\u00edfico de mujeres de 25 a\u00f1os y m\u00e1s, en el a\u00f1o 2015 se registraron 6 mil 252 defunciones en mujeres con una tasa cruda de 18 defunciones por 100,000 mujeres. Las entidades con mayor mortalidad por c\u00e1ncer de mama son: Sonora (28.6), Nuevo Le\u00f3n (26), Coahuila (25.7), Chihuahua (24.8), Ciudad de M\u00e9xico (24.7) y Sinaloa (22.2).<br><br>La edad promedio de presentaci\u00f3n de los casos de c\u00e1ncer de mama es de 54.9 a\u00f1os; la incidencia m\u00e1s alta en el n\u00famero de casos se registra en el grupo de 50 a 59 a\u00f1os, con el 45% de todos los casos.<br><br>Adem\u00e1s, la distribuci\u00f3n de los casos de c\u00e1ncer en relaci\u00f3n a la edad muestra un incremento a partir de los 35 a\u00f1os, siendo el grupo de 50 a 59 a\u00f1os de edad quien registra el mayor porcentaje con alrededor del 30% de todos los casos registrados para el a\u00f1o 2014; la edad promedio de presentaci\u00f3n de los casos de c\u00e1ncer de mama es a los 49.2 a\u00f1os. Preocupante esa mira de los reyezuelos estatales, ahora fuera de la rendici\u00f3n de cuentas y la misoginia rampante. \u00bfQu\u00e9 ser\u00e1 de nosotras sin nosotras?<br><br><br>saraloveralopez@gmail.com<\/p>\n","protected":false},"excerpt":{"rendered":"<p>Palabra de Ant\u00edgona El gobierno de \u201cel Bronco\u201d, sexualiza sin miramientos Sara Lovera SemM\u00e9xico, 2 octubre 2017.- Hoy tenemos la certeza de que el c\u00e1ncer de mama es la mayor causa de muertes por esta enfermedad en mujeres. La dimensi\u00f3n del problema rebasa a la imaginaci\u00f3n. Probablemente se trata de una lucha institucional y de [&hellip;]<\/p>\n","protected":false},"author":3,"featured_media":3996,"comment_status":"open","ping_status":"open","sticky":false,"template":"","format":"standard","meta":{"_monsterinsights_skip_tracking":false,"footnotes":""},"categories":[687,69,1],"tags":[],"class_list":["post-3994","post","type-post","status-publish","format-standard","has-post-thumbnail","category-687","category-sara-lovera","category-uncategorized"],"_links":{"self":[{"href":"https:\/\/redsemlac.com\/semmexico\/wp-json\/wp\/v2\/posts\/3994","targetHints":{"allow":["GET"]}}],"collection":[{"href":"https:\/\/redsemlac.com\/semmexico\/wp-json\/wp\/v2\/posts"}],"about":[{"href":"https:\/\/redsemlac.com\/semmexico\/wp-json\/wp\/v2\/types\/post"}],"author":[{"embeddable":true,"href":"https:\/\/redsemlac.com\/semmexico\/wp-json\/wp\/v2\/users\/3"}],"replies":[{"embeddable":true,"href":"https:\/\/redsemlac.com\/semmexico\/wp-json\/wp\/v2\/comments?post=3994"}],"version-history":[{"count":0,"href":"https:\/\/redsemlac.com\/semmexico\/wp-json\/wp\/v2\/posts\/3994\/revisions"}],"wp:featuredmedia":[{"embeddable":true,"href":"https:\/\/redsemlac.com\/semmexico\/wp-json\/wp\/v2\/media\/3996"}],"wp:attachment":[{"href":"https:\/\/redsemlac.com\/semmexico\/wp-json\/wp\/v2\/media?parent=3994"}],"wp:term":[{"taxonomy":"category","embeddable":true,"href":"https:\/\/redsemlac.com\/semmexico\/wp-json\/wp\/v2\/categories?post=3994"},{"taxonomy":"post_tag","embeddable":true,"href":"https:\/\/redsemlac.com\/semmexico\/wp-json\/wp\/v2\/tags?post=3994"}],"curies":[{"name":"wp","href":"https:\/\/api.w.org\/{rel}","templated":true}]}}