{"id":39936,"date":"2021-09-13T11:00:00","date_gmt":"2021-09-13T17:00:00","guid":{"rendered":"https:\/\/redsemlac.com\/semmexico\/?p=39936"},"modified":"2023-07-21T17:06:24","modified_gmt":"2023-07-21T22:06:24","slug":"tras-la-puerta-del-poder-ramirez-de-la-o-un-cordero-entre-leones","status":"publish","type":"post","link":"https:\/\/redsemlac.com\/semmexico\/tras-la-puerta-del-poder-ramirez-de-la-o-un-cordero-entre-leones\/","title":{"rendered":"Tras la puerta del poder| Ram\u00edrez de la O, un cordero entre leones"},"content":{"rendered":"\n<p class=\"wp-block-paragraph\"><strong>Roberto Vizca\u00edno<\/strong><\/p>\n\n\n\n<p class=\"wp-block-paragraph\">SemM\u00e9xico. Cd. de M\u00e9xico. 13 de septiembre 2021.- Nunca c\u00f3mo hoy un secretario de Hacienda, y su jefe, el Presidente mismo, tendr\u00e1n que pelear, negociar, urdir lo conocido y desconocido, partida por partida para sacar adelante el Presupuesto de Egresos 2022 c\u00f3mo ellos quieren.<\/p>\n\n\n\n<p class=\"wp-block-paragraph\">Los hechos y las se\u00f1ales en el contexto advierten que eso ser\u00e1 muy dif\u00edcil.<\/p>\n\n\n\n<p class=\"wp-block-paragraph\">Y es que por primera vez existe un proyecto econ\u00f3mico alterno de la oposici\u00f3n, fundamentado rubro a rubro, con el cual diputados y senadores del PAN, PRI, PRD y MC buscar\u00e1n arrebatar miles de millones de pesos a los 5 proyectos y programas electoreros b\u00e1sicos del presidente Andr\u00e9s Manuel L\u00f3pez Obrador para aplicarlos a otras necesidades nacionales.<\/p>\n\n\n\n<p class=\"wp-block-paragraph\">La recuperaci\u00f3n del fondo de desastres, por ejemplo. O para estancias infantiles. O para protecci\u00f3n de mujeres ante la violencia. O\u2026<\/p>\n\n\n\n<p class=\"wp-block-paragraph\">En este contexto, Rogelio Ram\u00edrez de la O, tercer titular de Hacienda de AMLO, inicia hoy con su comparecencia en el Pleno del Senado su traves\u00eda en el Congreso para defender lo que parece insalvable.<\/p>\n\n\n\n<p class=\"wp-block-paragraph\">Ajeno, carente de la necesaria capacidad y experiencia de negociaci\u00f3n pol\u00edtica que se requiere en estos trances, Ram\u00edrez de la O llegar\u00e1 a la tribuna de la c\u00e1mara alta con la imagen del m\u00e1s puro tecn\u00f3crata neoliberal.<\/p>\n\n\n\n<p class=\"wp-block-paragraph\">Es obvio que inicia esta batalla en el Senado, con la obvia intenci\u00f3n de que reciba la protecci\u00f3n que s\u00f3lo le puede dar el predominio que ejerce Ricardo Monreal, y la fuerza de la mayor\u00eda legislativa de Morena en esta c\u00e1mara.&nbsp;&nbsp;&nbsp;<\/p>\n\n\n\n<p class=\"wp-block-paragraph\">Ser\u00e1 un trance interesante porque en el Senado hay una oposici\u00f3n con la m\u00e1s alta experiencia de Estado y de Gobierno. Ah\u00ed est\u00e1n Beatriz Paredes, Miguel \u00c1ngel Osorio Chong, el exgobernador Eruviel \u00c1vila por el PRI; o Dante Delgado que ha pasado por todo; Miguel \u00c1ngel Mancera, exjefe de Gobierno citadino; Gustavo Madero por el PAN, por mencionar algunos. Un trabuco de experiencia pol\u00edtica y manejo de poder ante el cual Ram\u00edrez de la O, sin cargo alguno anterior en el gobierno, asemeja m\u00e1s a una dulce y apetitosa oveja.<\/p>\n\n\n\n<p class=\"wp-block-paragraph\">A ver si su \u00e1ngel de la Guarda zacatecano y el amigo de este, el Santo Ni\u00f1o de Atocha, logran pasarlo sobre las brasas sin que la lumbre le llegue a los aparejos.<\/p>\n\n\n\n<p class=\"wp-block-paragraph\"><strong>Sigue la pasarela<\/strong><\/p>\n\n\n\n<p class=\"wp-block-paragraph\">A Ram\u00edrez de la O le seguir\u00e1 ma\u00f1ana por esa misma tribuna la comparecencia del secretario de Bienestar, el senador tabasque\u00f1o con licencia, Javier May Rodr\u00edguez para explicar lo supuestamente hecho y logrado durante el tercer a\u00f1o de Gobierno de L\u00f3pez Obrador en esta \u00e1rea.<\/p>\n\n\n\n<p class=\"wp-block-paragraph\">Llega en medio de una fuerte cr\u00edtica de la oposici\u00f3n, y los crecientes reclamos ciudadanos ante subejercicios en un \u00e1rea donde la pobreza y las carencias se han incrementado sustancialmente.<\/p>\n\n\n\n<p class=\"wp-block-paragraph\">Pero sobre todo deber\u00e1 explicar por qu\u00e9 sin haber ejercido todo lo aprobado para el tercer a\u00f1o de Gobierno ahora Bienestar pide un presupuesto 54.83 por ciento mayor.<\/p>\n\n\n\n<p class=\"wp-block-paragraph\">A May Rodr\u00edguez le seguir\u00e1 la muy cuestionada secretaria de Seguridad (P\u00fablica) y Protecci\u00f3n Ciudadana Rosa Icela Rodr\u00edguez, quien llega al Senado con una carga cercana a los 100 mil ejecutados, con el cuestionamiento de por qu\u00e9 la Guardia Civil se usa m\u00e1s para atajar migrantes que a delincuentes y de un alto y creciente porcentaje de feminicidios. En total un incremento de 7.5 por ciento de los delitos federales.<\/p>\n\n\n\n<p class=\"wp-block-paragraph\">Esta pasarela cerrar\u00e1 a todo tambor con las comparecencias de los titulares de Relaciones Exteriores, Marcelo Ebrard y el de Gobernaci\u00f3n -o el m\u00e1s amigo de los amigos de L\u00f3pez Obrador-, Ad\u00e1n Augusto L\u00f3pez.<\/p>\n\n\n\n<p class=\"wp-block-paragraph\">Seguro ah\u00ed, en esas dos comparecencias, habr\u00e1 muchas chispas por aquello de la sucesi\u00f3n presidencial s\u00faper-adelantada.&nbsp;<\/p>\n\n\n\n<p class=\"wp-block-paragraph\">&#8230;.rvizcainoa@gmail.com \/ Twitter: @_Vizcaino \/ Facebook \/ https:\/\/www.facebook.com\/rvizcainoa<\/p>\n","protected":false},"excerpt":{"rendered":"<p> Nunca c\u00f3mo hoy un secretario de Hacienda, y su jefe, el Presidente mismo, tendr\u00e1n que pelear, negociar, urdir lo conocido y desconocido, partida por partida para sacar adelante el Presupuesto de Egresos 2022 c\u00f3mo ellos quieren.<\/p>\n","protected":false},"author":3,"featured_media":39589,"comment_status":"open","ping_status":"open","sticky":false,"template":"","format":"standard","meta":{"_monsterinsights_skip_tracking":false,"footnotes":""},"categories":[692,35,623,622],"tags":[459],"class_list":["post-39936","post","type-post","status-publish","format-standard","has-post-thumbnail","category-692","category-opinion","category-roberto-vizcaino","category-tras-la-puerta-del-poder","tag-opinion"],"_links":{"self":[{"href":"https:\/\/redsemlac.com\/semmexico\/wp-json\/wp\/v2\/posts\/39936","targetHints":{"allow":["GET"]}}],"collection":[{"href":"https:\/\/redsemlac.com\/semmexico\/wp-json\/wp\/v2\/posts"}],"about":[{"href":"https:\/\/redsemlac.com\/semmexico\/wp-json\/wp\/v2\/types\/post"}],"author":[{"embeddable":true,"href":"https:\/\/redsemlac.com\/semmexico\/wp-json\/wp\/v2\/users\/3"}],"replies":[{"embeddable":true,"href":"https:\/\/redsemlac.com\/semmexico\/wp-json\/wp\/v2\/comments?post=39936"}],"version-history":[{"count":0,"href":"https:\/\/redsemlac.com\/semmexico\/wp-json\/wp\/v2\/posts\/39936\/revisions"}],"wp:featuredmedia":[{"embeddable":true,"href":"https:\/\/redsemlac.com\/semmexico\/wp-json\/wp\/v2\/media\/39589"}],"wp:attachment":[{"href":"https:\/\/redsemlac.com\/semmexico\/wp-json\/wp\/v2\/media?parent=39936"}],"wp:term":[{"taxonomy":"category","embeddable":true,"href":"https:\/\/redsemlac.com\/semmexico\/wp-json\/wp\/v2\/categories?post=39936"},{"taxonomy":"post_tag","embeddable":true,"href":"https:\/\/redsemlac.com\/semmexico\/wp-json\/wp\/v2\/tags?post=39936"}],"curies":[{"name":"wp","href":"https:\/\/api.w.org\/{rel}","templated":true}]}}