{"id":39931,"date":"2021-09-13T09:02:30","date_gmt":"2021-09-13T15:02:30","guid":{"rendered":"https:\/\/redsemlac.com\/semmexico\/?p=39931"},"modified":"2023-07-21T17:06:25","modified_gmt":"2023-07-21T22:06:25","slug":"desobediencia-el-fallo-de-la-corte-mujeres-y-personas-gestantes","status":"publish","type":"post","link":"https:\/\/redsemlac.com\/semmexico\/desobediencia-el-fallo-de-la-corte-mujeres-y-personas-gestantes\/","title":{"rendered":"Desobediencia| El fallo de la Corte: mujeres y personas gestantes\u2026"},"content":{"rendered":"\n<p class=\"wp-block-paragraph\"><strong>Olimpia Flores Ortiz<\/strong><\/p>\n\n\n\n<p class=\"wp-block-paragraph\">SemM\u00e9xico. Zaachila, Oaxaca. 13 de septiembre de 2021.- \u00bfEn qu\u00e9 pues quedamos? \u00bfNo decimos desde el feminismo que la capacidad gestante no es la cualidad que nos define como mujeres? Toda aquella mujer que no gestara en su vida por cualquier raz\u00f3n no podr\u00eda definirse como tal.<\/p>\n\n\n\n<p class=\"wp-block-paragraph\">El caso es que frente a la resoluci\u00f3n de la Suprema Corte de Justicia de la Naci\u00f3n acerca de la despenalizaci\u00f3n del aborto en el C\u00f3digo Penal de Coahuila, que sienta jurisprudencia para todas las entidades federativas de M\u00e9xico, cuyo proyecto estuvo a cargo del Ministro Luis Mar\u00eda Aguilar Morales, la inclusi\u00f3n de las personas gestantes, ha incomodado a ciertos feminismos.<\/p>\n\n\n\n<p class=\"wp-block-paragraph\">Argumenta el proyecto que \u00abNo tiene cabida dentro de la doctrina jurisprudencial de este Tribunal Constitucional un escenario en el cual la mujer y las personas con capacidad de gestar no puedan plantearse el dilema de continuar o interrumpir su embarazo\u00bb.<\/p>\n\n\n\n<p class=\"wp-block-paragraph\">La Suprema Corte resolvi\u00f3 por unanimidad de diez votos la inconstitucionalidad de criminalizar el aborto de manera absoluta, y por primera vez se manifest\u00f3 a favor de garantizar el derecho de las mujeres y de las personas gestantes a decidir, sin tener que enfrentar consecuencias penales.<\/p>\n\n\n\n<p class=\"wp-block-paragraph\">Y estableci\u00f3 \u201c\u2026que en los hospitales de car\u00e1cter p\u00fablico se brinde el acceso a ese derecho de forma accesible, siguiendo los m\u00e1s altos est\u00e1ndares de calidad posibles, competencia t\u00e9cnica, rango de opciones disponibles e informaci\u00f3n cient\u00edfica actualizada.\u201d<\/p>\n\n\n\n<p class=\"wp-block-paragraph\">\u201cEl sustrato de esta prerrogativa -dice- lo constituyen la dignidad humana, la autonom\u00eda, el libre desarrollo de la personalidad, el derecho a la vida privada, la igualdad jur\u00eddica, el derecho a la salud (psicol\u00f3gica y f\u00edsica) y la libertad reproductiva,\u2026\u201d<\/p>\n\n\n\n<p class=\"wp-block-paragraph\">En el punto 146 de la resoluci\u00f3n se argumenta que \u201cEl reconocimiento de la mujer y las personas con capacidad de gestar como titulares del derecho a decidir la continuaci\u00f3n o interrupci\u00f3n de su embarazo\u2026corresponde en exclusiva a la mujer o persona con capacidad de gestar, pues se vincula a una de las esferas m\u00e1s \u00edntimas que configuran su dignidad y su personalidad, en tanto que s\u00f3lo ella puede, de acuerdo con sus circunstancias individuales, responder c\u00f3mo integrar\u00e1 la maternidad a su plan y proyecto de vida, as\u00ed como \u2013en su caso\u2013 las razones por las que prefiere tomar la compleja decisi\u00f3n de interrumpir la gestaci\u00f3n.\u201d<\/p>\n\n\n\n<p class=\"wp-block-paragraph\">En la nota 17 define que \u201cPersonas con Capacidad de Gestar\u201d, \u201cPersonas Gestantes\u201d o \u201cCuerpos Gestantes\u201d es un concepto sumamente relevante y de reciente aparici\u00f3n, el cual goza de una vinculaci\u00f3n fundamental con el tema de la presente Acci\u00f3n de Inconstitucionalidad, en el sentido de que se refiere a aquellas personas que no identific\u00e1ndose con el g\u00e9nero \u201cmujer\u201d sus cuerpos s\u00ed tienen la capacidad de gestar, por ejemplo, hombres trans, personas no binarias, lesbianas y otras identidades de g\u00e9nero que pueden embarazarse.<\/p>\n\n\n\n<p class=\"wp-block-paragraph\">As\u00ed, la Corte declar\u00f3 la invalidez del art\u00edculo 196 del C\u00f3digo Penal de Coahuila que establec\u00eda una pena de prisi\u00f3n hasta de tres a\u00f1os a la mujer que voluntariamente practicara su aborto o a quien la hiciere abortar con el consentimiento de aquella, pues vulnera el derecho de la mujer y de las personas gestantes a decidir.<\/p>\n\n\n\n<p class=\"wp-block-paragraph\">En la versi\u00f3n taquigr\u00e1fica de La Sesi\u00f3n P\u00fablica Ordinaria Del Pleno De La Suprema Corte De Justicia De La Naci\u00f3n, celebrada el Lunes 6 De septiembre De 2021, en el punto 40 explica que \u201c\u2026la decisi\u00f3n de este Tribunal Constitucional, como no podr\u00eda ser de otra manera, se emite en el contexto propio, actual, y responde a los cambios y a la din\u00e1mica cultural de la sociedad mexicana; teniendo sus bases generales en los principios fundamentales que definen al Estado Mexicano: democracia, <strong>laicidad,<\/strong> pluralidad, la propia vocaci\u00f3n social de la Constituci\u00f3n Pol\u00edtica de los Estados Unidos Mexicanos, a trav\u00e9s de una narrativa de derechos humanos y desde la raz\u00f3n p\u00fablica.\u201d <a><\/a><a href=\"https:\/\/www.scjn.gob.mx\/sites\/default\/files\/proyectos_resolucion_scjn\/documento\/2021-08\/AI%20148.2017.pdf\">https:\/\/www.scjn.gob.mx\/sites\/default\/files\/proyectos_resolucion_scjn\/documento\/2021-08\/AI%20148.2017.pdf<\/a><\/p>\n\n\n\n<p class=\"wp-block-paragraph\">Ha considerado que esta pena es violatoria de preceptos constitucionales como el art\u00edculo primero Constitucional: \u201cEn los Estados Unidos Mexicanos todas las personas gozar\u00e1n de los derechos humanos reconocidos en esta Constituci\u00f3n y en los tratados internacionales de los que el Estado Mexicano sea parte, as\u00ed como de las garant\u00edas para su protecci\u00f3n, cuyo ejercicio no podr\u00e1 restringirse ni suspenderse, salvo en los casos y bajo las condiciones que esta Constituci\u00f3n establece.\u201d Y que proh\u00edbe expl\u00edcitamente toda discriminaci\u00f3n (entre todas las otras) motivada por g\u00e9nero.<\/p>\n\n\n\n<p class=\"wp-block-paragraph\">As\u00ed como viola tambi\u00e9n el art\u00edculo cuarto Constitucional que establece que \u201cToda persona tiene derecho a decidir de manera libre, responsable e informada, sobre el n\u00famero y espaciamiento de sus hijos.\u201d<\/p>\n\n\n\n<p class=\"wp-block-paragraph\">La decisi\u00f3n de la Corte s\u00f3lo invalida el c\u00f3digo penal de Coahuila, pero sienta jurisprudencia obligatoria para todos los tribunales del pa\u00eds.&nbsp; Este precedente permitir\u00e1 recurrir a la v\u00eda judicial para combatir la criminalizaci\u00f3n del aborto en otros c\u00f3digos penales estatales.<\/p>\n\n\n\n<p class=\"wp-block-paragraph\">Queda por delante la labor legislativa: Reformar el C\u00f3digo Penal de la Federaci\u00f3n y los de las entidades federativas. Ah\u00ed van a estar las resistencias conservadoras y eclesiales. Durante la presidencia de Felipe Calder\u00f3n fue Margarita Zavala, la que, en calidad de su poder f\u00e1ctico como su esposa, hizo la campa\u00f1a junto con los obispos para influenciar a las esposas de los gobernadores e incidir en los congresos estatales para \u201cblindar\u201d la prohibici\u00f3n del aborto limitando las causales a la violaci\u00f3n o si la vida de la madre corre peligro.&nbsp;<\/p>\n\n\n\n<p class=\"wp-block-paragraph\">&nbsp;Ciudad de M\u00e9xico, Oaxaca, Hidalgo y Veracruz, son las entidades federativas de la Rep\u00fablica Mexicana que permiten a las mujeres abortar de forma legal.<\/p>\n\n\n\n<p class=\"wp-block-paragraph\">La reacci\u00f3n del feminismo pacato, que cree detentar la patente de la \u201cesencia\u201d de la mujer, no se dej\u00f3 esperar, rescato del muro de una activista el siguiente cuestionamiento, abrumador en su simplismo: \u201cAcaso hay otro ser humano distinto del SEXO MUJER que pueda gestar?\u201d \u201cPero luego dicen que alucinamos cuando hablamos del borrado del sujeto pol\u00edtico del feminismo: LAS MUJERES&#8230;\u201d (Addy Leonel De Cervantes)<\/p>\n\n\n\n<p class=\"wp-block-paragraph\">El fallo de la Corte no las borr\u00f3: Dice \u201cmujeres y personas gestantes\u201d En donde la interjecci\u00f3n <strong>y<\/strong> es clave.<\/p>\n\n\n\n<div class=\"wp-block-image\"><figure class=\"alignright size-full\"><a href=\"https:\/\/redsemlac.com\/semmexico\/wp-content\/uploads\/2021\/09\/olimpia.png\"><img loading=\"lazy\" decoding=\"async\" width=\"486\" height=\"253\" src=\"https:\/\/redsemlac.com\/semmexico\/wp-content\/uploads\/2021\/09\/olimpia.png\" alt=\"\" class=\"wp-image-39932\"\/><\/a><figcaption>Imagen tomada de <a href=\"https:\/\/helloclue.com\/es\/articulos\/lgbtqia\/como-se-siente-el-embarazo-para-una-persona-transmasculina\">https:\/\/helloclue.com\/es\/articulos\/lgbtqia\/como-se-siente-el-embarazo-para-una-persona-transmasculina<\/a><\/figcaption><\/figure><\/div>\n\n\n\n<p class=\"wp-block-paragraph\">Si la cualidad de gestar no es la que nos define en tanto mujeres<strong>, entonces S\u00cd somos \u201cpersonas gestantes\u201d <\/strong>porque la compartimos con otras personas que tambi\u00e9n lo pueden ser, nadie nos est\u00e1 usurpando nada: realidad existente que la Corte tom\u00f3 en cuenta.<\/p>\n\n\n\n<p class=\"wp-block-paragraph\">&nbsp;Ese feminismo, tendr\u00eda que deslindarse en primer lugar de la violencia letal en contra de las personas trans, antes que establecer su diferencia pol\u00edtica. Ser\u00eda lo \u00e9tico.<\/p>\n\n\n\n<p class=\"wp-block-paragraph\">A las del feminismo pacato les pregunto: sin pechos, sin \u00fatero, sin ovarios \u00bfya no se cumple el requisito de lo suficiente y necesario de \u201cla mujer\u201d? \u00bfLas malformaciones como el \u00fatero que no se desarroll\u00f3, pero la persona creci\u00f3 y se vivi\u00f3 como mujer, en estricto sentido no lo es? \u00bfSomos cromosomas y hormonas? \u00bfLa facultad de pensar entonces sobra a la esencia?&nbsp;<\/p>\n\n\n\n<p class=\"wp-block-paragraph\">No encuentro m\u00e1s que patrimonialismo y fundamentalismo en el feminismo que se siente biol\u00f3gicamente esencial.<\/p>\n\n\n\n<p class=\"wp-block-paragraph\">Me asom\u00e9 esta semana por aqu\u00ed:&nbsp; <a href=\"https:\/\/www.youtube.com\/watch?v=R9YXdPV5OLA&amp;t=3127s\">https:\/\/www.youtube.com\/watch?v=R9YXdPV5OLA&amp;t=3127s<\/a> \u201cLo trans, la biolog\u00eda y el abolicionismo de g\u00e9nero\u201d de Siobhan Guerrero Mc Manus, bi\u00f3loga y fil\u00f3sofa, integrante del Sistema Nacional de Investigadores, docente y transactivista. Aprend\u00ed, vale mucho la pena escucharla, tanto si se tiene pensamiento abierto, como cerrado (este \u00faltimo para que se ponga por lo menos a la altura del debate).<\/p>\n\n\n\n<p class=\"wp-block-paragraph\"><a href=\"https:\/\/www.facebook.com\/OlimpiaFloresMirabilia\">https:\/\/www.facebook.com\/OlimpiaFloresMirabilia<\/a><\/p>\n\n\n\n<p class=\"wp-block-paragraph\">Twitter: @euphrasina (amor por la elocuencia)<\/p>\n","protected":false},"excerpt":{"rendered":"<p>\u00bfEn qu\u00e9 pues quedamos? \u00bfNo decimos desde el feminismo que la capacidad gestante no es la cualidad que nos define como mujeres? Toda aquella mujer que no gestara en su vida por cualquier raz\u00f3n no podr\u00eda definirse como tal.<\/p>\n","protected":false},"author":3,"featured_media":38573,"comment_status":"open","ping_status":"open","sticky":false,"template":"","format":"standard","meta":{"_monsterinsights_skip_tracking":false,"footnotes":""},"categories":[692,133,134,35],"tags":[459],"class_list":["post-39931","post","type-post","status-publish","format-standard","has-post-thumbnail","category-692","category-desobediencia","category-olimpia-flores-ortiz","category-opinion","tag-opinion"],"_links":{"self":[{"href":"https:\/\/redsemlac.com\/semmexico\/wp-json\/wp\/v2\/posts\/39931","targetHints":{"allow":["GET"]}}],"collection":[{"href":"https:\/\/redsemlac.com\/semmexico\/wp-json\/wp\/v2\/posts"}],"about":[{"href":"https:\/\/redsemlac.com\/semmexico\/wp-json\/wp\/v2\/types\/post"}],"author":[{"embeddable":true,"href":"https:\/\/redsemlac.com\/semmexico\/wp-json\/wp\/v2\/users\/3"}],"replies":[{"embeddable":true,"href":"https:\/\/redsemlac.com\/semmexico\/wp-json\/wp\/v2\/comments?post=39931"}],"version-history":[{"count":0,"href":"https:\/\/redsemlac.com\/semmexico\/wp-json\/wp\/v2\/posts\/39931\/revisions"}],"wp:featuredmedia":[{"embeddable":true,"href":"https:\/\/redsemlac.com\/semmexico\/wp-json\/wp\/v2\/media\/38573"}],"wp:attachment":[{"href":"https:\/\/redsemlac.com\/semmexico\/wp-json\/wp\/v2\/media?parent=39931"}],"wp:term":[{"taxonomy":"category","embeddable":true,"href":"https:\/\/redsemlac.com\/semmexico\/wp-json\/wp\/v2\/categories?post=39931"},{"taxonomy":"post_tag","embeddable":true,"href":"https:\/\/redsemlac.com\/semmexico\/wp-json\/wp\/v2\/tags?post=39931"}],"curies":[{"name":"wp","href":"https:\/\/api.w.org\/{rel}","templated":true}]}}