{"id":3992,"date":"2017-10-13T16:31:47","date_gmt":"2017-10-13T16:31:47","guid":{"rendered":"https:\/\/redsemlac.com\/semmexico\/?p=3992"},"modified":"2023-07-21T14:25:12","modified_gmt":"2023-07-21T19:25:12","slug":"64-anos-de-la-ciudadania-de-las-mujeres","status":"publish","type":"post","link":"https:\/\/redsemlac.com\/semmexico\/64-anos-de-la-ciudadania-de-las-mujeres\/","title":{"rendered":"64 a\u00f1os de la ciudadan\u00eda de las mujeres"},"content":{"rendered":"\n<p class=\"wp-block-paragraph\">Palabra de Ant\u00edgona<\/p>\n\n\n\n<h5 class=\"wp-block-heading\"> Dicen que 37 candidatos y candidatas independientes son demasiados, pero no se han puesto a pensar por qu\u00e9 la pelea no se da en los partidos<\/h5>\n\n\n\n<p class=\"wp-block-paragraph\"><a href=\"https:\/\/semmexico.com\/gallery-post.php?id=3185#\">Sara Lovera<\/a><\/p>\n\n\n\n<p class=\"wp-block-paragraph\">SemM\u00e9xico, 13 octubre 2017.- En unos d\u00edas estaremos conmemorando el 64 aniversario desde que logramos el voto universal para las mujeres. Un 17 de octubre de 1953 se decret\u00f3 la modificaci\u00f3n constitucional. En esas m\u00e1s de seis d\u00e9cadas, logramos apenas gobernar siete entidades, con ocho gobernadoras; construir una masa cr\u00edtica en los congresos; el 14 por ciento de los gobiernos municipales, y eliminar las barreras legales para la igualdad.<br><br>Hoy, sin embargo, esos avances todav\u00eda no consiguen eliminar ni la discriminaci\u00f3n, ni la violencia. Y las mujeres decididas a participar en el terreno del poder real se enfrentan no s\u00f3lo a la violencia pol\u00edtica, sino aparecemos en los m\u00e1rgenes del poder, sin un estatuto social que nos haga ver realmente humanas. Todo se nos escatima.<br><br>En estos d\u00edas vamos a o\u00edr muchos discursos de \u201creconocimiento\u201d; peroratas infinitas del valor de nuestras contribuciones, lo que es cierto, nada menos que nuestra contribuci\u00f3n hasta del 21 por ciento del producto interno bruto, es decir de la riqueza social, por nuestro trabajo gratuito para que la maquinaria del sistema opere; palabras que nos van a recordar a las pioneras, como do\u00f1a Amalia Gonz\u00e1lez Caballero de Castillo Led\u00f3n, la art\u00edfice de esa reforma; a la primera constitucionalista del pa\u00eds, do\u00f1a Hermila Galindo, y oiremos hablar de las primeras diputadas locales como Elvia Carrillo Puerto y las primeras federales como Aurora Jim\u00e9nez.<br><br>Es verdad que hoy es pol\u00edticamente correcto mencionar nuestras contribuciones a la paz, aquellas que significan el bienestar de las familias en mundo rural donde sostenemos la econom\u00eda familiar. Tambi\u00e9n se explorar\u00e1n nuestras incursiones sustantivas en los campos de la producci\u00f3n industrial, de la maquila regada por todo M\u00e9xico.<br><br>Y habr\u00e1 quien recuerde que cientos de defensoras y l\u00edderes luchan contra las grandes empresas mineras que tienen ocupado hasta el 40 por ciento del territorio con una nueva explotaci\u00f3n minera; las defensoras de los Derechos Humanos y la libertad de expresi\u00f3n, eso a pesar del discurso que se niega a nombrarnos y los rasgos mis\u00f3ginos que acaban por calificarnos como aparecidas, esposas-de y buenas s\u00f3lo para la cocina y la crianza.<br><br>Nunca como en los \u00faltimos d\u00edas para saberlo. Locutores y caricaturistas ridiculizando a cualquiera de las mujeres modernas que han dicho que s\u00ed, que quieren el poder.<br><br>En medio de la celebraci\u00f3n venturosa de nuestra ciudadan\u00eda, a\u00fan hay quienes opinan, que se niegan a incluir en su lenguaje la palabra presidenta, a pesar de la presencia de las mujeres en el gobierno municipal o en otros organismos p\u00fablicos donde existe esa figura, como dice la periodista Soledad Jarqu\u00edn. O el uso de sustantivos que nos nombran como es: en femenino, y acuden a las m\u00e1s antiguas denominaciones que tambi\u00e9n la periodista nos ense\u00f1a: la ginop\u00eda el no vernos. El no nombrarnos y hacernos invisibles en todos los campos de la comunicaci\u00f3n.<br><br>M\u00e1s all\u00e1 de las interpretaciones pol\u00edticas, la reforma que abri\u00f3 el espacio a las candidaturas independientes, que si se trata de un complot para dividir los votos, ni siquiera han notado que en una lista de personas que aspiran a esas candidaturas, seis son mujeres. Echadas para adelante que levantan la mano para contender por la primera magistratura del pa\u00eds.<br><br>Y son seis. Marichuy, Mar\u00eda de Jes\u00fas Patricio Mart\u00ednez, vocera de los pueblos ind\u00edgenas; Aisha Vallejo Utrilla, del magisterio; Ma. Concepci\u00f3n Ibarra Tiznado, de la academia; Mar\u00eda Silva de Jes\u00fas Ord\u00f3\u00f1ez, Ma. Elena Rodr\u00edguez Campa Romo y Margarita Zavala; a ella, considerada \u201cesposa\u201d se le niegan 33 a\u00f1os de militancia partidaria.<br><br>Seguramente todas ellas han decidido ir por lo \u201cindependiente\u201d porque en los partidos no hay espacio para ellas y ninguna se atrevi\u00f3 con antelaci\u00f3n a crear su propio partido, como lo hizo una de las seis candidatas en la historia de M\u00e9xico, Patricia Mercado, quien desde el movimiento feminista cre\u00f3 dos partidos, como se llam\u00f3 uno de ellos, Alternativa Democr\u00e1tica. Por eso est\u00e1n al margen seg\u00fan la visi\u00f3n generalizada. Como aparecidas en un mundo que s\u00f3lo ellos quieren conservar.<br><br>Lo hacen 64 a\u00f1os despu\u00e9s, tras ese camino lento, lleno de obst\u00e1culos. 64 a\u00f1os despu\u00e9s, s\u00f3lo el 14 por ciento gobierna ayuntamientos; porcentaje igual en puestos del Ejecutivo Federal; congresos donde todav\u00eda son menos de 25 por ciento o empresas dirigidas 90 por ciento por hombres, \u201ccostumbre familiar\u201d me dec\u00eda hace poco una empresaria, los hombres del dinero prefieren a sus sobrinos, yernos o conocidos para dirigir sus empresas, para no dar a sus hijas el control de sus riquezas.<br><br>Es as\u00ed como las aspirantes a una candidatura independiente no conseguir\u00e1n el registro, los requisitos son casi iguales que los necesarios para registrar un partido pol\u00edtico. Est\u00e1n sin embargo en la pelea, antes inconcebible y lejana. Quieren ser presidentas de la Rep\u00fablica. Pelea que ya es calificada por los pol\u00edticos de siempre, parafraseando a Patricia Mercado, sin imaginaci\u00f3n.<br><br>\u00bfY qu\u00e9 dicen? Que tantos y tantas, 37, son instrumentos del PRI para dividir el voto, pero no se han puesto a pensar por qu\u00e9 la pelea no se da en los partidos, esos con una direcci\u00f3n autoritaria y excluyente, los que se asombran de que la violencia no sea m\u00e1s un asunto privado, de puertas para adentro de las casas, los mismos que ni idea tienen de que la econom\u00eda se caer\u00eda hoy si las mujeres no tenemos espacios en la vida laboral; igualitos que los reyezuelos de anta\u00f1o y las dictaduras m\u00e1s opresivas. Los que hostigaron en su tiempo a Beatriz Paredes; los que colgaron mantas ofensivas contra la gobernadora de Sonora, Claudia Pavlovich Arellano; los mismos que se asustaron con la reforma pol\u00edtica que decret\u00f3 la paridad electoral.<br><br>Voces en la radio y la televisi\u00f3n que siempre se preguntan qu\u00e9 har\u00eda esta mujer que provoc\u00f3 su violaci\u00f3n y su asesinato; los que hablan de la democracia s\u00f3lo a modo, una democracia coja y manca, solo para ellos, pidiendo que las mujeres no hablen, no opinen y se ocupen \u00fanicamente de la cocina y la infancia.<br><br>El discurso educa, dec\u00eda el viejo Lombardo Toledano, y es el discurso el que reproduce por todos los medios, la desvaloraci\u00f3n ciudadana de las mujeres. Incre\u00edble, en 2017, cuando est\u00e1 demostrado fehacientemente, por las distintas agencias econ\u00f3micas que ellos crearon, que un gobierno de mujeres puede mejorar la econom\u00eda, crecer la productividad, mejorar los servicios sociales y contribuir a la paz. Presidentas y primeras ministras estudiadas; gobernantas de avanzada, funcionarias decentes.<br><br>Me dir\u00e1n que no es cien por ciento, es cierto, pero no sino una minor\u00eda localizada y precisa, frente a una mayor\u00eda de hombres corruptos en todo el globo; incapaces de mejorar al mundo y promotores de todas las guerras de que conozca la historia.<br><br>En fin. De todas formas, la ceremonia solemne y con discursos, de Congreso General de este 17 de octubre que nos dio la capacidad y el derecho de votar y ser votadas. Hoy ir en paridad en las listas electorales de 2018, sin problema alguno, es cosa para verse.<\/p>\n","protected":false},"excerpt":{"rendered":"<p>Palabra de Ant\u00edgona Dicen que 37 candidatos y candidatas independientes son demasiados, pero no se han puesto a pensar por qu\u00e9 la pelea no se da en los partidos Sara Lovera SemM\u00e9xico, 13 octubre 2017.- En unos d\u00edas estaremos conmemorando el 64 aniversario desde que logramos el voto universal para las mujeres. Un 17 de [&hellip;]<\/p>\n","protected":false},"author":3,"featured_media":3824,"comment_status":"open","ping_status":"open","sticky":false,"template":"","format":"standard","meta":{"_monsterinsights_skip_tracking":false,"footnotes":""},"categories":[687,69,1],"tags":[],"class_list":["post-3992","post","type-post","status-publish","format-standard","has-post-thumbnail","category-687","category-sara-lovera","category-uncategorized"],"_links":{"self":[{"href":"https:\/\/redsemlac.com\/semmexico\/wp-json\/wp\/v2\/posts\/3992","targetHints":{"allow":["GET"]}}],"collection":[{"href":"https:\/\/redsemlac.com\/semmexico\/wp-json\/wp\/v2\/posts"}],"about":[{"href":"https:\/\/redsemlac.com\/semmexico\/wp-json\/wp\/v2\/types\/post"}],"author":[{"embeddable":true,"href":"https:\/\/redsemlac.com\/semmexico\/wp-json\/wp\/v2\/users\/3"}],"replies":[{"embeddable":true,"href":"https:\/\/redsemlac.com\/semmexico\/wp-json\/wp\/v2\/comments?post=3992"}],"version-history":[{"count":0,"href":"https:\/\/redsemlac.com\/semmexico\/wp-json\/wp\/v2\/posts\/3992\/revisions"}],"wp:featuredmedia":[{"embeddable":true,"href":"https:\/\/redsemlac.com\/semmexico\/wp-json\/wp\/v2\/media\/3824"}],"wp:attachment":[{"href":"https:\/\/redsemlac.com\/semmexico\/wp-json\/wp\/v2\/media?parent=3992"}],"wp:term":[{"taxonomy":"category","embeddable":true,"href":"https:\/\/redsemlac.com\/semmexico\/wp-json\/wp\/v2\/categories?post=3992"},{"taxonomy":"post_tag","embeddable":true,"href":"https:\/\/redsemlac.com\/semmexico\/wp-json\/wp\/v2\/tags?post=3992"}],"curies":[{"name":"wp","href":"https:\/\/api.w.org\/{rel}","templated":true}]}}