{"id":39919,"date":"2021-09-12T10:00:00","date_gmt":"2021-09-12T16:00:00","guid":{"rendered":"https:\/\/redsemlac.com\/semmexico\/?p=39919"},"modified":"2023-07-21T17:06:27","modified_gmt":"2023-07-21T22:06:27","slug":"vida-y-lectura-celebracion","status":"publish","type":"post","link":"https:\/\/redsemlac.com\/semmexico\/vida-y-lectura-celebracion\/","title":{"rendered":"Vida y lectura| Celebraci\u00f3n"},"content":{"rendered":"\n<p class=\"wp-block-paragraph\"><strong>Marcela Eternod Ar\u00e1mburu<\/strong><\/p>\n\n\n\n<p class=\"wp-block-paragraph\">SemM\u00e9xico. Aguascalientes. 11 de Septiembre 2021.- A\u00f1o con a\u00f1o y con cada vez mayor presencia, participaci\u00f3n y cobertura, las feministas conmemoramos diversas fechas: el D\u00eda Internacional de las Mujeres (8 de marzo); el D\u00eda Internacional para la Eliminaci\u00f3n de la Violencia contra las Mujeres (25 de noviembre); el D\u00eda Internacional para la Salud de las Mujeres (28 de mayo); el D\u00eda Internacional de las Mujeres Ind\u00edgena (5 de septiembre); el D\u00eda Internacional de las Trabajadoras del Hogar (30 de marzo), o el D\u00eda Mundial de Prevenci\u00f3n del Embarazo no Planificado en Adolescentes (26 de septiembre), por destacar las m\u00e1s relevantes.<\/p>\n\n\n\n<p class=\"wp-block-paragraph\">A lo anterior se agregan: el D\u00eda Internacional de las Ni\u00f1as, el D\u00eda Internacional de la Mujer y la Ni\u00f1a en la Ciencia, el D\u00eda Internacional de las Ni\u00f1as en las TIC, el D\u00eda Internacional de las Mujeres por la Paz y el Desarme, el D\u00eda Internacional para la Eliminaci\u00f3n de la Violencia Sexual en los Conflictos, el D\u00eda Internacional de la Mujer Afrodescendiente, el D\u00eda Internacional de las Mujeres Rurales, el D\u00eda Internacional de Tolerancia Cero con la Mutilaci\u00f3n Genital Femenina y un creciente etc\u00e9tera cuyo prop\u00f3sito es que al menos por un momento, unas y unos cuantos tengan presente lo mucho que falta por hacer en M\u00e9xico en temas relevantes para alcanzar la igualdad en el marco de la exigibilidad de los derechos humanos de las mujeres y las ni\u00f1as.<\/p>\n\n\n\n<p class=\"wp-block-paragraph\">Durante a\u00f1os estuvimos conmemorando, seguimos conmemorando y lo seguiremos haciendo porque es una, entre muchas otras formas de evidenciar desigualdades, injusticias y violaciones de los derechos humanos de las mujeres. Una vez al a\u00f1o, un grupo alza la voz, llama la atenci\u00f3n, pide un espacio, hace una reflexi\u00f3n, organiza un seminario o presenta una investigaci\u00f3n que -frecuentemente- flota en ese mar de indiferencia y desd\u00e9n en el que navegan hoy gran parte de las pol\u00edticas p\u00fablicas, los presupuestos y las consignas de las y los tomadores de decisiones.<\/p>\n\n\n\n<p class=\"wp-block-paragraph\">En ese contexto, se acord\u00f3 que el 28 de septiembre de cada a\u00f1o era el d\u00eda que deb\u00edamos recordar -con mucho mayor \u00e9nfasis- la urgencia de avanzar, de realizar acciones para atender un problema de enormes consecuencias para diversos grupos de mujeres, que afectaba injusta y desproporcionadamente a los grupos m\u00e1s vulnerables y desprotegidos: la interrupci\u00f3n de un embarazo.<\/p>\n\n\n\n<p class=\"wp-block-paragraph\">Se trata del D\u00eda de Acci\u00f3n Global por el Acceso a un Aborto Legal y Seguro cuyo prop\u00f3sito es evitar la muerte de muchas mujeres y riesgos de salud innecesarios y dolorosos. Dos textos, de hace ya algunos a\u00f1os, pero vigentes en sus argumentos, ayudan a tener una mejor idea del complejo problema que se enfrenta desde la esfera p\u00fablica: \u201c<em>La interrupci\u00f3n voluntaria del embarazo: reflexiones te\u00f3ricas, filos\u00f3ficas y pol\u00edticas\u201d <\/em>coordinado por Patricia Casta\u00f1eda Salgado y \u201c<em>El aborto, acciones m\u00e9dicas y estrategias sociales\u201d <\/em>de Graciela Freyermuth y Erika Troncoso.<\/p>\n\n\n\n<p class=\"wp-block-paragraph\">En el primero se re\u00fanen un conjunto de textos de connotadas feministas que destacan por su activismo pol\u00edtico en favor de la interrupci\u00f3n voluntaria de un embarazo de manera medicamente segura y socialmente legal en el marco de las pol\u00edticas p\u00fablicas centradas en los derechos de las mujeres: Marta Lamas, Consuelo Mej\u00eda, Marcela Lagarde, Graciela Hierro, Teresita de Barbieri y Gabriela Delgado, entre otras, escriben sobre este tema.<\/p>\n\n\n\n<p class=\"wp-block-paragraph\">En el segundo texto, la perspectiva contextual se inscribe en el \u00e1rea de la salud, particularmente de la salud sexual y reproductiva, con especial atenci\u00f3n en las pol\u00edticas p\u00fablicas como garantes de los derechos de las mujeres en esta \u00e1rea, en el marco de los esfuerzos para lograr una maternidad elegida, consentida y sin riesgos.<\/p>\n\n\n\n<p class=\"wp-block-paragraph\">En los dos libros se aborda la importancia que conlleva la despenalizaci\u00f3n del aborto que, como bien se\u00f1ala Patricia Casta\u00f1eda, debe \u201c<em>ser legal, social y cultural.\u201d<\/em> Por eso es tan trascedente lo sucedido este 7 de septiembre cuando la Suprema Corte de Justicia de la Naci\u00f3n se\u00f1al\u00f3 en un comunicado de prensa que \u201c<em>El d\u00eda de hoy, la Suprema Corte resolvi\u00f3 por unanimidad de diez votos que es inconstitucional criminalizar el aborto de manera absoluta, y se pronunci\u00f3 por primera vez a favor de garantizar el derecho de las mujeres y personas gestantes a decidir, sin enfrentar consecuencias penales.\u201d<\/em><\/p>\n\n\n\n<p class=\"wp-block-paragraph\">A\u00fan hay muchos retos por superar, objetivos por alcanzar y acciones de pol\u00edtica p\u00fablica por realizar, para garantizar el derecho de las mujeres a interrumpir un embarazo, llanamente porque \u00e9ste es no deseado. Pero este a\u00f1o, ya podemos reportar en el marco del D\u00eda de Acci\u00f3n Global por el Acceso a un Aborto Legal y Seguro, que en M\u00e9xico se ha logrado la despenalizaci\u00f3n del aborto y que el movimiento amplio de mujeres con las feministas al frente han ganado una larga batalla social y pol\u00edtica.<\/p>\n\n\n\n<p class=\"wp-block-paragraph\">Es cierto que hay una clara diferencia entre la despenalizaci\u00f3n y la legalizaci\u00f3n, como lo se\u00f1al\u00f3 a\u00f1os atr\u00e1s Gloria Elena Bernal; es cierto que falta mucho por hacer, pero es un hecho que en el maro jur\u00eddico-normativo se dio un paso trascendente que debemos volver irreversible. As\u00ed que, celebremos compa\u00f1eras, no minimicemos lo logrado y agradezcamos que pudimos ver la concreci\u00f3n de una meta que en muchas ocasiones pensamos que era muy lejana.<\/p>\n","protected":false},"excerpt":{"rendered":"<p> A\u00f1o con a\u00f1o y con cada vez mayor presencia, participaci\u00f3n y cobertura, las feministas conmemoramos diversas fechas<\/p>\n","protected":false},"author":3,"featured_media":38638,"comment_status":"open","ping_status":"open","sticky":false,"template":"","format":"standard","meta":{"_monsterinsights_skip_tracking":false,"footnotes":""},"categories":[692,515,35,514],"tags":[459],"class_list":["post-39919","post","type-post","status-publish","format-standard","has-post-thumbnail","category-692","category-marcela-eternod-aramburu","category-opinion","category-vida-y-lectura","tag-opinion"],"_links":{"self":[{"href":"https:\/\/redsemlac.com\/semmexico\/wp-json\/wp\/v2\/posts\/39919","targetHints":{"allow":["GET"]}}],"collection":[{"href":"https:\/\/redsemlac.com\/semmexico\/wp-json\/wp\/v2\/posts"}],"about":[{"href":"https:\/\/redsemlac.com\/semmexico\/wp-json\/wp\/v2\/types\/post"}],"author":[{"embeddable":true,"href":"https:\/\/redsemlac.com\/semmexico\/wp-json\/wp\/v2\/users\/3"}],"replies":[{"embeddable":true,"href":"https:\/\/redsemlac.com\/semmexico\/wp-json\/wp\/v2\/comments?post=39919"}],"version-history":[{"count":0,"href":"https:\/\/redsemlac.com\/semmexico\/wp-json\/wp\/v2\/posts\/39919\/revisions"}],"wp:featuredmedia":[{"embeddable":true,"href":"https:\/\/redsemlac.com\/semmexico\/wp-json\/wp\/v2\/media\/38638"}],"wp:attachment":[{"href":"https:\/\/redsemlac.com\/semmexico\/wp-json\/wp\/v2\/media?parent=39919"}],"wp:term":[{"taxonomy":"category","embeddable":true,"href":"https:\/\/redsemlac.com\/semmexico\/wp-json\/wp\/v2\/categories?post=39919"},{"taxonomy":"post_tag","embeddable":true,"href":"https:\/\/redsemlac.com\/semmexico\/wp-json\/wp\/v2\/tags?post=39919"}],"curies":[{"name":"wp","href":"https:\/\/api.w.org\/{rel}","templated":true}]}}