{"id":39905,"date":"2021-09-10T15:47:00","date_gmt":"2021-09-10T21:47:00","guid":{"rendered":"https:\/\/redsemlac.com\/semmexico\/?p=39905"},"modified":"2023-07-21T17:06:27","modified_gmt":"2023-07-21T22:06:27","slug":"relevan-a-diana-estela-arostegui-carballo-y-nombran-a-dorheny-garcia-cayetano-como-secretaria-del-trabajo","status":"publish","type":"post","link":"https:\/\/redsemlac.com\/semmexico\/relevan-a-diana-estela-arostegui-carballo-y-nombran-a-dorheny-garcia-cayetano-como-secretaria-del-trabajo\/","title":{"rendered":"Relevan a Diana Estela Ar\u00f3stegui Carballo y nombran a Dorheny Garc\u00eda Cayetano como Secretaria del Trabajo"},"content":{"rendered":"\n<p class=\"wp-block-paragraph\"><strong>Redacci\u00f3n<\/strong><\/p>\n\n\n\n<p class=\"wp-block-paragraph\">SemM\u00e9xico\/BPNoticias. Xalapa Veracruz. 10 de septiembre 2021.- La exdiputada federal Dorheny Garc\u00eda Cayetano fue presentada este jueves como Secretaria del Trabajo y Previsi\u00f3n Social en Veracruz, en sustituci\u00f3n de Diana Arostegui Carballo, quien asumir\u00e1 el encargo del Centro de Conciliaci\u00f3n Laboral que entra en funciones el pr\u00f3ximo 1 de octubre.<\/p>\n\n\n\n<p class=\"wp-block-paragraph\">As\u00ed lo dio a conocer Cuitl\u00e1huac Garc\u00eda en conferencia de prensa al argumentar que el movimiento se justifica porla modificaci\u00f3n constitucional en materia laboral y la entrada en vigor de la reforma en esta materia, que obliga a todas las entidades federativas a armonizarse en esa linea.<\/p>\n\n\n\n<p class=\"wp-block-paragraph\">Agradeci\u00f3 el trabajo realizado por Diana Arostegui y destac\u00f3 que la abogada solo estaba encargada de despacho, por lo que \u201choy presenta su renuncia porque la voy a nominar como titular del Centro de Conciliaci\u00f3n que surge a trav\u00e9s de estos cambios de manera laboral\u201d.<\/p>\n\n\n\n<p class=\"wp-block-paragraph\">El Gobernador record\u00f3 que Dorheny Garc\u00eda Cayetano, a quien lo une una gran amistad, fue exdiputada federal de la LXIV Legislatura, donde fungi\u00f3 como secretaria de la Comisi\u00f3n de Igualdad de G\u00e9nero e integr\u00f3 las comisiones de Derechos Humanos y Juventud y Diversidad Sexual.<\/p>\n\n\n\n<p class=\"wp-block-paragraph\">De acuerdo a la credenciales publicitadas por el gobierno de Veracruz la nueva titular de despacho es licenciada en Derecho y Publicidad y Relaciones P\u00fablicas por la Universidad Veracruzana, y cursa la Maestr\u00eda en Gobierno en El Colegio de Veracruz; igualmente, es consejera del partido Movimiento Regeneraci\u00f3n Nacional y fue coordinadora operativa del Distrito X Xalapa Urbano, as\u00ed como asesora en la LXIII Legislatura del Congreso de la Uni\u00f3n.<\/p>\n\n\n\n<p class=\"wp-block-paragraph\">En conferencia de prensa, la nueva integrante del gabinete de Cuitl\u00e1huac Garc\u00eda, quien busc\u00f3 una candidatura a una diputaci\u00f3n local sin obtenerla, declar\u00f3 que Veracruz est\u00e1 listo para la implementaci\u00f3n del nuevo modelo de justicia laboral; un reto que esta administraci\u00f3n ha asumido desde el inicio, luego de que procediera la Reforma Laboral y posteriores modificaciones a la Ley Federal del Trabajo.<\/p>\n","protected":false},"excerpt":{"rendered":"<p>La exdiputada federal Dorheny Garc\u00eda Cayetano fue presentada este jueves como Secretaria del Trabajo y Previsi\u00f3n Social en Veracruz, en sustituci\u00f3n de Diana Arostegui Carballo, quien asumir\u00e1 el encargo del Centro de Conciliaci\u00f3n Laboral que entra en funciones el pr\u00f3ximo 1 de octubre.<\/p>\n","protected":false},"author":3,"featured_media":39906,"comment_status":"open","ping_status":"open","sticky":false,"template":"","format":"standard","meta":{"_monsterinsights_skip_tracking":false,"footnotes":""},"categories":[692,51],"tags":[],"class_list":["post-39905","post","type-post","status-publish","format-standard","has-post-thumbnail","category-692","category-ejecutivo"],"_links":{"self":[{"href":"https:\/\/redsemlac.com\/semmexico\/wp-json\/wp\/v2\/posts\/39905","targetHints":{"allow":["GET"]}}],"collection":[{"href":"https:\/\/redsemlac.com\/semmexico\/wp-json\/wp\/v2\/posts"}],"about":[{"href":"https:\/\/redsemlac.com\/semmexico\/wp-json\/wp\/v2\/types\/post"}],"author":[{"embeddable":true,"href":"https:\/\/redsemlac.com\/semmexico\/wp-json\/wp\/v2\/users\/3"}],"replies":[{"embeddable":true,"href":"https:\/\/redsemlac.com\/semmexico\/wp-json\/wp\/v2\/comments?post=39905"}],"version-history":[{"count":0,"href":"https:\/\/redsemlac.com\/semmexico\/wp-json\/wp\/v2\/posts\/39905\/revisions"}],"wp:featuredmedia":[{"embeddable":true,"href":"https:\/\/redsemlac.com\/semmexico\/wp-json\/wp\/v2\/media\/39906"}],"wp:attachment":[{"href":"https:\/\/redsemlac.com\/semmexico\/wp-json\/wp\/v2\/media?parent=39905"}],"wp:term":[{"taxonomy":"category","embeddable":true,"href":"https:\/\/redsemlac.com\/semmexico\/wp-json\/wp\/v2\/categories?post=39905"},{"taxonomy":"post_tag","embeddable":true,"href":"https:\/\/redsemlac.com\/semmexico\/wp-json\/wp\/v2\/tags?post=39905"}],"curies":[{"name":"wp","href":"https:\/\/api.w.org\/{rel}","templated":true}]}}