{"id":39889,"date":"2021-09-10T08:52:53","date_gmt":"2021-09-10T14:52:53","guid":{"rendered":"https:\/\/redsemlac.com\/semmexico\/?p=39889"},"modified":"2023-07-21T17:06:28","modified_gmt":"2023-07-21T22:06:28","slug":"aspirantes-a-consejeras-y-consejeros-electorales-deben-cumplir-con-el-formato-3-de-3-contra-violencia-de-genero","status":"publish","type":"post","link":"https:\/\/redsemlac.com\/semmexico\/aspirantes-a-consejeras-y-consejeros-electorales-deben-cumplir-con-el-formato-3-de-3-contra-violencia-de-genero\/","title":{"rendered":"Aspirantes a consejeras y consejeros electorales deben cumplir con el formato 3 de 3 contra violencia de g\u00e9nero"},"content":{"rendered":"\n<ul class=\"wp-block-list\"><li><strong>Se elimina la restricci\u00f3n de la nacionalidad como requisito<\/strong><\/li><\/ul>\n\n\n\n<p class=\"wp-block-paragraph\"><strong>Micaela M\u00e1rquez<\/strong><\/p>\n\n\n\n<p class=\"wp-block-paragraph\">SemM\u00e9xico, Cd. de M\u00e9xico, 10 de septiembre 2021.- El Instituto Nacional Electoral (INE) incorpor\u00f3 al Reglamento para la designaci\u00f3n y remoci\u00f3n de las y los consejeros electorales locales el formato 3 de 3 contra la violencia como uno de los requisitos.&nbsp;<\/p>\n\n\n\n<p class=\"wp-block-paragraph\">Quienes aspiren a integrar los \u00f3rganos de decisi\u00f3n de los Organismos P\u00fablicos Locales (OPL) deber\u00e1n entregar el formato como parte de la documentaci\u00f3n de la convocatoria en la que participen al momento de ingresar su solicitud de registro con el objetivo de fortalecer el combate a la violencia pol\u00edtica contra las mujeres en raz\u00f3n de g\u00e9nero.<\/p>\n\n\n\n<p class=\"wp-block-paragraph\">Inicialmente este formato fue establecido para que los partidos pol\u00edticos lo incluyeran en la designaci\u00f3n de sus candidaturas al tenerse por cumplida a trav\u00e9s de la presentaci\u00f3n del escrito firmado bajo protesta de decir verdad y de buena fe por la persona aspirante.<\/p>\n\n\n\n<p class=\"wp-block-paragraph\">Con el formato se pretende acreditar que los aspirantes a un cargo de consejera o consejero de las OPL no son personas condenadas por violencia familiar y\/o dom\u00e9stica o cualquier agresi\u00f3n de g\u00e9nero en el \u00e1mbito privado o p\u00fablico; por delitos sexuales, contra la libertad sexual o la intimidad corporal; o que sea deudor alimentario moroso.<\/p>\n\n\n\n<p class=\"wp-block-paragraph\">Se consider\u00f3 necesaria su inclusi\u00f3n en los procesos de selecci\u00f3n, ingreso, reingreso, reincorporaci\u00f3n, promoci\u00f3n, ascenso y designaci\u00f3n al Servicio Profesional Electoral Nacional, as\u00ed como en la designaci\u00f3n de las y los consejeros electorales locales.<\/p>\n\n\n\n<p class=\"wp-block-paragraph\">La obligaci\u00f3n de presentar el formato por parte de las personas que aspiran a estos cargos prev\u00e9 que, entre los integrantes de los m\u00e1ximos \u00f3rganos de direcci\u00f3n de los OPL y las diversas \u00e1reas de este Instituto, se encuentren personas cuyo actuar dentro del \u00e1mbito personal garanticen los principios de imparcialidad y paridad con perspectiva de g\u00e9nero.<\/p>\n\n\n\n<p class=\"wp-block-paragraph\">Como parte de la actualizaci\u00f3n del reglamento del INE y debido a la pandemia tambi\u00e9n fue aprobado que el ensayo que elaboran los aspirantes para conocer su capacidad de construcci\u00f3n de un argumento pueda ser en l\u00ednea lo que garantiza el derecho a la salud de todos los involucrados en el proceso.<\/p>\n\n\n\n<p class=\"wp-block-paragraph\">El ajuste deja abierta la posibilidad de que esta etapa se realice bajo cualquiera de las dos modalidades y en armon\u00eda con el desarrollo de otras fases que se llevan a cabo a distancia como es el registro, examen de conocimientos y las entrevistas.<\/p>\n\n\n\n<p class=\"wp-block-paragraph\">Se elimina requisito de nacionalidad mexicana por nacimiento luego de que el Tribunal Electoral del Poder Judicial de la Federaci\u00f3n estableci\u00f3 que es una restricci\u00f3n no razonable y fuera de proporcionalidad.<\/p>\n\n\n\n<p class=\"wp-block-paragraph\">El Consejo General del Instituto consider\u00f3 que la transmisi\u00f3n en tiempo real de las entrevistas genera cierta ventaja a algunos de los aspirantes al observar las preguntas y respuestas que se formulan a quienes les anteceden, lo que les permite prever o prepararse para lo que enfrenten en esta etapa.<\/p>\n\n\n\n<p class=\"wp-block-paragraph\">Por ello, el ajuste al Reglamento establece que las entrevistas ser\u00e1n transmitidas inicialmente s\u00f3lo en el sistema interno del Instituto, y una vez concluidas todas las entrevistas, las grabaciones de \u00e9stas se difundir\u00e1n por canales abiertos del Instituto junto con la publicaci\u00f3n de las c\u00e9dulas de las personas aspirantes que resultan designadas, con su nombre, rubros acreditados y la calificaci\u00f3n que obtuvieron.<\/p>\n","protected":false},"excerpt":{"rendered":"<p>Se elimina la restricci\u00f3n de la nacionalidad como requisito<\/p>\n","protected":false},"author":3,"featured_media":39890,"comment_status":"open","ping_status":"open","sticky":false,"template":"","format":"standard","meta":{"_monsterinsights_skip_tracking":false,"footnotes":""},"categories":[692,51],"tags":[],"class_list":["post-39889","post","type-post","status-publish","format-standard","has-post-thumbnail","category-692","category-ejecutivo"],"_links":{"self":[{"href":"https:\/\/redsemlac.com\/semmexico\/wp-json\/wp\/v2\/posts\/39889","targetHints":{"allow":["GET"]}}],"collection":[{"href":"https:\/\/redsemlac.com\/semmexico\/wp-json\/wp\/v2\/posts"}],"about":[{"href":"https:\/\/redsemlac.com\/semmexico\/wp-json\/wp\/v2\/types\/post"}],"author":[{"embeddable":true,"href":"https:\/\/redsemlac.com\/semmexico\/wp-json\/wp\/v2\/users\/3"}],"replies":[{"embeddable":true,"href":"https:\/\/redsemlac.com\/semmexico\/wp-json\/wp\/v2\/comments?post=39889"}],"version-history":[{"count":0,"href":"https:\/\/redsemlac.com\/semmexico\/wp-json\/wp\/v2\/posts\/39889\/revisions"}],"wp:featuredmedia":[{"embeddable":true,"href":"https:\/\/redsemlac.com\/semmexico\/wp-json\/wp\/v2\/media\/39890"}],"wp:attachment":[{"href":"https:\/\/redsemlac.com\/semmexico\/wp-json\/wp\/v2\/media?parent=39889"}],"wp:term":[{"taxonomy":"category","embeddable":true,"href":"https:\/\/redsemlac.com\/semmexico\/wp-json\/wp\/v2\/categories?post=39889"},{"taxonomy":"post_tag","embeddable":true,"href":"https:\/\/redsemlac.com\/semmexico\/wp-json\/wp\/v2\/tags?post=39889"}],"curies":[{"name":"wp","href":"https:\/\/api.w.org\/{rel}","templated":true}]}}