{"id":39872,"date":"2021-09-09T13:40:00","date_gmt":"2021-09-09T19:40:00","guid":{"rendered":"https:\/\/redsemlac.com\/semmexico\/?p=39872"},"modified":"2023-07-21T17:06:29","modified_gmt":"2023-07-21T22:06:29","slug":"teatro-el-granero-xavier-rojas-presentara-cuatro-puestas-en-escena-escritas-y-dirigidas-por-mujeres","status":"publish","type":"post","link":"https:\/\/redsemlac.com\/semmexico\/teatro-el-granero-xavier-rojas-presentara-cuatro-puestas-en-escena-escritas-y-dirigidas-por-mujeres\/","title":{"rendered":"Teatro El Granero Xavier Rojas presentar\u00e1 cuatro puestas en escena escritas y dirigidas por mujeres"},"content":{"rendered":"\n<ul class=\"wp-block-list\"><li><strong>Resistencia 1: Estas botas est\u00e1n hechas para correr,\u00a0Resistencia 2:\u00a0Las tres muertes de Magda Cerde\u00f1a o de c\u00f3mo aprend\u00ed a amar el\u00a0Rata&amp;Tonic,\u00a0\u00a0Resistencia 3:\u00a0I Love Papi\u00a0y\u00a0Resistencia 4: Quiero ser Nadia\u00a0se escenificar\u00e1n del 9 al 12 de septiembre\u00a0<\/strong><\/li><\/ul>\n\n\n\n<p class=\"wp-block-paragraph\"><strong>Redacci\u00f3n<\/strong><\/p>\n\n\n\n<p class=\"wp-block-paragraph\">SemM\u00e9xico. Cd. de M\u00e9xico. 09 de septiembre 021.- Cuatro puestas en escena que abordan la tem\u00e1tica de la resistencia conforman el VI Ciclo de dramaturgia escrita y dirigida por mujeres, las cuales se presentar\u00e1n del 9 al 12 de septiembre en el Teatro El Granero\u00a0<em>Xavier Rojas<\/em>\u00a0del Centro Cultural del Bosque, en el marco de la campa\u00f1a\u00a0<strong>#VolverAVerte\u00a0<\/strong>de\u00a0la Secretar\u00eda de Cultura del Gobierno de M\u00e9xico y el Instituto Nacional de Bellas Artes y Literatura (INBAL), a trav\u00e9s de la Coordinaci\u00f3n Nacional de Teatro.\u00a0<\/p>\n\n\n\n<p class=\"wp-block-paragraph\">El encuentro re\u00fane a&nbsp;cuatro&nbsp;autoras mexicanas y una de origen franc\u00e9s, quienes acompa\u00f1ar\u00e1n sus procesos de creaci\u00f3n como una figura que ejerce la funci\u00f3n de&nbsp;dramaturgista.&nbsp;Carmen Ramos, coordinadora general del proyecto, coment\u00f3 que el tema de este a\u00f1o es la resistencia, \u201cporque si el encierro y la incertidumbre se manifiestan \u00faltimamente como una presencia irrevocable, entonces el arte tiene que refrendar su presencia como un juego que interrumpe el lenguaje que ordena y controla\u201d.&nbsp;<\/p>\n\n\n\n<p class=\"wp-block-paragraph\">Respecto a la din\u00e1mica de trabajo, detall\u00f3 que se enfoca en&nbsp;los procesos personales de las creadoras, en su actividad inicial que detona su creaci\u00f3n y, en conjunto, comentan sobre la manera en que acceden a un lenguaje propio y las formas tan diversas con las que juegan con la palabra para hablar de su propia resistencia.&nbsp;<\/p>\n\n\n\n<p class=\"wp-block-paragraph\">La programaci\u00f3n iniciar\u00e1 el jueves 9 de septiembre, a las 20:00 horas,con&nbsp;<em>Resistencia 1: Estas botas est\u00e1n hechas para correr<\/em>, la cualest\u00e1escrita, dirigida y actuada por Mariana Gim\u00e9nez, en la cual&nbsp;un accidente provoca un v\u00e9rtice liminal en el que la vida y la muerte se encuentran a trav\u00e9s del dolor, la paciencia, el juego, la dulce compa\u00f1\u00eda y la hospitalidad amorosa.&nbsp;Un par de botas, tres historias de infancia y un libro, que se convierte en or\u00e1culo y llave maestra para&nbsp;descifrar&nbsp;el misterio de la propia existencia, son el sustento de la obra.&nbsp;&nbsp;<\/p>\n\n\n\n<figure class=\"wp-block-gallery columns-2 is-cropped wp-block-gallery-1 is-layout-flex wp-block-gallery-is-layout-flex\"><ul class=\"blocks-gallery-grid\"><li class=\"blocks-gallery-item\"><figure><a href=\"https:\/\/redsemlac.com\/semmexico\/wp-content\/uploads\/2021\/09\/Quiero-ser-nadia-1-scaled.jpg\"><img decoding=\"async\" src=\"https:\/\/redsemlac.com\/semmexico\/wp-content\/uploads\/2021\/09\/Quiero-ser-nadia-1-823x1024.jpg\" alt=\"\" data-id=\"39874\" data-full-url=\"https:\/\/redsemlac.com\/semmexico\/wp-content\/uploads\/2021\/09\/Quiero-ser-nadia-1-scaled.jpg\" data-link=\"https:\/\/redsemlac.com\/semmexico\/?attachment_id=39874\" class=\"wp-image-39874\"\/><\/a><\/figure><\/li><li class=\"blocks-gallery-item\"><figure><a href=\"https:\/\/redsemlac.com\/semmexico\/wp-content\/uploads\/2021\/09\/AlejandraChacon_workingprogres_FotoGloriaMinauro_Isoptica_Ciclodedramaturgiaescritapormujeres-scaled.jpg\"><img decoding=\"async\" src=\"https:\/\/redsemlac.com\/semmexico\/wp-content\/uploads\/2021\/09\/AlejandraChacon_workingprogres_FotoGloriaMinauro_Isoptica_Ciclodedramaturgiaescritapormujeres-1024x706.jpg\" alt=\"\" data-id=\"39875\" data-full-url=\"https:\/\/redsemlac.com\/semmexico\/wp-content\/uploads\/2021\/09\/AlejandraChacon_workingprogres_FotoGloriaMinauro_Isoptica_Ciclodedramaturgiaescritapormujeres-scaled.jpg\" data-link=\"https:\/\/redsemlac.com\/semmexico\/?attachment_id=39875\" class=\"wp-image-39875\"\/><\/a><\/figure><\/li><\/ul><\/figure>\n\n\n\n<p class=\"wp-block-paragraph\">Posteriormente, el 10 de septiembre, en el mismo horario, se presentar\u00e1&nbsp;<em>Resistencia 2:&nbsp;Las tres muertes de Magda Cerde\u00f1a o de c\u00f3mo aprend\u00ed a amar el&nbsp;Rata&amp;Tonic<\/em>, escrita y actuada por Alejandra Chac\u00f3n, con direcci\u00f3n conjunta de Julie Pichavant. La puesta en escena narra la historia de&nbsp;una cient\u00edfica experta en ratas y exdirectora de&nbsp;<em>Raticide&nbsp;Company<\/em>, quien espera el fin del mundo en un b\u00fanker. En el encierro oscuro de su conciencia confiesa sus culpas y recuerda tambi\u00e9n el principio de ese amor roedor, mientras nos ense\u00f1a c\u00f3mo preparar un delicioso y refrescante&nbsp;Rata&amp;Tonic.&nbsp;<\/p>\n\n\n\n<p class=\"wp-block-paragraph\"><em>Resistencia 3:&nbsp;I Love Papi<\/em>&nbsp;es la tercera pieza con autor\u00eda, direcci\u00f3n e interpretaci\u00f3n de Itzhel Razo, que tendr\u00e1 funci\u00f3n el s\u00e1bado 11 de septiembre a las 19:00 horas. Una hija invoca desde el m\u00e1s all\u00e1 a su padre muerto para obtener respuestas y as\u00ed esclarecer la memoria inquieta de su pasado y transmutar la p\u00e9rdida. La idea de conectar con los muertos es para entender el pasado, el presente y el futuro.&nbsp;<\/p>\n\n\n\n<p class=\"wp-block-paragraph\">El ciclo concluir\u00e1 con&nbsp;<em>Resistencia 4: Quiero ser Nadia<\/em>, unipersonal escrito, dirigido y actuado por Valentina Sierra. Esta puesta en escena presenta&nbsp;una b\u00fasqueda personal y biogr\u00e1fica que gira en torno a un abuso infantil y todo lo que desencadenaron 30 a\u00f1os de silencio. Est\u00e1 construida por tres bloques:&nbsp;<em>La ni\u00f1a que no sonre\u00eda&nbsp;<\/em>es la b\u00fasqueda de la infancia perdida entre la presi\u00f3n de las competencias, la violencia f\u00edsica de los entrenadores y el&nbsp;autorrechazo.&nbsp;<em>La ca\u00edda de Nadia&nbsp;<\/em>rememora&nbsp;ese momento en el que el cuerpo cambia, se transforma y se aleja de la perfecci\u00f3n.&nbsp;<em>Una no es lo que quiere&nbsp;<\/em>alude al paso del tiempo y c\u00f3mo transforma el cuerpo en el enemigo. Tendr\u00e1 funci\u00f3n el domingo 12 de septiembre a las 18:00 horas.&nbsp;<\/p>\n\n\n\n<p class=\"wp-block-paragraph\">Las presentaciones tendr\u00e1n entrada gratuita y se seguir\u00e1n las medidas sanitarias que consisten en&nbsp;la instalaci\u00f3n de un filtro con tapete desinfectante, aplicaci\u00f3n de gel&nbsp;antibacterial, revisi\u00f3n de la temperatura que no rebase los 37.5\u00baC, uso obligatorio de&nbsp;cubreboca&nbsp;y&nbsp;respeto a la sana distancia.&nbsp;&nbsp;<\/p>\n","protected":false},"excerpt":{"rendered":"<p>Resistencia 1: Estas botas est\u00e1n hechas para correr,\u00a0Resistencia 2:\u00a0Las tres muertes de Magda Cerde\u00f1a o de c\u00f3mo aprend\u00ed a amar el\u00a0Rata&#038;Tonic,\u00a0\u00a0Resistencia 3:\u00a0I Love Papi\u00a0y\u00a0Resistencia 4: Quiero ser Nadia\u00a0se escenificar\u00e1n del 9 al 12 de septiembre\u00a0<\/p>\n","protected":false},"author":3,"featured_media":39873,"comment_status":"open","ping_status":"open","sticky":false,"template":"","format":"standard","meta":{"_monsterinsights_skip_tracking":false,"footnotes":""},"categories":[692,45,46],"tags":[149],"class_list":["post-39872","post","type-post","status-publish","format-standard","has-post-thumbnail","category-692","category-cultura","category-cultura-cultura","tag-mujeres"],"_links":{"self":[{"href":"https:\/\/redsemlac.com\/semmexico\/wp-json\/wp\/v2\/posts\/39872","targetHints":{"allow":["GET"]}}],"collection":[{"href":"https:\/\/redsemlac.com\/semmexico\/wp-json\/wp\/v2\/posts"}],"about":[{"href":"https:\/\/redsemlac.com\/semmexico\/wp-json\/wp\/v2\/types\/post"}],"author":[{"embeddable":true,"href":"https:\/\/redsemlac.com\/semmexico\/wp-json\/wp\/v2\/users\/3"}],"replies":[{"embeddable":true,"href":"https:\/\/redsemlac.com\/semmexico\/wp-json\/wp\/v2\/comments?post=39872"}],"version-history":[{"count":0,"href":"https:\/\/redsemlac.com\/semmexico\/wp-json\/wp\/v2\/posts\/39872\/revisions"}],"wp:featuredmedia":[{"embeddable":true,"href":"https:\/\/redsemlac.com\/semmexico\/wp-json\/wp\/v2\/media\/39873"}],"wp:attachment":[{"href":"https:\/\/redsemlac.com\/semmexico\/wp-json\/wp\/v2\/media?parent=39872"}],"wp:term":[{"taxonomy":"category","embeddable":true,"href":"https:\/\/redsemlac.com\/semmexico\/wp-json\/wp\/v2\/categories?post=39872"},{"taxonomy":"post_tag","embeddable":true,"href":"https:\/\/redsemlac.com\/semmexico\/wp-json\/wp\/v2\/tags?post=39872"}],"curies":[{"name":"wp","href":"https:\/\/api.w.org\/{rel}","templated":true}]}}