{"id":39859,"date":"2021-09-08T15:00:00","date_gmt":"2021-09-08T21:00:00","guid":{"rendered":"https:\/\/redsemlac.com\/semmexico\/?p=39859"},"modified":"2023-07-21T17:06:29","modified_gmt":"2023-07-21T22:06:29","slug":"tras-resolucion-de-la-corte-gobiernos-estatales-deben-actuar-en-consecuencia-briceno","status":"publish","type":"post","link":"https:\/\/redsemlac.com\/semmexico\/tras-resolucion-de-la-corte-gobiernos-estatales-deben-actuar-en-consecuencia-briceno\/","title":{"rendered":"Tras resoluci\u00f3n de la Corte, gobiernos estatales deben actuar en consecuencia: Brice\u00f1o"},"content":{"rendered":"\n<ul class=\"wp-block-list\"><li><strong> A\u00fan 28 estados del pa\u00eds, consideran un delito que mujeres decidan sobre sus cuerpos, Mar\u00eda Clemente<\/strong><\/li><\/ul>\n\n\n\n<ul class=\"wp-block-list\"><li><strong> \u201cEstamos en pie para seguir avanzando en los derechos y en la igualdad\u201d, Julieta Ram\u00edrez<\/strong><\/li><\/ul>\n\n\n\n<p class=\"wp-block-paragraph\"><strong>Redacci\u00f3n<\/strong><\/p>\n\n\n\n<p class=\"wp-block-paragraph\">SemM\u00e9xico, Cd.de M\u00e9xico, 8 de septiembre, 2021.- Diputadas del Grupo Parlamentario de Morena se congratularon por la resoluci\u00f3n hist\u00f3rica de la Suprema Corte de Justicia de la Naci\u00f3n al declarar la inconstitucionalidad de la penalizaci\u00f3n del aborto y salvaguardando los derechos de las mujeres, quienes no podr\u00e1n ser remitidas a proceso penal alguno por decidir sobre su cuerpo.<\/p>\n\n\n\n<p class=\"wp-block-paragraph\">Wendy Brice\u00f1o Zuloaga resalt\u00f3 que se aprob\u00f3 por unanimidad y \u201cse determin\u00f3 que violaba los derechos humanos al libre desarrollo de la personalidad, no discriminaci\u00f3n y acceso a la salud\u201d.<\/p>\n\n\n\n<p class=\"wp-block-paragraph\">Se\u00f1al\u00f3 que Ciudad de M\u00e9xico, Oaxaca, Hidalgo y Veracruz han aprobado la despenalizaci\u00f3n del aborto. Por lo que, pidi\u00f3 a los gobiernos estatales, a los congresos y jueces a actuar en consecuencia con la declaraci\u00f3n de la Corte y reformar sus c\u00f3digos.<\/p>\n\n\n\n<p class=\"wp-block-paragraph\">En este sentido, Mar\u00eda Clemente Garc\u00eda, coordinadora de Diversidad, G\u00e9nero e inclusi\u00f3n, indic\u00f3 que \u201ctodav\u00eda en 28 estados del pa\u00eds, los derechos de las mujeres para decidir sobre su propio cuerpo, est\u00e1n tipificados como delito\u201d.<\/p>\n\n\n\n<p class=\"wp-block-paragraph\">\u201cHacemos un llamado a estos 28 congresos estatales a que legislen para armonizar su marco jur\u00eddico en concordancia con la Constituci\u00f3n Pol\u00edtica de los Estados Unidos Mexicanos y en estricto apego al respeto de los derechos humanos\u201d.<\/p>\n\n\n\n<p class=\"wp-block-paragraph\">Por su parte, la diputada Julieta Ram\u00edrez agreg\u00f3 que la resoluci\u00f3n abona a que en M\u00e9xico ninguna mujer sea criminalizada por educaci\u00f3n, asuntos de pobreza, marginaci\u00f3n, falta de acceso a la salud y a la informaci\u00f3n y reiter\u00f3 que las diputadas de Morena \u201cestamos en pie de lucha para seguir avanzando en los derechos y en la igualdad entre las mujeres y los hombres\u201d.<\/p>\n\n\n\n<p class=\"wp-block-paragraph\">Al respecto, Salma Lu\u00e9vano enfatiz\u00f3 que \u201cen Morena somos congruentes, defendemos la vida y defendemos tambi\u00e9n el amor y la inclusi\u00f3n. Somos una bancada diversa e incluyente\u201d.<\/p>\n\n\n\n<p class=\"wp-block-paragraph\">Asimismo, la legisladora Andrea Ch\u00e1vez asegur\u00f3 que hay mucho que aprender en el debate que se dio en la Suprema Corte de Justicia de la Naci\u00f3n \u201cdonde se esgrimieron argumentos de mucha altura, de mucha calidad y de mucha conciencia\u201d y reiter\u00f3 que su compromiso \u201ces con la vida, con la dignidad, con la libertad y con la seguridad de las mujeres del pueblo de M\u00e9xico\u201d.<\/p>\n\n\n\n<p class=\"wp-block-paragraph\">En su turno, Lilia Aguilar, diputada del Partido del Trabajo, expres\u00f3 que la resoluci\u00f3n de la Corte permite iniciar una nueva etapa en la lucha de los derechos de las mujeres y que ahora \u201chabr\u00e1 que cambiar las mentes y sobre todo el lenguaje en muchos de estos estados\u201d.<\/p>\n\n\n\n<p class=\"wp-block-paragraph\">SEM\/sj<\/p>\n","protected":false},"excerpt":{"rendered":"<p> \u201cEstamos en pie para seguir avanzando en los derechos y en la igualdad\u201d, Julieta Ram\u00edrez<\/p>\n","protected":false},"author":3,"featured_media":39860,"comment_status":"open","ping_status":"open","sticky":false,"template":"","format":"standard","meta":{"_monsterinsights_skip_tracking":false,"footnotes":""},"categories":[692,50],"tags":[],"class_list":["post-39859","post","type-post","status-publish","format-standard","has-post-thumbnail","category-692","category-congreso"],"_links":{"self":[{"href":"https:\/\/redsemlac.com\/semmexico\/wp-json\/wp\/v2\/posts\/39859","targetHints":{"allow":["GET"]}}],"collection":[{"href":"https:\/\/redsemlac.com\/semmexico\/wp-json\/wp\/v2\/posts"}],"about":[{"href":"https:\/\/redsemlac.com\/semmexico\/wp-json\/wp\/v2\/types\/post"}],"author":[{"embeddable":true,"href":"https:\/\/redsemlac.com\/semmexico\/wp-json\/wp\/v2\/users\/3"}],"replies":[{"embeddable":true,"href":"https:\/\/redsemlac.com\/semmexico\/wp-json\/wp\/v2\/comments?post=39859"}],"version-history":[{"count":0,"href":"https:\/\/redsemlac.com\/semmexico\/wp-json\/wp\/v2\/posts\/39859\/revisions"}],"wp:featuredmedia":[{"embeddable":true,"href":"https:\/\/redsemlac.com\/semmexico\/wp-json\/wp\/v2\/media\/39860"}],"wp:attachment":[{"href":"https:\/\/redsemlac.com\/semmexico\/wp-json\/wp\/v2\/media?parent=39859"}],"wp:term":[{"taxonomy":"category","embeddable":true,"href":"https:\/\/redsemlac.com\/semmexico\/wp-json\/wp\/v2\/categories?post=39859"},{"taxonomy":"post_tag","embeddable":true,"href":"https:\/\/redsemlac.com\/semmexico\/wp-json\/wp\/v2\/tags?post=39859"}],"curies":[{"name":"wp","href":"https:\/\/api.w.org\/{rel}","templated":true}]}}