{"id":39856,"date":"2021-09-08T14:30:00","date_gmt":"2021-09-08T20:30:00","guid":{"rendered":"https:\/\/redsemlac.com\/semmexico\/?p=39856"},"modified":"2023-07-21T17:06:29","modified_gmt":"2023-07-21T22:06:29","slug":"personas-deudoras-de-pension-alimenticia-no-podran-salir-del-pais-corte","status":"publish","type":"post","link":"https:\/\/redsemlac.com\/semmexico\/personas-deudoras-de-pension-alimenticia-no-podran-salir-del-pais-corte\/","title":{"rendered":"Personas deudoras de pensi\u00f3n alimenticia no podr\u00e1n salir del pa\u00eds: Corte"},"content":{"rendered":"\n<ul class=\"wp-block-list\"><li><strong>La medida se podr\u00e1 aplicar siempre que medie una valoraci\u00f3n judicial<\/strong><\/li><\/ul>\n\n\n\n<ul class=\"wp-block-list\"><li><strong>Tres de cada cuatro hijos\/hijas de padres separados no reciben pensi\u00f3n alimenticia, dice el INEGI.<\/strong><\/li><\/ul>\n\n\n\n<p class=\"wp-block-paragraph\"><strong>Redacci\u00f3n<\/strong><\/p>\n\n\n\n<p class=\"wp-block-paragraph\">SemM\u00e9xico, Cd. de M\u00e9xico, 8 de septiembre, 2021.- Las personas deudoras alimentarias no podr\u00e1n salir del pa\u00eds, luego de que la Primera Sala de la Suprema Corte de Justicia de la Naci\u00f3n determin\u00f3 la constitucionalidad del art\u00edculo 48, fracci\u00f3n VI de la Ley de Migraci\u00f3n. Esta resoluci\u00f3n se podr\u00e1 aplicar siempre y cuando medie una debida valoraci\u00f3n judicial del caso concreto.<br><br>En su fallo, la Primera Sala resolvi\u00f3 que los alimentos, como garant\u00eda de un nivel de vida adecuado, son un derecho para los menores de edad, una responsabilidad prioritaria y obligaci\u00f3n para sus progenitores y un deber a garantizar su cumplimiento por parte del Estado, se\u00f1ala un comunicado de prensa.<br><br>En este sentido, la Sala determin\u00f3 que frente a las circunstancias del caso que involucraba el inter\u00e9s superior del menor de edad, particularmente respecto del derecho de alimentos en su \u00e1mbito del derecho a la vida digna, el grado de protecci\u00f3n del derecho a la libertad de tr\u00e1nsito puede graduarse dependiendo su dimensi\u00f3n, como ocurre en el caso concreto, exclusivamente respecto del derecho de salir del pa\u00eds temporalmente, pues la libertad de tr\u00e1nsito se sigue garantizado en sus otras dimensiones, incluyendo el trasladarse libremente en el territorio nacional y establecer su lugar de residencia.<br><br>As\u00ed, se pronunci\u00f3 sobre el par\u00e1metro de regularidad constitucional del derecho a la libertad de tr\u00e1nsito, al considerar que la libertad de salir del pa\u00eds forma parte del derecho de circulaci\u00f3n y residencia y se trata de un derecho humano protegido constitucional y convencionalmente; sin embargo, como todo derecho, puede estar sujeto a restricciones permisibles, de conformidad con los requisitos constitucionales y convencionales.<br><br>La Primera Sala concluy\u00f3 que la restricci\u00f3n dispuesta por la norma impugnada en la Ley de Migraci\u00f3n frente al derecho de alimentos de un menor de edad, cumple con los requisitos de legalidad, finalidad, idoneidad, necesidad y proporcionalidad, y para su valoraci\u00f3n debe mediar una debida fundamentaci\u00f3n y motivaci\u00f3n judicial que tome en cuenta los derechos en juego, las circunstancias particulares y las medidas m\u00e1s id\u00f3neas en el asunto concreto para el cumplimiento de la obligaci\u00f3n de pagar alimentos, y en el caso de imponerse la limitaci\u00f3n, establecer una temporalidad proporcional para su debida revisi\u00f3n.<\/p>\n\n\n\n<p class=\"wp-block-paragraph\">Seg\u00fan datos expuestos por la senadora Martha Cecilia M\u00e1rquez Alvarado, publicados en la Gaceta: LXIV\/1PPR-6\/88667, en M\u00e9xico 67.5 por ciento de las madres solteras no reciben pensi\u00f3n alimenticia.<\/p>\n\n\n\n<p class=\"wp-block-paragraph\">Tres de cada cuatro hijos\/hijas de padres separados no reciben pensi\u00f3n alimenticia (INEGI).<\/p>\n\n\n\n<p class=\"wp-block-paragraph\">En 91 por ciento de los casos, los acreedores son los hijos\/hijas.<\/p>\n\n\n\n<p class=\"wp-block-paragraph\">De acuerdo a datos del Secretariado Ejecutivo del Sistema Nacional de Seguridad P\u00fablica, en el 2016&nbsp;se registraron un total de 25 mil 624 denuncias por incumplimiento de pensi\u00f3n alimenticia.<\/p>\n\n\n\n<p class=\"wp-block-paragraph\">Las entidades con m\u00e1s denuncias fueron Sonora, estado de M\u00e9xico, Tamaulipas, Tabasco, Chihuahua, Baja California y Guanajuato.<\/p>\n\n\n\n<p class=\"wp-block-paragraph\">SEM\/sj<\/p>\n","protected":false},"excerpt":{"rendered":"<p>Tres de cada cuatro hijos\/hijas de padres separados no reciben pensi\u00f3n alimenticia, dice el INEGI.<\/p>\n","protected":false},"author":3,"featured_media":39857,"comment_status":"open","ping_status":"open","sticky":false,"template":"","format":"standard","meta":{"_monsterinsights_skip_tracking":false,"footnotes":""},"categories":[692,51],"tags":[],"class_list":["post-39856","post","type-post","status-publish","format-standard","has-post-thumbnail","category-692","category-ejecutivo"],"_links":{"self":[{"href":"https:\/\/redsemlac.com\/semmexico\/wp-json\/wp\/v2\/posts\/39856","targetHints":{"allow":["GET"]}}],"collection":[{"href":"https:\/\/redsemlac.com\/semmexico\/wp-json\/wp\/v2\/posts"}],"about":[{"href":"https:\/\/redsemlac.com\/semmexico\/wp-json\/wp\/v2\/types\/post"}],"author":[{"embeddable":true,"href":"https:\/\/redsemlac.com\/semmexico\/wp-json\/wp\/v2\/users\/3"}],"replies":[{"embeddable":true,"href":"https:\/\/redsemlac.com\/semmexico\/wp-json\/wp\/v2\/comments?post=39856"}],"version-history":[{"count":0,"href":"https:\/\/redsemlac.com\/semmexico\/wp-json\/wp\/v2\/posts\/39856\/revisions"}],"wp:featuredmedia":[{"embeddable":true,"href":"https:\/\/redsemlac.com\/semmexico\/wp-json\/wp\/v2\/media\/39857"}],"wp:attachment":[{"href":"https:\/\/redsemlac.com\/semmexico\/wp-json\/wp\/v2\/media?parent=39856"}],"wp:term":[{"taxonomy":"category","embeddable":true,"href":"https:\/\/redsemlac.com\/semmexico\/wp-json\/wp\/v2\/categories?post=39856"},{"taxonomy":"post_tag","embeddable":true,"href":"https:\/\/redsemlac.com\/semmexico\/wp-json\/wp\/v2\/tags?post=39856"}],"curies":[{"name":"wp","href":"https:\/\/api.w.org\/{rel}","templated":true}]}}