{"id":39853,"date":"2021-09-08T14:20:00","date_gmt":"2021-09-08T20:20:00","guid":{"rendered":"https:\/\/redsemlac.com\/semmexico\/?p=39853"},"modified":"2023-07-21T17:06:30","modified_gmt":"2023-07-21T22:06:30","slug":"mexico-un-pais-predominantemente-femenino-inegi","status":"publish","type":"post","link":"https:\/\/redsemlac.com\/semmexico\/mexico-un-pais-predominantemente-femenino-inegi\/","title":{"rendered":"M\u00e9xico un pa\u00eds predominantemente femenino, INEGI"},"content":{"rendered":"\n<ul class=\"wp-block-list\"><li><strong>Atlas de G\u00e9nero en Oaxaca, Guerrero y Yucat\u00e1n<\/strong><\/li><\/ul>\n\n\n\n<p class=\"wp-block-paragraph\"><strong>Elda Montiel<\/strong><\/p>\n\n\n\n<p class=\"wp-block-paragraph\">SemM\u00e9xico, Cd. de M\u00e9xico, 8 de septiembre 2021.- M\u00e9xico es un pa\u00eds predominantemente femenino con el 52 por ciento de mujeres y el 49 por ciento de hombres dijo el presidente del Instituto Nacional de Estad\u00edstica y Geograf\u00eda (INEGI), Julio Santaella Castell.<\/p>\n\n\n\n<p class=\"wp-block-paragraph\">Destac\u00f3 que el censo 2020 se realiz\u00f3 con una cobertura del 96 por ciento en 44 millones de hogares cuyo levantamiento culmino cuando se iniciaron las medidas de sana distancia por el Covid 19 en marzo del a\u00f1o pasado.&nbsp;<\/p>\n\n\n\n<p class=\"wp-block-paragraph\">En la inauguraci\u00f3n del 3er. Foro de Estad\u00edstica y Geograf\u00eda para Estados y Municipios (FEGEM): Herramientas para el Desarrollo, Rafael Cort\u00e9s G\u00f3mez, coordinador del Instituto Nacional para el Federalismo y el Desarrollo Municipal (INAFED) de la Secretaria de Gobernaci\u00f3n reconoci\u00f3 la labor del INEGI por la informaci\u00f3n que genera, por ser confiable y depurada lo que, dijo, le ha permitido ser reconocido internacionalmente.<\/p>\n\n\n\n<p class=\"wp-block-paragraph\">Se\u00f1alo que el INAFED y el INEGI han colaborado en capacitaci\u00f3n a gobiernos municipales y locales para que los tomadores de decisiones conozcan y sepan utilizar la informaci\u00f3n estad\u00edstica y geogr\u00e1fica para disponer de herramientas que les permitan elaborar diagn\u00f3sticos precisos de sus necesidades y dise\u00f1ar e implementar pol\u00edticas p\u00fablicas que posteriormente sean evaluadas en funci\u00f3n de sus resultados.<\/p>\n\n\n\n<p class=\"wp-block-paragraph\">Rafael Cort\u00e9s G\u00f3mez dijo que considera que todo gobierno municipal o local deber\u00eda contar con un especialista, mujer u hombre, en utilizar la informaci\u00f3n estad\u00edstica del INEGI. Invit\u00f3 a los 80 por ciento de nuevos funcionarios electos que est\u00e1n por tomar posesi\u00f3n de sus cargos mantener la relaci\u00f3n con el INEGI como fuente de informaci\u00f3n municipal.<\/p>\n\n\n\n<p class=\"wp-block-paragraph\">Durante el Foro que esta vez se realiza de manera virtual se abordar\u00e1n proyectos exitosos en diversas entidades del pa\u00eds, como el Atlas de G\u00e9nero que se present\u00f3 en el 2019 en Oaxaca y se replic\u00f3 en Guerrero y Yucat\u00e1n.<\/p>\n\n\n\n<p class=\"wp-block-paragraph\">Al respecto Mayra Mart\u00ednez titular de la secretaria de la Mujer en Guerrero se\u00f1al\u00f3 que es una plataforma virtual que cuenta con m\u00e1s de 150 indicadores sociodemogr\u00e1ficos divididos en 12 ejes tem\u00e1ticos como poblaci\u00f3n, educaci\u00f3n, salud, pobreza, transparencia y toma de decisiones.<\/p>\n\n\n\n<p class=\"wp-block-paragraph\">Tiene como prop\u00f3sito reunir algunos de los indicadores m\u00e1s sobresalientes, para hacer visibles las brechas de g\u00e9nero y tambi\u00e9n las diferencias adicionales derivadas de su ubicaci\u00f3n geogr\u00e1fica en las entidades federativas del territorio nacional.<\/p>\n\n\n\n<p class=\"wp-block-paragraph\">Abund\u00f3 que el Atlas de G\u00e9nero Guerrero se present\u00f3 en diciembre del 2020 es el resultado de la cooperaci\u00f3n entre los gobiernos de Guerrero y Oaxaca, el Instituto Nacional de Estad\u00edstica y Geograf\u00eda, y el Consejo Nacional de Poblaci\u00f3n.<br><\/p>\n\n\n\n<p class=\"wp-block-paragraph\">Mayra Mart\u00ednez se\u00f1al\u00f3 que es una herramienta sencilla para que las mujeres puedan accesar a ella y conocer la situaci\u00f3n del pa\u00eds con una visi\u00f3n de genero a trav\u00e9s de los indicadores de los 82 municipios validados.<\/p>\n\n\n\n<p class=\"wp-block-paragraph\">Por otra parte, en conferencia magistral el presidente del INEGI se refiri\u00f3 al Censo de Poblaci\u00f3n 2020 y explic\u00f3 que la desagregaci\u00f3n geogr\u00e1fica de la informaci\u00f3n es fundamental en el diagn\u00f3stico de necesidad y pol\u00edticas p\u00fablicas.<\/p>\n\n\n\n<p class=\"wp-block-paragraph\">El censo permite saber c\u00f3mo los m\u00e1s de 126 millones de habitantes se reparten por entidad, lo que es muy heterog\u00e9neo, si bien la edad mediana nacional es de 29 a\u00f1os, la entidad m\u00e1s joven es Chiapas que se parece a los a\u00f1os 70, y la Ciudad de M\u00e9xico es la m\u00e1s envejecida con una edad mediana de 35 a\u00f1os de edad.&nbsp; En la tercera edici\u00f3n del FEGEM, que se transmite a trav\u00e9s del canal del YouTube del INEGI, participan de manera virtual representantes de diferentes dependencias de los tres \u00f3rdenes de gobierno, legisladores, c\u00e1maras, asociaciones, universidades, empresas y dem\u00e1s sectores de la sociedad interesados en compartir sus experiencias sobre la implementaci\u00f3n y adopci\u00f3n de proyectos exitosos para fundamentar pol\u00edticas p\u00fablicas.<br><\/p>\n","protected":false},"excerpt":{"rendered":"<p>Atlas de G\u00e9nero en Oaxaca, Guerrero y Yucat\u00e1n<\/p>\n","protected":false},"author":3,"featured_media":39854,"comment_status":"open","ping_status":"open","sticky":false,"template":"","format":"standard","meta":{"_monsterinsights_skip_tracking":false,"footnotes":""},"categories":[692,51],"tags":[],"class_list":["post-39853","post","type-post","status-publish","format-standard","has-post-thumbnail","category-692","category-ejecutivo"],"_links":{"self":[{"href":"https:\/\/redsemlac.com\/semmexico\/wp-json\/wp\/v2\/posts\/39853","targetHints":{"allow":["GET"]}}],"collection":[{"href":"https:\/\/redsemlac.com\/semmexico\/wp-json\/wp\/v2\/posts"}],"about":[{"href":"https:\/\/redsemlac.com\/semmexico\/wp-json\/wp\/v2\/types\/post"}],"author":[{"embeddable":true,"href":"https:\/\/redsemlac.com\/semmexico\/wp-json\/wp\/v2\/users\/3"}],"replies":[{"embeddable":true,"href":"https:\/\/redsemlac.com\/semmexico\/wp-json\/wp\/v2\/comments?post=39853"}],"version-history":[{"count":0,"href":"https:\/\/redsemlac.com\/semmexico\/wp-json\/wp\/v2\/posts\/39853\/revisions"}],"wp:featuredmedia":[{"embeddable":true,"href":"https:\/\/redsemlac.com\/semmexico\/wp-json\/wp\/v2\/media\/39854"}],"wp:attachment":[{"href":"https:\/\/redsemlac.com\/semmexico\/wp-json\/wp\/v2\/media?parent=39853"}],"wp:term":[{"taxonomy":"category","embeddable":true,"href":"https:\/\/redsemlac.com\/semmexico\/wp-json\/wp\/v2\/categories?post=39853"},{"taxonomy":"post_tag","embeddable":true,"href":"https:\/\/redsemlac.com\/semmexico\/wp-json\/wp\/v2\/tags?post=39853"}],"curies":[{"name":"wp","href":"https:\/\/api.w.org\/{rel}","templated":true}]}}