{"id":39850,"date":"2021-09-08T13:47:00","date_gmt":"2021-09-08T19:47:00","guid":{"rendered":"https:\/\/redsemlac.com\/semmexico\/?p=39850"},"modified":"2023-07-21T17:06:30","modified_gmt":"2023-07-21T22:06:30","slug":"cobra-fuerza-la-demanda-de-legalizacion-del-aborto-en-durango-tras-decision-de-la-suprema-corte-de-justicia","status":"publish","type":"post","link":"https:\/\/redsemlac.com\/semmexico\/cobra-fuerza-la-demanda-de-legalizacion-del-aborto-en-durango-tras-decision-de-la-suprema-corte-de-justicia\/","title":{"rendered":"Cobra fuerza la demanda de legalizaci\u00f3n del aborto en Durango, tras decisi\u00f3n de la Suprema Corte de Justicia"},"content":{"rendered":"\n<ul class=\"wp-block-list\"><li><strong>Petici\u00f3n en change.org con 10 mil 700 firmas, al 7 de septiembre<\/strong><\/li><li><strong>Que act\u00fae el congreso local demandan colectivas y sociedad civil<\/strong><\/li><\/ul>\n\n\n\n<p class=\"wp-block-paragraph\"><strong>Elda Montiel<\/strong><\/p>\n\n\n\n<p class=\"wp-block-paragraph\">SemM\u00e9xico, Cd. de M\u00e9xico, 8 de septiembre 2021.- Con la declaraci\u00f3n hist\u00f3rica de inconstitucionalidad a la penalizaci\u00f3n del aborto en el estado de Coahuila por la Suprema Corte de Justicia de la Naci\u00f3n (SCJN) cobr\u00f3 m\u00e1s fuerza la petici\u00f3n al gobierno de Durango para no criminalizar el aborto por la sociedad civil firmante, asociaciones y colectivas.<\/p>\n\n\n\n<p class=\"wp-block-paragraph\">La petici\u00f3n se lanz\u00f3 en los \u00faltimos d\u00edas de agosto con m\u00e1s de 10 mil 700 firmas al 7 de septiembre cuando se actualizo la petici\u00f3n en la plataforma change.org que considera relevante esta declaraci\u00f3n que abre el canal de oportunidad para poder acercar m\u00e1s la posibilidad de lograr lo mismo en Durango.<\/p>\n\n\n\n<p class=\"wp-block-paragraph\">Con las consignas de <strong>\u00a1<\/strong><strong>Ante la inacci\u00f3n, resistencia! \u00a1Ante la represi\u00f3n, revoluci\u00f3n! las colectivas feministas y sociedad civil firmante f<\/strong>elicitan al estado de Coahuila por este logro en materia de derechos. &nbsp;<\/p>\n\n\n\n<p class=\"wp-block-paragraph\">En la petici\u00f3n replican la declaraci\u00f3n: \u201cPropone declarar inconstitucional el tipo penal que sanciona a la mujer que voluntariamente interrumpe su embarazo, porque atenta contra el derecho de las mujeres a decidir su vida reproductiva y repercute, de forma especialmente grave en aquellas que sufren condiciones de desigualdad, precariedad y marginaci\u00f3n\u201d. &nbsp;<\/p>\n\n\n\n<p class=\"wp-block-paragraph\">Tras calificar de desinter\u00e9s por parte de las y los legisladores a esta petici\u00f3n de la sociedad demandan sacar de la <strong>congeladora el tema de la despenalizaci\u00f3n del aborto en todas sus causales.<\/strong><\/p>\n\n\n\n<p class=\"wp-block-paragraph\">Que saquen de la congeladora el tema de la despenalizaci\u00f3n y acceso integral al aborto para las mujeres gestantes.<\/p>\n\n\n\n<p class=\"wp-block-paragraph\"><strong>Solicitan se redoblen los esfuerzos para la concientizaci\u00f3n sobre la anticoncepci\u00f3n,y se garantice el acceso a m\u00e9todos de este tipo para todos los estratos de la sociedad, sin que los trabajadores de la salud impidan que cualquier mujer pueda acceder a m\u00e9todos de anticoncepci\u00f3n y planificaci\u00f3n familiar.<\/strong><\/p>\n\n\n\n<p class=\"wp-block-paragraph\">Expresan su preocupaci\u00f3n por que este derecho constituye una deuda del Estado y un asunto de salud p\u00fablica que debe ser abordado con la misma fuerza con la que se aborda cualquier otro derecho reproductivo de las mujeres\u00a0y personas gestantes en esta sociedad.<\/p>\n\n\n\n<p class=\"wp-block-paragraph\"><strong>Piden que se haga mayor\u00a0\u00e9nfasis en las pol\u00edticas p\u00fablicas que han vuelto letra muerta las normativas federales que dan este derecho vital.<\/strong><\/p>\n\n\n\n<p class=\"wp-block-paragraph\">Exigimos se respete de una vez por todas que el Estado cumpla con su concepci\u00f3n laica, y se elimine de una vez por todas cualquier intromisi\u00f3n por parte de la Iglesia.\u00a0<\/p>\n\n\n\n<p class=\"wp-block-paragraph\">Ante cualquier negativa, cualquier comportamiento y acto condescendiente o ante cualquier represi\u00f3n de cualquier acto que tenga que ver con esta justa petici\u00f3n, haremos lo pertinente y no quitaremos el dedo del rengl\u00f3n hasta que esta problem\u00e1tica que nos afecta directamente sea por fin solucionada a nuestro favor.<\/p>\n","protected":false},"excerpt":{"rendered":"<p>Petici\u00f3n en change.org con 10 mil 700 firmas, al 7 de septiembre<\/p>\n","protected":false},"author":3,"featured_media":39851,"comment_status":"open","ping_status":"open","sticky":false,"template":"","format":"standard","meta":{"_monsterinsights_skip_tracking":false,"footnotes":""},"categories":[692,54],"tags":[149],"class_list":["post-39850","post","type-post","status-publish","format-standard","has-post-thumbnail","category-692","category-mujeres","tag-mujeres"],"_links":{"self":[{"href":"https:\/\/redsemlac.com\/semmexico\/wp-json\/wp\/v2\/posts\/39850","targetHints":{"allow":["GET"]}}],"collection":[{"href":"https:\/\/redsemlac.com\/semmexico\/wp-json\/wp\/v2\/posts"}],"about":[{"href":"https:\/\/redsemlac.com\/semmexico\/wp-json\/wp\/v2\/types\/post"}],"author":[{"embeddable":true,"href":"https:\/\/redsemlac.com\/semmexico\/wp-json\/wp\/v2\/users\/3"}],"replies":[{"embeddable":true,"href":"https:\/\/redsemlac.com\/semmexico\/wp-json\/wp\/v2\/comments?post=39850"}],"version-history":[{"count":0,"href":"https:\/\/redsemlac.com\/semmexico\/wp-json\/wp\/v2\/posts\/39850\/revisions"}],"wp:featuredmedia":[{"embeddable":true,"href":"https:\/\/redsemlac.com\/semmexico\/wp-json\/wp\/v2\/media\/39851"}],"wp:attachment":[{"href":"https:\/\/redsemlac.com\/semmexico\/wp-json\/wp\/v2\/media?parent=39850"}],"wp:term":[{"taxonomy":"category","embeddable":true,"href":"https:\/\/redsemlac.com\/semmexico\/wp-json\/wp\/v2\/categories?post=39850"},{"taxonomy":"post_tag","embeddable":true,"href":"https:\/\/redsemlac.com\/semmexico\/wp-json\/wp\/v2\/tags?post=39850"}],"curies":[{"name":"wp","href":"https:\/\/api.w.org\/{rel}","templated":true}]}}