{"id":39847,"date":"2021-09-08T13:20:00","date_gmt":"2021-09-08T19:20:00","guid":{"rendered":"https:\/\/redsemlac.com\/semmexico\/?p=39847"},"modified":"2023-07-21T17:06:30","modified_gmt":"2023-07-21T22:06:30","slug":"farida-nekzad-necesitamos-que-europa-nos-ayude-a-sacar-a-las-mujeres-periodistas-de-afganistan","status":"publish","type":"post","link":"https:\/\/redsemlac.com\/semmexico\/farida-nekzad-necesitamos-que-europa-nos-ayude-a-sacar-a-las-mujeres-periodistas-de-afganistan\/","title":{"rendered":"Farida Nekzad: \u201cNecesitamos que Europa nos ayude a sacar a las mujeres periodistas de Afganist\u00e1n\u201d"},"content":{"rendered":"\n<ul class=\"wp-block-list\"><li><strong>Teresa Carreras, coordinadora de Gamag Europa, con la traducci\u00f3n de Laura Medina, habla con la veterana y galardonada periodista afgana, Farida Nekzad.<\/strong><\/li><\/ul>\n\n\n\n<ul class=\"wp-block-list\"><li><strong>Cofundadora de la agencia de noticias afgana Pjhwok Afghan News y directora del Centro para la Protecci\u00f3n de las Periodistas Afganas (CPAWJ) \u00fanica organizaci\u00f3n de Afganist\u00e1n.<\/strong><\/li><\/ul>\n\n\n\n<p class=\"wp-block-paragraph\">SemM\u00e9xico\/AmecoPress, Barcelona, 8 de septiembre, 2021.-&nbsp;En la conversaci\u00f3n, mantenida por WhatsApp tras su salida de Afganist\u00e1n, durante las esperas en el aeropuerto de Doha y su llegada a Toronto, ciudad en la que se encuentra en esto momentos, Farida Nekzad nos cuenta la grave situaci\u00f3n en la que se encuentran las periodistas en su pa\u00eds y la cruda lucha que tienen por delante para conquistar de nuevo la libertad de prensa que han perdido y defender los derechos de las mujeres periodistas de su pa\u00eds, todo ello destruido con la toma del poder por parte de los Talibanes.<\/p>\n\n\n\n<p class=\"wp-block-paragraph\">Farida, que ha tenido que salir como muchas otras colegas de su pa\u00eds ante el riesgo que corr\u00edan si permanec\u00eda all\u00ed, nos cuenta como muchas periodistas no han tenido su suerte y se encuentran en estos momentos en una situaci\u00f3n de grave peligro \u201cLas periodistas est\u00e1n realmente preocupadas porque las est\u00e1n buscando\u201d, nos dice y apunta: \u201cNecesitamos que Europa nos ayude a sacar a las periodistas de Afganist\u00e1n. Aunque s\u00e9 que es realmente dif\u00edcil y a medida que pasan los d\u00edas, todav\u00eda m\u00e1s. Europa siempre ha sido solidaria con los afganos y las afganas. Esperamos vuestra ayuda\u201d.<\/p>\n\n\n\n<p class=\"wp-block-paragraph\">En el momento de la publicaci\u00f3n de esta entrevista, se ha anunciado que la Asociaci\u00f3n de Anunciantes Suecos ha concedido a Farida Nekzad el Premio a la Libertad de Expresi\u00f3n y de Prensa 2021, por su defensa de estos valores y su valor en la lucha por los derechos de las periodistas afganas.<\/p>\n\n\n\n<figure class=\"wp-block-image\"><a href=\"https:\/\/amecopress.net\/IMG\/jpg\/foto_de_archivo_de_reunion_junta_directiva_del_center_for_the_protection_of_afghan_women_cpawj_de_la_que_farida_es_directora_foto_cedida.jpg\"><img decoding=\"async\" src=\"https:\/\/amecopress.net\/local\/cache-vignettes\/L750xH501\/foto_de_archivo_de_reunion_junta_directiva_del_center_for_the_protection_of_afghan_women_cpawj_de_la_que_farida_es_directora_foto_cedida-1060e.jpg\" alt=\"JPEG\"\/><\/a><\/figure>\n\n\n\n<p class=\"wp-block-paragraph\"><strong>Farida, \u00bfc\u00f3mo se encuentra?<\/strong><\/p>\n\n\n\n<p class=\"wp-block-paragraph\">Estoy agotada y necesito descansar. Estoy muy triste, lloro mucho cuando hablo con alguna de mis compa\u00f1eras que se han quedado all\u00ed. Los talibanes cerraron nuestra oficina y todos los trabajadores de la ONG tuvieron que irse a su casa. Nuestra organizaci\u00f3n (CPAWJ) era la \u00fanica destinada a defender los derechos de las mujeres periodistas afganas y los talibanes no quieren que haya ninguna mujer en los medios.<br>Tuve que irme porque estaba realmente en peligro. En mi vuelo de evacuaci\u00f3n viajaban m\u00e1s de una decena de periodistas de medios locales y nacionales. Ustedes tienen que ayudarnos desde fuera a presionar a la comunidad internacional para que podamos evacuar a las que quedan dentro del pa\u00eds porqu\u00e9 corren peligro extremo. Por problemas de seguridad del aeropuerto no las pudimos sacar de manera segura. Muchas quedaron atrapadas tras la retirada de EEUU el 30 de agosto y todav\u00eda est\u00e1n esperando.<\/p>\n\n\n\n<p class=\"wp-block-paragraph\"><strong>\u00bfSabe aproximadamente cuantas periodistas han quedado en el interior del pa\u00eds?<\/strong><\/p>\n\n\n\n<p class=\"wp-block-paragraph\">Imposible tener cifras concretas. He o\u00eddo que Le Monde dice que quedan menos de cien. Creo que hay un grupo de unas treinta mujeres periodistas que esperan en el aeropuerto y otras tienen ya permiso de diferentes organismos internacionales. Precisar cifras en estos momentos es muy dif\u00edcil.<\/p>\n\n\n\n<h3 class=\"wp-block-heading\">Las periodistas est\u00e1n realmente preocupadas porque las est\u00e1n buscando. Los talibanes tienen una lista completa, incluso de las que trabajan como activistas y las van a buscar casa por casa.<\/h3>\n\n\n\n<p class=\"wp-block-paragraph\"><strong>\u00bfHa habido muchas represalias contra las mujeres periodistas?<\/strong><\/p>\n\n\n\n<p class=\"wp-block-paragraph\">Por desgracia, las mujeres periodistas de m\u00e1s alto nivel han marchado todas porque han visto que corr\u00edan un peligro extremo. Ellas durante su vida profesional estos a\u00f1os han escrito mucho sobre los talibanes y las violaciones de derechos que han producido. Muchas de ellas han escrito reportajes de investigaci\u00f3n que muestra la idiosincrasia de los talibanes. Muchas mujeres periodistas los han descrito realmente como criminales que no se comportan como seres humanos.<\/p>\n\n\n\n<p class=\"wp-block-paragraph\">Ahora est\u00e1n liderando el pa\u00eds y dicen que van a formar gobierno. Las mujeres periodistas est\u00e1n realmente preocupadas porque las est\u00e1n buscando. Los talibanes tienen una lista completa, incluso de las que trabajan como activistas y las van a buscar casa por casa. No s\u00e9 qu\u00e9 pasar\u00e1 con las que encuentren porqu\u00e9 sabemos que muchas mujeres periodistas que siguen desapareciendo. As\u00ed que este es un gran problema, una gran preocupaci\u00f3n que prueba que los talibanes nunca cambiar\u00e1n y pueden tener cualquier reacci\u00f3n contra las mujeres periodistas en cualquier momento.<\/p>\n\n\n\n<figure class=\"wp-block-image\"><a href=\"https:\/\/amecopress.net\/IMG\/jpg\/una_periodista_comparte_las_amenazas_y_violencia_sufrida_en_la_oficina_del_cpawj__foto_cedida.jpg\"><img decoding=\"async\" src=\"https:\/\/amecopress.net\/local\/cache-vignettes\/L750xH566\/una_periodista_comparte_las_amenazas_y_violencia_sufrida_en_la_oficina_del_cpawj__foto_cedida-0004c.jpg\" alt=\"JPEG\"\/><\/a><\/figure>\n\n\n\n<p class=\"wp-block-paragraph\"><strong>\u00bfQu\u00e9 otras posibilidades de salir de Afganist\u00e1n tienen?<\/strong><\/p>\n\n\n\n<p class=\"wp-block-paragraph\">La situaci\u00f3n es muy dif\u00edcil para ellas. Muchas no tienen acceso al aeropuerto que es la \u00fanica v\u00eda a\u00e9rea. Para las que viajan a otra provincia o a otros pa\u00edses como Pakist\u00e1n, en autob\u00fas o por carretera, es muy arriesgado. No hay garant\u00eda de lo que suceder\u00e1 en el camino con los talibanes o con ISIS. ISIS est\u00e1 activo y AL Qaeda tambi\u00e9n lo est\u00e1 y los talibanes quieren detenerlos. Lo que deber\u00edan hacer los europeos es facilitar viajes seguros a un segundo pa\u00eds o desde Kabul acompa\u00f1ar a otros lugares para tomar los vuelos.<\/p>\n\n\n\n<h3 class=\"wp-block-heading\">\u201cRecibo a diario muchos mensajes de compa\u00f1eras que est\u00e1n llorando porqu\u00e9 est\u00e1n amenazadas. Es una pesadilla. No puedo dormir\u201d<\/h3>\n\n\n\n<p class=\"wp-block-paragraph\"><strong>\u00bfTiene contacto con alguna de las compa\u00f1eras que se ha quedado en el pa\u00eds?<\/strong><\/p>\n\n\n\n<p class=\"wp-block-paragraph\">Recibo a diario muchos mensajes de compa\u00f1eras que est\u00e1n llorando porqu\u00e9 est\u00e1n amenazadas. Es una pesadilla. No puedo dormir. Puedes creerme Teresa he viajado m\u00e1s de dos d\u00edas y dos noches en este segundo tramo del viaje de la salida del pa\u00eds. Ahora que hemos llegado al Canad\u00e1 ya tengo comunicaciones de mujeres en el interior que piden que las ayudemos a salir. No puedo dormir bien, no he comido nada, todos mis pensamientos est\u00e1n con ellas.<\/p>\n\n\n\n<p class=\"wp-block-paragraph\">Si desde GAMAG Europa ustedes pueden ayudar, a trav\u00e9s de las organizaciones y sindicatos de periodistas internacionales presionando a la Comunidad Internacional, lo agradeceremos. Necesitamos que Europa nos ayude a sacar a las mujeres periodistas de Afganist\u00e1n. Aunque s\u00e9 que es realmente dif\u00edcil y a medida que pasan los d\u00edas, todav\u00eda m\u00e1s. Europa siempre ha sido solidaria con los afganos y las afganas. Esperamos vuestra ayuda.<\/p>\n\n\n\n<p class=\"wp-block-paragraph\">Foto: archivo AmecoPress, cedidas por Farida Nekzad.<br>\u2014 &#8211;<br>Pie de foto: 1) Farida Nekzad; 2) Foto de archivo de reuni\u00f3n junta directiva del Center for the Protection of Afghan Women CPAWJ de la que Farida es directora; 3) Una periodista comparte las amenazas y violencia sufrida en la oficina del CPAWJ<\/p>\n\n\n\n<p class=\"wp-block-paragraph\"><\/p>\n","protected":false},"excerpt":{"rendered":"<p>Teresa Carreras, coordinadora de Gamag Europa, con la traducci\u00f3n de Laura Medina, habla con la veterana y galardonada periodista afgana, Farida Nekzad.<\/p>\n","protected":false},"author":3,"featured_media":39848,"comment_status":"open","ping_status":"open","sticky":false,"template":"","format":"standard","meta":{"_monsterinsights_skip_tracking":false,"footnotes":""},"categories":[692,53],"tags":[],"class_list":["post-39847","post","type-post","status-publish","format-standard","has-post-thumbnail","category-692","category-internacional"],"_links":{"self":[{"href":"https:\/\/redsemlac.com\/semmexico\/wp-json\/wp\/v2\/posts\/39847","targetHints":{"allow":["GET"]}}],"collection":[{"href":"https:\/\/redsemlac.com\/semmexico\/wp-json\/wp\/v2\/posts"}],"about":[{"href":"https:\/\/redsemlac.com\/semmexico\/wp-json\/wp\/v2\/types\/post"}],"author":[{"embeddable":true,"href":"https:\/\/redsemlac.com\/semmexico\/wp-json\/wp\/v2\/users\/3"}],"replies":[{"embeddable":true,"href":"https:\/\/redsemlac.com\/semmexico\/wp-json\/wp\/v2\/comments?post=39847"}],"version-history":[{"count":0,"href":"https:\/\/redsemlac.com\/semmexico\/wp-json\/wp\/v2\/posts\/39847\/revisions"}],"wp:featuredmedia":[{"embeddable":true,"href":"https:\/\/redsemlac.com\/semmexico\/wp-json\/wp\/v2\/media\/39848"}],"wp:attachment":[{"href":"https:\/\/redsemlac.com\/semmexico\/wp-json\/wp\/v2\/media?parent=39847"}],"wp:term":[{"taxonomy":"category","embeddable":true,"href":"https:\/\/redsemlac.com\/semmexico\/wp-json\/wp\/v2\/categories?post=39847"},{"taxonomy":"post_tag","embeddable":true,"href":"https:\/\/redsemlac.com\/semmexico\/wp-json\/wp\/v2\/tags?post=39847"}],"curies":[{"name":"wp","href":"https:\/\/api.w.org\/{rel}","templated":true}]}}