{"id":39845,"date":"2021-09-08T12:41:00","date_gmt":"2021-09-08T18:41:00","guid":{"rendered":"https:\/\/redsemlac.com\/semmexico\/?p=39845"},"modified":"2023-07-21T17:06:30","modified_gmt":"2023-07-21T22:06:30","slug":"desde-la-mano-izquierda-mujeres-en-mexico-ante-el-despojo-de-sus-derechos","status":"publish","type":"post","link":"https:\/\/redsemlac.com\/semmexico\/desde-la-mano-izquierda-mujeres-en-mexico-ante-el-despojo-de-sus-derechos\/","title":{"rendered":"Desde la mano izquierda| Mujeres en M\u00e9xico, ante el despojo de sus derechos"},"content":{"rendered":"\n<p class=\"wp-block-paragraph\"><strong>Claudia Almaguer<\/strong><\/p>\n\n\n\n<p class=\"wp-block-paragraph\">SemM\u00e9xico. San Luis Potos\u00ed. 08 de septiembre 2021.- Este 3 de septiembre se dio a conocer la posibilidad de varios cambios en la Secretar\u00eda de Gobernaci\u00f3n, que de llevarse a cabo implicar\u00edan un profundo debilitamiento e incluso la erradicaci\u00f3n definitiva de la pol\u00edtica que en M\u00e9xico est\u00e1 enfocada a la igualdad sustantiva y el derecho a vivir una vida libre de violencia de las mujeres, un retroceso grave de cara a las obligaciones del pa\u00eds en instrumentos internacionales de derechos humanos.<\/p>\n\n\n\n<p class=\"wp-block-paragraph\">De acuerdo a la informaci\u00f3n expuesta en la columna de la periodista Martha Anaya para El Heraldo de M\u00e9xico, se afectar\u00eda a la Comisi\u00f3n Nacional para Prevenir y Erradicar la Violencia contra las Mujeres (CONAVIM), que ser\u00eda absorbido por el Instituto Nacional de las Mujeres y a este, que perder\u00eda su autonom\u00eda para incorporarse a Gobernaci\u00f3n. Concentr\u00e9monos en estos dos que afectan la transparencia, independencia y calidad de lo que el gobierno debe por ley hacer por las mujeres.<\/p>\n\n\n\n<p class=\"wp-block-paragraph\">Vamos a ver, el <strong>Instituto Nacional de las Mujeres es por s\u00ed mismo una respuesta de M\u00e9xico<\/strong> al cumplimiento de la <strong>Convenci\u00f3n para la Eliminaci\u00f3n de todas las Formas de Discriminaci\u00f3n contra la Mujer (CEDAW) de 1979.<\/strong><\/p>\n\n\n\n<p class=\"wp-block-paragraph\">Nuestro pa\u00eds ratific\u00f3 este instrumento de la ONU en 1981, en \u00e9l indica que <strong>la discriminaci\u00f3n contra la mujer es toda exclusi\u00f3n o restricci\u00f3n basada en el sexo que tiene por objeto o resultado menoscabar o anular el reconocimiento, goce o ejercicio por la mujer<\/strong>, de los derechos humanos y las libertades fundamentales en las esferas pol\u00edtica, econ\u00f3mica, social, cultural y civil etc., pero adem\u00e1s que los Estados tienen la obligaci\u00f3n de establecer la protecci\u00f3n jur\u00eddica de los derechos de la mujer sobre una base de igualdad con los del hombre y garantizar, por conducto de los tribunales nacionales competentes y de otras instituciones p\u00fablicas, la protecci\u00f3n efectiva de la mujer contra todo acto de discriminaci\u00f3n.<\/p>\n\n\n\n<p class=\"wp-block-paragraph\">Esta Convenci\u00f3n tiene un Comit\u00e9 que supervisa su cumplimiento por parte de los pa\u00edses que la han firmado, mediante informes que se llevan a cabo cada cierto tiempo. En ese contexto para el a\u00f1o 2002, M\u00e9xico present\u00f3 su quinto informe peri\u00f3dico y su representante plante\u00f3 en ese momento que al cabo de 20 a\u00f1os transcurridos se hab\u00eda prohibido la discriminaci\u00f3n a nivel constitucional y se hab\u00eda creado el Instituto Nacional de las Mujeres para fomentar la igualdad y erradicar la violencia.<\/p>\n\n\n\n<p class=\"wp-block-paragraph\">De este modo desde el decreto de creaci\u00f3n, el <strong>INMUJERES <\/strong>surgi\u00f3 como un organismo p\u00fablico descentralizado de la administraci\u00f3n p\u00fablica federal con personalidad jur\u00eddica, patrimonio propio y <strong>autonom\u00eda t\u00e9cnica y de gesti\u00f3n<\/strong> para sus fines, entre otros, la promoci\u00f3n, protecci\u00f3n y difusi\u00f3n de los derechos de las mujeres y las ni\u00f1as consagrados en la Constituci\u00f3n, la evaluaci\u00f3n de pol\u00edticas p\u00fablicas, destinadas a la igualdad de oportunidades, la incorporaci\u00f3n de perspectiva de g\u00e9nero en la planeaci\u00f3n nacional del desarrollo, programaci\u00f3n y presupuesto de egresos de la federaci\u00f3n.<\/p>\n\n\n\n<p class=\"wp-block-paragraph\">Cuando en 2007 se cre\u00f3 la Ley General de Acceso de las Mujeres a una Vida Libre de Violencia el INMUJERES se estableci\u00f3 como el responsable de fungir como Secretar\u00eda Ejecutiva del Sistema Nacional para Prevenir, Atender, Sancionar y Erradicar la Violencia en convergencia con la CONAVIM que surgi\u00f3 hasta 2009 por decreto presidencial para asumir las atribuciones jur\u00eddicas de la Secretar\u00eda de Gobernaci\u00f3n en este tema, que se significa sin ir m\u00e1s lejos en todas las Alertas de Violencia de G\u00e9nero contra las Mujeres que han sido declaradas en el pa\u00eds.&nbsp;<\/p>\n\n\n\n<p class=\"wp-block-paragraph\">Ya en 2018, las expertas del Comit\u00e9 de la CEDAW manifestaron su preocupaci\u00f3n por las limitaciones del INMUJERES para trabajar por el adelanto de las mujeres, inclusive en ese momento cuando el recurso del anexo 13 s\u00ed se otorgaba. Debido a ello recomend\u00f3 al Estado Mexicano aumentar sus recursos humanos, t\u00e9cnicos y financieros, fortalecer su capacidad de promover y controlar la aplicaci\u00f3n de pol\u00edticas para la igualdad reforzando su papel en el marco legal y adoptar en general, metodolog\u00edas para la elaboraci\u00f3n de presupuestos que hicieran efectivos los derechos de las mujeres.<\/p>\n\n\n\n<p class=\"wp-block-paragraph\"><strong>\u00bfQu\u00e9 le va a responder el Estado Mexicano al Comit\u00e9 de la CEDAW?<\/strong><\/p>\n\n\n\n<p class=\"wp-block-paragraph\">Ni toda la ret\u00f3rica de la \u201cpol\u00edtica exterior feminista\u201d va a callar al movimiento que s\u00ed lo es, ni a la denuncia internacional que podr\u00eda llevar a M\u00e9xico a la exhibici\u00f3n p\u00fablica de un gobierno mis\u00f3gino y retr\u00f3grado que en aras de una supuesta austeridad est\u00e1 dispuesto a que se siga asesinando a las mujeres dentro de su territorio, total que en la invisibilidad pol\u00edtica \u00bfQui\u00e9n se dar\u00eda cuenta?<\/p>\n\n\n\n<p class=\"wp-block-paragraph\">En un gobierno garante de derechos humanos propio de este siglo, este tipo de decisiones sencillamente no caben, no solo debido a las leyes que les dan objeto y facultades, <strong>sino por la carencia moral que se demuestra aqu\u00ed, como quien borra d\u00e9cadas de desigualdad y pobreza de las mujeres, de violencia feminicida impune<\/strong> por la cual llevamos contando a miles de v\u00edctimas a quienes no se les ha hecho justicia.<\/p>\n\n\n\n<p class=\"wp-block-paragraph\">Ahora, somos 65 millones de mujeres. A m\u00e1s ver.<\/p>\n","protected":false},"excerpt":{"rendered":"<p>\u00bfQu\u00e9 le va a responder el Estado Mexicano al Comit\u00e9 de la CEDAW?<\/p>\n","protected":false},"author":3,"featured_media":30045,"comment_status":"open","ping_status":"open","sticky":false,"template":"","format":"standard","meta":{"_monsterinsights_skip_tracking":false,"footnotes":""},"categories":[692,131,35],"tags":[459],"class_list":["post-39845","post","type-post","status-publish","format-standard","has-post-thumbnail","category-692","category-claudia-almaguer","category-opinion","tag-opinion"],"_links":{"self":[{"href":"https:\/\/redsemlac.com\/semmexico\/wp-json\/wp\/v2\/posts\/39845","targetHints":{"allow":["GET"]}}],"collection":[{"href":"https:\/\/redsemlac.com\/semmexico\/wp-json\/wp\/v2\/posts"}],"about":[{"href":"https:\/\/redsemlac.com\/semmexico\/wp-json\/wp\/v2\/types\/post"}],"author":[{"embeddable":true,"href":"https:\/\/redsemlac.com\/semmexico\/wp-json\/wp\/v2\/users\/3"}],"replies":[{"embeddable":true,"href":"https:\/\/redsemlac.com\/semmexico\/wp-json\/wp\/v2\/comments?post=39845"}],"version-history":[{"count":0,"href":"https:\/\/redsemlac.com\/semmexico\/wp-json\/wp\/v2\/posts\/39845\/revisions"}],"wp:featuredmedia":[{"embeddable":true,"href":"https:\/\/redsemlac.com\/semmexico\/wp-json\/wp\/v2\/media\/30045"}],"wp:attachment":[{"href":"https:\/\/redsemlac.com\/semmexico\/wp-json\/wp\/v2\/media?parent=39845"}],"wp:term":[{"taxonomy":"category","embeddable":true,"href":"https:\/\/redsemlac.com\/semmexico\/wp-json\/wp\/v2\/categories?post=39845"},{"taxonomy":"post_tag","embeddable":true,"href":"https:\/\/redsemlac.com\/semmexico\/wp-json\/wp\/v2\/tags?post=39845"}],"curies":[{"name":"wp","href":"https:\/\/api.w.org\/{rel}","templated":true}]}}