{"id":39815,"date":"2021-09-07T16:12:47","date_gmt":"2021-09-07T22:12:47","guid":{"rendered":"https:\/\/redsemlac.com\/semmexico\/?p=39815"},"modified":"2023-07-21T17:06:31","modified_gmt":"2023-07-21T22:06:31","slug":"la-corte-mexicana-se-vistio-de-verde-consorcio-oaxaca","status":"publish","type":"post","link":"https:\/\/redsemlac.com\/semmexico\/la-corte-mexicana-se-vistio-de-verde-consorcio-oaxaca\/","title":{"rendered":"La Corte mexicana se visti\u00f3 de verde: Consorcio Oaxaca"},"content":{"rendered":"\n<ul class=\"wp-block-list\"><li><strong>Las leyes son un reflejo del avance de la sociedad y nos han devuelto la raz\u00f3n hist\u00f3rica: somos due\u00f1os de nuestros cuerpos: Ana Mar\u00eda Hern\u00e1ndez<\/strong><\/li><\/ul>\n\n\n\n<ul class=\"wp-block-list\"><li><strong> Se fija un precedente fundamental que trasciende a todas las mexicanas: Hilda P\u00e9rez Luis<\/strong><\/li><\/ul>\n\n\n\n<p class=\"wp-block-paragraph\"><strong>Soledad Jarqu\u00edn Edgar<\/strong><\/p>\n\n\n\n<p class=\"wp-block-paragraph\">SemM\u00e9xico, Oaxaca, 7 de septiembre, 2021.- La Suprema Corte de Justicia de la Naci\u00f3n se viste de verde, dice con tono alegre Ana Mar\u00eda Hern\u00e1ndez C\u00e1rdenas luego de conocer la determinaci\u00f3n de despenalizar el aborto en Coahuila con lo que tambi\u00e9n fij\u00f3 una jurisprudencia que obligar\u00eda al resto de los estados a reconocer como inconstitucional las disposiciones legales que criminalizan al aborto.<\/p>\n\n\n\n<p class=\"wp-block-paragraph\">A su vez, la diputada Hilda Luis, apunta que es un gran paso para las mexicanas.<\/p>\n\n\n\n<p class=\"wp-block-paragraph\">Ana Mar\u00eda Hern\u00e1ndez C\u00e1rdenas, feminista de larga trayectoria y actual directora de Consorcio para el Di\u00e1logo Parlamentario y la Equidad Oaxaca se\u00f1ala que las leyes son un relejo de la sociedad y este es un momento hist\u00f3rico para las mexicanas.<\/p>\n\n\n\n<p class=\"wp-block-paragraph\">Es un hecho hist\u00f3rico que nos devuelve a las mujeres la raz\u00f3n hist\u00f3rica de que somos due\u00f1as de nuestra vida, de nuestro proyecto de vida, de nuestra sexualidad, que tenemos el derecho absoluto de gobernarnos y ninguna autoridad podr\u00eda criminalizar a las mujeres.<\/p>\n\n\n\n<p class=\"wp-block-paragraph\">La determinaci\u00f3n de la Corte, agrega en entrevista para SemM\u00e9xico, resume una historia larga de lucha a favor de ese derecho que nos hab\u00edan sido arrebatado y muestra que la mexicana es una sociedad plural que avanza progresivamente a favor de los derechos de las mujeres y las autoridades tienen que entender.<\/p>\n\n\n\n<p class=\"wp-block-paragraph\">Hern\u00e1ndez C\u00e1rdenas plantea que habr\u00e1 obst\u00e1culos y voces contrarias, sin embargo, explica que cualquier intento de conculcar los derechos de las mujeres -intentos de la ultraderecha- ya no tendr\u00e1n efecto ante la contundencia absoluta y la raz\u00f3n jur\u00eddica que da la Corte.<\/p>\n\n\n\n<p class=\"wp-block-paragraph\">Toca a las mujeres ejercer nuestros derechos, sin miedo ni verg\u00fcenza. Como dice la consigna feminista: la sociedad respeta y el Estado garantiza, dice.<\/p>\n\n\n\n<p class=\"wp-block-paragraph\">Record\u00f3 que el acceso al aborto ha estado atravesado por la desigualdad y la discriminaci\u00f3n, porque las m\u00e1s afectadas han sido las mujeres pobres, al ser ellas que m\u00e1s se han arriesgado a abortos clandestinos, con repercusiones en su salud. De ah\u00ed la importancia de la determinaci\u00f3n de hoy en la Corte.<\/p>\n\n\n\n<p class=\"wp-block-paragraph\">Ahora los servicios de salud p\u00fablica van a tener que cumplir con ese derecho de las mujeres y eso significa una transformaci\u00f3n profunda, que d\u00e9 lugar a sentirnos seguras para evitar muertes o discapacidades por abortos inseguros.<\/p>\n\n\n\n<p class=\"wp-block-paragraph\">Septiembre se visti\u00f3 de verde nuevamente, dice Hern\u00e1ndez C\u00e1rdenas al recordar que fue en este mismo mes, pero en 2019, cuando se despenaliz\u00f3 el aborto hasta la 12 semana en Oaxaca.<\/p>\n\n\n\n<p class=\"wp-block-paragraph\">\u201cEstoy feliz por las mujeres j\u00f3venes, por las feministas, por la Marea Verde que camina por toda la Am\u00e9rica Latina, en M\u00e9xico ya tenemos derecho a decidir sobre nuestros cuerpos\u201d.<\/p>\n\n\n\n<p class=\"wp-block-paragraph\"><strong>Oaxaca el parteaguas<\/strong><\/p>\n\n\n\n<p class=\"wp-block-paragraph\">Por su parte, la diputada de Morena Hilda Luis, quien junto con otras diputadas y organizaciones feministas oaxaque\u00f1as impulsaron el derecho al aborto hasta la semana doce calific\u00f3 de hist\u00f3rica la determinaci\u00f3n de la Corte mexicana, que da respuesta a a\u00f1os de lucha de las mujeres.<\/p>\n\n\n\n<p class=\"wp-block-paragraph\">Sostuvo que, en 2019, Oaxaca fue un parteaguas que llev\u00f3 a veces con \u00e9xito y otras no a demandar el derecho a la interrupci\u00f3n legal del embarazo, con \u00e9xito en Hidalgo y Veracruz y ahora en la Suprema Corte de Justicia de la Naci\u00f3n donde se fija un precedente fundamental que trasciende a todas las mexicanas.<\/p>\n\n\n\n<p class=\"wp-block-paragraph\">Abrimos brecha, dice segura la diputada, quien apunt\u00f3 que sin duda la despenalizaci\u00f3n del aborto en Oaxaca fue la acci\u00f3n legislativa m\u00e1s importante ejecutada a favor de las mujeres de la entidad en la LXIV legislatura que concluir\u00e1 en breve.<\/p>\n\n\n\n<p class=\"wp-block-paragraph\">SEM\/sj<\/p>\n","protected":false},"excerpt":{"rendered":"<p>La Suprema Corte de Justicia de la Naci\u00f3n se viste de verde, dice con tono alegre Ana Mar\u00eda Hern\u00e1ndez C\u00e1rdenas luego de conocer la determinaci\u00f3n de despenalizar el aborto en Coahuila<\/p>\n","protected":false},"author":3,"featured_media":39816,"comment_status":"open","ping_status":"open","sticky":false,"template":"","format":"standard","meta":{"_monsterinsights_skip_tracking":false,"footnotes":""},"categories":[692,54],"tags":[149,146],"class_list":["post-39815","post","type-post","status-publish","format-standard","has-post-thumbnail","category-692","category-mujeres","tag-mujeres","tag-oaxaca"],"_links":{"self":[{"href":"https:\/\/redsemlac.com\/semmexico\/wp-json\/wp\/v2\/posts\/39815","targetHints":{"allow":["GET"]}}],"collection":[{"href":"https:\/\/redsemlac.com\/semmexico\/wp-json\/wp\/v2\/posts"}],"about":[{"href":"https:\/\/redsemlac.com\/semmexico\/wp-json\/wp\/v2\/types\/post"}],"author":[{"embeddable":true,"href":"https:\/\/redsemlac.com\/semmexico\/wp-json\/wp\/v2\/users\/3"}],"replies":[{"embeddable":true,"href":"https:\/\/redsemlac.com\/semmexico\/wp-json\/wp\/v2\/comments?post=39815"}],"version-history":[{"count":0,"href":"https:\/\/redsemlac.com\/semmexico\/wp-json\/wp\/v2\/posts\/39815\/revisions"}],"wp:featuredmedia":[{"embeddable":true,"href":"https:\/\/redsemlac.com\/semmexico\/wp-json\/wp\/v2\/media\/39816"}],"wp:attachment":[{"href":"https:\/\/redsemlac.com\/semmexico\/wp-json\/wp\/v2\/media?parent=39815"}],"wp:term":[{"taxonomy":"category","embeddable":true,"href":"https:\/\/redsemlac.com\/semmexico\/wp-json\/wp\/v2\/categories?post=39815"},{"taxonomy":"post_tag","embeddable":true,"href":"https:\/\/redsemlac.com\/semmexico\/wp-json\/wp\/v2\/tags?post=39815"}],"curies":[{"name":"wp","href":"https:\/\/api.w.org\/{rel}","templated":true}]}}